{"id":327606,"date":"2026-08-19T10:57:16","date_gmt":"2026-08-19T10:57:16","guid":{"rendered":"https:\/\/www.europesays.com\/no\/327606\/"},"modified":"2026-08-19T10:57:16","modified_gmt":"2026-08-19T10:57:16","slug":"dodsbrannen-i-hamar-brannarsak-ukjent","status":"publish","type":"post","link":"https:\/\/www.europesays.com\/no\/327606\/","title":{"rendered":"D\u00f8dsbrannen i Hamar: Brann\u00e5rsak ukjent"},"content":{"rendered":"\n<p class=\"_lead_145nj_2 _lead_6fko5_53 layout-component text-serif-m layout-normal text-serif-l layout-component layout-wide layout-padded _wide_17hqh_1 layout-padded\">Fire unge kvinner mistet livet i brannen for snart et \u00e5r siden. N\u00e5 er saken henlagt, opplyser politiet.<\/p>\n<p><img alt=\" Foto: Hallgeir V\u00e5genes \/ VG\" class=\"_image_jw3bv_65 layout-component layout-wide\" data-fullscreen- data-track-element-type=\"Article image fullscreen\" data-track-name=\"ImageFullscreen\" fetchpriority=\"high\" decoding=\"sync\" loading=\"eager\" height=\"4000\" itemprop=\"image\"  src=\"https:\/\/www.europesays.com\/no\/wp-content\/uploads\/2026\/08\/a0d0e364-fa7b-3a96-ae2c-a52fae04b355.jpeg\"  style=\"object-position:0% 0%\" width=\"6000\"\/> Foto: Hallgeir V\u00e5genes \/ VG<\/p>\n<ul aria-hidden=\"true\" class=\"_images_ntbth_112\">\n<li><a class=\"_link_ntbth_117\" href=\"https:\/\/www.vg.no\/forfatter\/lone-lohne\" style=\"z-index:2\" title=\"Lone Lohne\" rel=\"nofollow noopener\" target=\"_blank\"><img alt=\"Bilde av Lone Lohne\" class=\"_image_ntbth_93\" fetchpriority=\"low\" loading=\"lazy\" decoding=\"async\" itemprop=\"image\"  src=\"https:\/\/www.europesays.com\/no\/wp-content\/uploads\/2026\/08\/67d47bdb-8b3d-4c13-81e3-55e3416c6184.jpeg\"  width=\"480\"\/><\/a><\/li>\n<li><a class=\"_link_ntbth_117\" href=\"https:\/\/www.vg.no\/forfatter\/joergen-eriksen\" style=\"z-index:1\" title=\"J\u00f8rgen Eriksen\" rel=\"nofollow noopener\" target=\"_blank\"><img alt=\"Bilde av J\u00f8rgen Eriksen\" class=\"_image_ntbth_93\" fetchpriority=\"low\" loading=\"lazy\" decoding=\"async\" itemprop=\"image\"  src=\"https:\/\/www.europesays.com\/no\/wp-content\/uploads\/2026\/08\/1787137035_363_6f7a5aab-1edb-37ee-9929-25a87b75825a.jpeg\"  width=\"480\"\/><\/a><\/li>\n<\/ul>\n<p> Oppdatert onsdag 19. august kl. 12:47     <\/p>\n<p class=\"_paragraph_145nj_4 _paragraph_6fko5_10 layout-component text-serif-m layout-normal text-serif-m layout-padded\">Etter \u00e5 ha etterforsket brannen i snart ett \u00e5r, konkluderer politiet og f\u00f8rstestatsadvokat Jo Christian Jordet ved S\u00f8r statsadvokatembetet med henleggelse.<\/p>\n<p class=\"_paragraph_145nj_4 _paragraph_6fko5_10 layout-component text-serif-m layout-normal text-serif-m layout-padded\">\u00abPolitiet har gjennomf\u00f8rt en bredt anlagt og grundig etterforskning, hvor flere hypoteser, herunder at brannen er p\u00e5satt, er fulgt opp. Etterforskningen har konkludert med at brann\u00e5rsaken er ukjent\u00bb, skriver politiet i en pressemelding onsdag. <\/p>\n<p class=\"_paragraph_145nj_4 _paragraph_6fko5_10 layout-component text-serif-m layout-normal text-serif-m layout-padded\">De presiserer at det ikke er grunnlag for \u00e5 konkludere med at det har skjedd noe straffbart. <\/p>\n<p>Fire unge kvinner mistet livet<\/p>\n<p class=\"_paragraph_145nj_4 _paragraph_6fko5_10 layout-component text-serif-m layout-normal text-serif-m layout-padded\">Tidlig <a href=\"https:\/\/www.vg.no\/nyheter\/i\/Ey6yza\/husbrann-med-spredning\" data-track-element-type=\"Link\" data-track-id=\"link:Ey6yza\" class=\"_link_145nj_39\" rel=\"nofollow noopener\" target=\"_blank\">mandag morgen 8. september 2025<\/a> br\u00f8t det ut brann i en bolig p\u00e5 Holset i Hamar. N\u00f8detatene ble varslet klokken 05.06, og huset var da overtent.<\/p>\n<p class=\"_paragraph_145nj_4 _paragraph_6fko5_10 layout-component text-serif-m layout-normal text-serif-m layout-padded\">Fire unge kvinner ble funnet omkommet: <a href=\"https:\/\/www.vg.no\/nyheter\/i\/rPorbl\/ida-19-astrid-18-ester-19-og-ariane-18-doede-i-brannen-i-hamar\" data-track-element-type=\"Link\" data-track-id=\"link:rPorbl\" class=\"_link_145nj_39\" rel=\"nofollow noopener\" target=\"_blank\">Ariane Haga (18), Astrid St\u00f8e Valla (18), Ester Moe Lj\u00f8dal (19) og Ida B\u00e6k Nordland (19).<\/a><\/p>\n<p><img alt=\"\u00d8verst fra venstre: Ariane Haga (18), Astrid St\u00f8e Valla (18), Ester Moe Lj\u00f8dal (19) og Ida B\u00e6k Nordland (19).  Foto: Privat \/ Privat\" class=\"_image_jw3bv_65 layout-component layout-normal\" data-fullscreen- data-track-element-type=\"Article image fullscreen\" data-track-name=\"ImageFullscreen\" decoding=\"async\" loading=\"lazy\" height=\"1061\" itemprop=\"image\"  src=\"https:\/\/www.europesays.com\/no\/wp-content\/uploads\/2026\/08\/e71f9a1a-2775-3a1b-a340-427d13ac637f.jpeg\"  style=\"object-position:0% 0%\" width=\"1080\"\/>\u00d8verst fra venstre: Ariane Haga (18), Astrid St\u00f8e Valla (18), Ester Moe Lj\u00f8dal (19) og Ida B\u00e6k Nordland (19).  Foto: Privat \/ Privat<\/p>\n<p class=\"_paragraph_145nj_4 _paragraph_6fko5_10 layout-component text-serif-m layout-normal text-serif-m layout-padded\">De var samlet i boligen kvelden og natten f\u00f8r brannen. Andre personer var ogs\u00e5 innom tidligere p\u00e5 kvelden og er avh\u00f8rt av politiet.<\/p>\n<p>Tror den startet p\u00e5 verandaen<\/p>\n<p class=\"_paragraph_145nj_4 _paragraph_6fko5_10 layout-component text-serif-m layout-normal text-serif-m layout-padded\">Innlandet politidistriktet opplyser at de har prioritert etterforskningen av brannen h\u00f8yt og har hatt<br \/>bistand fra Kripos. <\/p>\n<p class=\"_paragraph_145nj_4 _paragraph_6fko5_10 layout-component text-serif-m layout-normal text-serif-m layout-padded\">\u2013 Politiet har ikke funnet brann\u00e5rsaken, men de kriminaltekniske unders\u00f8kelsene tyder p\u00e5 at brannen startet utend\u00f8rs p\u00e5 verandaen, opplyser politiadvokat Marit Kjelsberg i pressemeldingen.<\/p>\n<p class=\"_paragraph_145nj_4 _paragraph_6fko5_10 layout-component text-serif-m layout-normal text-serif-m layout-padded\">Det er unders\u00f8kt om brannen skyldes en elektrisk feil, og det er gjort unders\u00f8kelser knyttet til flere elektriske komponenter som var i n\u00e6rheten av det politiet antar er arnestedet, opplyser politiet. <\/p>\n<p>Komplisert \u00e5sted<\/p>\n<p class=\"_paragraph_145nj_4 _paragraph_6fko5_10 layout-component text-serif-m layout-normal text-serif-m layout-padded\">\u2013 Brannskadene p\u00e5 det elektriske er s\u00e5 store at det er umulig \u00e5 si om det var noen av disse som startet brannen, sier Kjelsberg. <\/p>\n<p class=\"_paragraph_145nj_4 _paragraph_6fko5_10 layout-component text-serif-m layout-normal text-serif-m layout-padded\">Bilder og video fra den sosiale sammenkomsten kvinnene hadde denne kvelden, viser at det var tent levende lys p\u00e5 verandaen. <\/p>\n<p class=\"_paragraph_145nj_4 _paragraph_6fko5_10 layout-component text-serif-m layout-normal text-serif-m layout-padded\">De kriminaltekniske unders\u00f8kelsene gir ingen holdepunkter for at lysene har startet brannen, if\u00f8lge politiet. <\/p>\n<p><img alt=\"Foto: Espen Sj\u00f8lingstad Hoen \/ VG\" class=\"_image_jw3bv_65 layout-component layout-normal\" data-fullscreen- data-track-element-type=\"Article image fullscreen\" data-track-name=\"ImageFullscreen\" decoding=\"async\" loading=\"lazy\" height=\"5464\" itemprop=\"image\"  src=\"https:\/\/www.europesays.com\/no\/wp-content\/uploads\/2026\/08\/f7450cb6-61c7-34cb-975c-66fa91d7d0b6.jpeg\"  style=\"object-position:0% 0%\" width=\"8192\"\/>Foto: Espen Sj\u00f8lingstad Hoen \/ VG<\/p>\n<p class=\"_paragraph_145nj_4 _paragraph_6fko5_10 layout-component text-serif-m layout-normal text-serif-m layout-padded\">Politiet ble ogs\u00e5 kjent med at det var en gassgrill og en gassflaske i n\u00e6rheten av arnestedet, men det er ingen opplysninger om at det ble grillet den kvelden. <\/p>\n<p class=\"_paragraph_145nj_4 _paragraph_6fko5_10 layout-component text-serif-m layout-normal text-serif-m layout-padded\">\u2013 Det er ingen opplysninger om at det har v\u00e6rt noe feil med hverken grillen eller gassflasken. Gassgrillen er unders\u00f8kt av Kripos, sier Kjelsberg. <\/p>\n<p class=\"_paragraph_145nj_4 _paragraph_6fko5_10 layout-component text-serif-m layout-normal text-serif-m layout-padded\">Politiet er ogs\u00e5 kjent med at det har g\u00e5tt rykter om at en elsparkesykkel skal ha st\u00e5tt p\u00e5 lading p\u00e5 eiendommen. <\/p>\n<p class=\"_paragraph_145nj_4 _paragraph_6fko5_10 layout-component text-serif-m layout-normal text-serif-m layout-padded\">Det kan politiet avkrefte.<\/p>\n<p><img alt=\"Foto: Hallgeir V\u00e5genes \/ VG\" class=\"_image_jw3bv_65 layout-component layout-normal\" data-fullscreen- data-track-element-type=\"Article image fullscreen\" data-track-name=\"ImageFullscreen\" decoding=\"async\" loading=\"lazy\" height=\"4000\" itemprop=\"image\"  src=\"https:\/\/www.europesays.com\/no\/wp-content\/uploads\/2026\/08\/dae6dda0-accc-38af-a8e4-50219fa6a61d.jpeg\"  style=\"object-position:0% 0%\" width=\"6000\"\/>Foto: Hallgeir V\u00e5genes \/ VGIngen mistanke om p\u00e5settelse   <\/p>\n<p class=\"_paragraph_145nj_4 _paragraph_6fko5_10 layout-component text-serif-m layout-normal text-serif-m layout-padded\">Kripos\u2019 brannhund har ikke p\u00e5vist funn av brennbar v\u00e6ske, og det er ingen mistanke om at brannen ble p\u00e5satt, if\u00f8lge Kjelsberg.<\/p>\n<p class=\"_paragraph_145nj_4 _paragraph_6fko5_10 layout-component text-serif-m layout-normal text-serif-m layout-padded\">\u2013 Brannen fikk et sv\u00e6rt tragisk utfall, og politiet har prioritert etterforskningen av denne brannen h\u00f8yt. Det har v\u00e6rt viktig for oss \u00e5 fors\u00f8ke \u00e5 gi p\u00e5r\u00f8rende s\u00e5 mange svar som overhode mulig. Vi har dessverre ikke klart \u00e5 finne brann\u00e5rsaken, men vi har fors\u00f8kt \u00e5 ivareta p\u00e5r\u00f8rende underveis ved \u00e5 gi dem innsikt i hva politiet har jobbet med og hvilke svar vi har f\u00e5tt og ikke f\u00e5tt, sier hun.<\/p>\n<p class=\"_paragraph_145nj_4 _paragraph_6fko5_10 layout-component text-serif-m layout-normal text-serif-m layout-padded\">Politiet har heller ingen holdepunkter for at den sosiale samlingen tidligere p\u00e5 kvelden, eller at de personene som var til stede, hadde noe med brannen \u00e5 gj\u00f8re.<\/p>\n<p>Avsluttet i oktober<\/p>\n<p class=\"_paragraph_145nj_4 _paragraph_6fko5_10 layout-component text-serif-m layout-normal text-serif-m layout-padded\">Politiet har brukt nesten et \u00e5r p\u00e5 \u00e5 ferdigstille etterforskningen.<\/p>\n<p class=\"_paragraph_145nj_4 _paragraph_6fko5_10 layout-component text-serif-m layout-normal text-serif-m layout-padded\">I oktober 2025 opplyste politiet at de kriminaltekniske unders\u00f8kelsene var avsluttet, og at det ikke var mistanke om noe kriminelt forhold. <\/p>\n<p class=\"_paragraph_145nj_4 _paragraph_6fko5_10 layout-component text-serif-m layout-normal text-serif-m layout-padded\">I april 2026 ble det kjent at politiets rapporter var ferdigstilt, og at vurderingen om mulig utend\u00f8rs brannstart ble opprettholdt.<\/p>\n","protected":false},"excerpt":{"rendered":"Fire unge kvinner mistet livet i brannen for snart et \u00e5r siden. N\u00e5 er saken henlagt, opplyser politiet.&hellip;\n","protected":false},"author":2,"featured_media":327607,"comment_status":"","ping_status":"","sticky":false,"template":"","format":"standard","meta":{"footnotes":"","_share_on_mastodon":"0"},"categories":[10],"tags":[20,21,4794,24,25,1552,15,813,22,23,13,30,28,29,14,16,26,27],"class_list":["post-327606","post","type-post","status-publish","format-standard","has-post-thumbnail","category-norge","tag-breaking-news","tag-breakingnews","tag-dodsbrannen-i-hamar","tag-featured-news","tag-featurednews","tag-hamar","tag-headlines","tag-innlandet","tag-latest-news","tag-latestnews","tag-news","tag-no","tag-norge","tag-norway","tag-nyheter","tag-overskrifter","tag-top-stories","tag-topstories"],"share_on_mastodon":{"url":"https:\/\/pubeurope.com\/@no\/117121820508821395","error":""},"_links":{"self":[{"href":"https:\/\/www.europesays.com\/no\/wp-json\/wp\/v2\/posts\/327606","targetHints":{"allow":["GET"]}}],"collection":[{"href":"https:\/\/www.europesays.com\/no\/wp-json\/wp\/v2\/posts"}],"about":[{"href":"https:\/\/www.europesays.com\/no\/wp-json\/wp\/v2\/types\/post"}],"author":[{"embeddable":true,"href":"https:\/\/www.europesays.com\/no\/wp-json\/wp\/v2\/users\/2"}],"replies":[{"embeddable":true,"href":"https:\/\/www.europesays.com\/no\/wp-json\/wp\/v2\/comments?post=327606"}],"version-history":[{"count":0,"href":"https:\/\/www.europesays.com\/no\/wp-json\/wp\/v2\/posts\/327606\/revisions"}],"wp:featuredmedia":[{"embeddable":true,"href":"https:\/\/www.europesays.com\/no\/wp-json\/wp\/v2\/media\/327607"}],"wp:attachment":[{"href":"https:\/\/www.europesays.com\/no\/wp-json\/wp\/v2\/media?parent=327606"}],"wp:term":[{"taxonomy":"category","embeddable":true,"href":"https:\/\/www.europesays.com\/no\/wp-json\/wp\/v2\/categories?post=327606"},{"taxonomy":"post_tag","embeddable":true,"href":"https:\/\/www.europesays.com\/no\/wp-json\/wp\/v2\/tags?post=327606"}],"curies":[{"name":"wp","href":"https:\/\/api.w.org\/{rel}","templated":true}]}}