{"id":327764,"date":"2026-08-19T13:52:14","date_gmt":"2026-08-19T13:52:14","guid":{"rendered":"https:\/\/www.europesays.com\/no\/327764\/"},"modified":"2026-08-19T13:52:14","modified_gmt":"2026-08-19T13:52:14","slug":"meslingutbrudd-pa-svensk-festival-vokser-21-smittet","status":"publish","type":"post","link":"https:\/\/www.europesays.com\/no\/327764\/","title":{"rendered":"Meslingutbrudd p\u00e5 svensk festival vokser \u2013 21 smittet"},"content":{"rendered":"\n<p class=\"_lead_145nj_2 _lead_6fko5_53 layout-component text-serif-m layout-normal text-serif-l layout-component layout-wide layout-padded _wide_17hqh_1 layout-padded\">21 personer er n\u00e5 bekreftet smittet med meslinger etter festivalen Urkult i Nord-Sverige i begynnelsen av august. Flertallet er barn.<\/p>\n<p><img alt=\"FHI kan ikke utelukke norsk smitte. Foto: Jan Langhaug \/ NTB\" class=\"_image_jw3bv_65 layout-component layout-wide\" data-fullscreen- data-track-element-type=\"Article image fullscreen\" data-track-name=\"ImageFullscreen\" fetchpriority=\"high\" decoding=\"sync\" loading=\"eager\" height=\"2000\" itemprop=\"image\"  src=\"https:\/\/www.europesays.com\/no\/wp-content\/uploads\/2026\/08\/4fb1e0c3-2959-3e2f-b0cb-5fcb1c5097d5.jpeg\"  style=\"object-position:0% 0%\" width=\"3000\"\/>FHI kan ikke utelukke norsk smitte. Foto: Jan Langhaug \/ NTB<\/p>\n<ul aria-hidden=\"true\" class=\"_images_ntbth_112\">\n<li><a class=\"_link_ntbth_117\" href=\"https:\/\/www.vg.no\/forfatter\/ntb\" style=\"z-index:1\" title=\"NTB\" rel=\"nofollow noopener\" target=\"_blank\"><img alt=\"Bilde av NTB\" class=\"_image_ntbth_93\" fetchpriority=\"low\" loading=\"lazy\" decoding=\"async\" itemprop=\"image\"  src=\"https:\/\/www.europesays.com\/no\/wp-content\/uploads\/2026\/08\/1787147534_724_c33980b0-5d07-4027-84a1-813f90a7c8d6.jpeg\"  width=\"480\"\/><\/a><\/li>\n<\/ul>\n<p> Oppdatert onsdag 19. august kl. 15:47    <\/p>\n<ul class=\"_list_145nj_3 _list_64s2r_85 _unordered_145nj_106 text-sans-m\">\n<li class=\"_item_145nj_30\">21 personer har f\u00e5tt meslinger etter festivalen Urkult i Nord-Sverige i august.<\/li>\n<li class=\"_item_145nj_30\">Flertallet av de smittede er barn.<\/li>\n<li class=\"_item_145nj_30\">FHI bekrefter at det ikke er rapportert noen norske tilfeller, men kan ikke utelukke smitte i Norge.<\/li>\n<li class=\"_item_145nj_30\">FHI anbefaler uvaksinerte \u00e5 v\u00e6re oppmerksomme p\u00e5 symptomer og \u00e5 ta vaksine.<\/li>\n<\/ul>\n<p>Vis mer <\/p>\n<p class=\"_paragraph_145nj_4 _paragraph_6fko5_10 layout-component text-serif-m layout-normal text-serif-m layout-padded\">Folkehelseinstituttet (FHI) opplyser til VG at de er varslet om utbruddet av svenske folkehelsemyndigheter.<\/p>\n<p class=\"_paragraph_145nj_4 _paragraph_6fko5_10 layout-component text-serif-m layout-normal text-serif-m layout-padded\">\u2013 Vi har ikke f\u00e5tt rapportert om noen norske tilfeller, sier Tone Bruun, overlege ved FHI.<\/p>\n<p class=\"_paragraph_145nj_4 _paragraph_6fko5_10 layout-component text-serif-m layout-normal text-serif-m layout-padded\">Hun understreker samtidig at det ikke kan utelukkes at nordmenn er smittet.<\/p>\n<p class=\"_paragraph_145nj_4 _paragraph_6fko5_10 layout-component text-serif-m layout-normal text-serif-m layout-padded\">\u2013 Meslinger er en veldig smittsom sykdom, s\u00e5 vi kan jo ikke utelukke at noen norske er smittet. Vi oppfordrer spesielt de som er uvaksinerte selv eller har barn som er uvaksinerte, om \u00e5 v\u00e6re oppmerksomme p\u00e5 symptomer.<\/p>\n<p>V\u00e6rt i kontakt<\/p>\n<p class=\"_paragraph_145nj_4 _paragraph_6fko5_10 layout-component text-serif-m layout-normal text-serif-m layout-padded\">FHI har v\u00e6rt i kontakt med svenske helsemyndigheter for \u00e5 forsikre seg om at norske deltagere p\u00e5 festivalen har f\u00e5tt relevant informasjon.<\/p>\n<p class=\"_paragraph_145nj_4 _paragraph_6fko5_10 layout-component text-serif-m layout-normal text-serif-m layout-padded\">Alle deltagerne, ogs\u00e5 de norske, har f\u00e5tt beskjed om \u00e5 kontakte lokal helsetjeneste p\u00e5 telefon dersom de f\u00e5r typiske symptomer.<\/p>\n<p class=\"_paragraph_145nj_4 _paragraph_6fko5_10 layout-component text-serif-m layout-normal text-serif-m layout-padded\">\u2013 Det er et poeng \u00e5 f\u00f8rst ta kontakt per telefon, slik at man unng\u00e5r \u00e5 smitte andre, for eksempel p\u00e5 venterommet hos legen, sier Bruun.<\/p>\n<p class=\"_paragraph_145nj_4 _paragraph_6fko5_10 layout-component text-serif-m layout-normal text-serif-m layout-padded\">Folkh\u00e4lsomyndigheten opplyste onsdag at antallet bekreftede tilfeller har \u00f8kt med ti siden dagen f\u00f8r.<\/p>\n<p class=\"_paragraph_145nj_4 _paragraph_6fko5_10 layout-component text-serif-m layout-normal text-serif-m layout-padded\">Urkult, som beskrives som en folke- og verdensmusikkfestival, foregikk mellom 30. juli og 2. august i V\u00e4sternorrland. De rapporterte meslingtilfellene finnes imidlertid i hele <a href=\"https:\/\/www.vg.no\/tag\/sverige?utm_source=vg-article&amp;utm_medium=auto-tagger&amp;utm_campaign=M7a0lr\" class=\"_link_145nj_39\" rel=\"nofollow noopener\" target=\"_blank\">Sverige<\/a>.<\/p>\n<p>Minner om vaksinasjon<\/p>\n<p class=\"_paragraph_145nj_4 _paragraph_6fko5_10 layout-component text-serif-m layout-normal text-serif-m layout-padded\">De fleste smittede er barn under 18 \u00e5r, og majoriteten er uvaksinerte.<\/p>\n<p class=\"_paragraph_145nj_4 _paragraph_6fko5_10 layout-component text-serif-m layout-normal text-serif-m layout-padded\">FHI minner om at vaksinasjon er det viktigste tiltaket mot sykdommen.<\/p>\n<p class=\"_paragraph_145nj_4 _paragraph_6fko5_10 layout-component text-serif-m layout-normal text-serif-m layout-padded\">\u2013 Vi har en effektiv og trygg vaksine mot meslinger, som alle barn f\u00e5r tilbud om gjennom det norske barnevaksinasjonsprogrammet. Alle voksne som ikke er vaksinert, eller som er i tvil om de har gjennomg\u00e5tt meslinger, anbefales ogs\u00e5 \u00e5 ta vaksinen, sier Bruun.<\/p>\n<p class=\"_paragraph_145nj_4 _paragraph_6fko5_10 layout-component text-serif-m layout-normal text-serif-m layout-padded\">De f\u00f8rste symptomene p\u00e5 meslinger er t\u00f8rrhoste, irriterte \u00f8yne, snue og feber. Utslett kommer f\u00f8rst et par dager senere.<\/p>\n<p class=\"_paragraph_145nj_4 _paragraph_6fko5_10 layout-component text-serif-m layout-normal text-serif-m layout-padded\">Inkubasjonstiden er oftest ti til tolv dager, men kan variere fra syv til 21 dager. Sykdommen er sv\u00e6rt smittsom.<\/p>\n","protected":false},"excerpt":{"rendered":"21 personer er n\u00e5 bekreftet smittet med meslinger etter festivalen Urkult i Nord-Sverige i begynnelsen av august. Flertallet&hellip;\n","protected":false},"author":2,"featured_media":327765,"comment_status":"","ping_status":"","sticky":false,"template":"","format":"standard","meta":{"footnotes":"","_share_on_mastodon":"0"},"categories":[12],"tags":[20,21,24,25,15,22,23,7895,13,30,28,29,14,16,1359,26,27,42,43,44,45],"class_list":["post-327764","post","type-post","status-publish","format-standard","has-post-thumbnail","category-verden","tag-breaking-news","tag-breakingnews","tag-featured-news","tag-featurednews","tag-headlines","tag-latest-news","tag-latestnews","tag-meslinger","tag-news","tag-no","tag-norge","tag-norway","tag-nyheter","tag-overskrifter","tag-sverige","tag-top-stories","tag-topstories","tag-verden","tag-world","tag-world-news","tag-worldnews"],"share_on_mastodon":{"url":"https:\/\/pubeurope.com\/@no\/117122508372038588","error":""},"_links":{"self":[{"href":"https:\/\/www.europesays.com\/no\/wp-json\/wp\/v2\/posts\/327764","targetHints":{"allow":["GET"]}}],"collection":[{"href":"https:\/\/www.europesays.com\/no\/wp-json\/wp\/v2\/posts"}],"about":[{"href":"https:\/\/www.europesays.com\/no\/wp-json\/wp\/v2\/types\/post"}],"author":[{"embeddable":true,"href":"https:\/\/www.europesays.com\/no\/wp-json\/wp\/v2\/users\/2"}],"replies":[{"embeddable":true,"href":"https:\/\/www.europesays.com\/no\/wp-json\/wp\/v2\/comments?post=327764"}],"version-history":[{"count":0,"href":"https:\/\/www.europesays.com\/no\/wp-json\/wp\/v2\/posts\/327764\/revisions"}],"wp:featuredmedia":[{"embeddable":true,"href":"https:\/\/www.europesays.com\/no\/wp-json\/wp\/v2\/media\/327765"}],"wp:attachment":[{"href":"https:\/\/www.europesays.com\/no\/wp-json\/wp\/v2\/media?parent=327764"}],"wp:term":[{"taxonomy":"category","embeddable":true,"href":"https:\/\/www.europesays.com\/no\/wp-json\/wp\/v2\/categories?post=327764"},{"taxonomy":"post_tag","embeddable":true,"href":"https:\/\/www.europesays.com\/no\/wp-json\/wp\/v2\/tags?post=327764"}],"curies":[{"name":"wp","href":"https:\/\/api.w.org\/{rel}","templated":true}]}}