{"id":32811,"date":"2025-09-11T17:42:10","date_gmt":"2025-09-11T17:42:10","guid":{"rendered":"https:\/\/www.europesays.com\/no\/32811\/"},"modified":"2025-09-11T17:42:10","modified_gmt":"2025-09-11T17:42:10","slug":"debatt-leserbrev-star-det-virkelig-sa-darlig-til-i-vefsn","status":"publish","type":"post","link":"https:\/\/www.europesays.com\/no\/32811\/","title":{"rendered":"Debatt, Leserbrev | St\u00e5r det virkelig s\u00e5 d\u00e5rlig til i Vefsn?"},"content":{"rendered":"\n<p><b>N\u00e5r kommunebudsjettene<\/b> for kommende \u00e5r legges frem, f\u00f8lger det tradisjonelt forslag til kutt. Situasjonen for mange kommuner er n\u00e5 mer krevende enn p\u00e5 lenge. S\u00e6rlig i Nord-Norge ser vi store utfordringer knyttet til demografi, lave f\u00f8dselstall, og vansker med \u00e5 rekruttere. Dette driver kostnadene opp, inntektene ned og tvinger kommunene til \u00e5 tenke nytt og annerledes. Vefsn er ikke et unntak, selv om kommunen heller ikke er blant de hardest rammede.<\/p>\n<p><b>I den <\/b>offentlige debatten og p\u00e5 sosiale medier ser vi stadig vekk at eget lokalsamfunn prates ned, p\u00e5stander om at alt legges og at det er ingen grunn til \u00e5 bo her. Odd Luktvasslimo skrev eksempelvis i Helgelendingen 28.08.25: \u00abJeg mener alle ser at utviklingen i Vefsn over mange \u00e5r har g\u00e5tt bakover.\u00bb<\/p>\n<p><b>Slike p\u00e5stander<\/b>, gjentatt ofte nok, kan bidra til \u00e5 skape en allmenn oppfatning som ikke n\u00f8dvendigvis stemmer med virkeligheten. Det er derfor viktig \u00e5 balansere bildet noe.<\/p>\n<p><b>Dette innlegget<\/b> er ikke ment som et forsvar for det verken MON eller Vefsn kommune holder p\u00e5 med, men jeg mener det er p\u00e5 sin plass \u00e5 si litt om situasjonen i kommunen, basert p\u00e5 tall og statistikk, og ikke bare l\u00f8se p\u00e5stander. Vi i MON lykkes p\u00e5 ingen m\u00e5te med alt vi holder p\u00e5 med, det er mer enn nok av utfordringer, det gir oss motivasjon til \u00e5 jobbe enda hardere og smartere.<\/p>\n<p><b>Sykehussaken og gondolsaken<\/b> er to krevende saker som naturlig nok skaper frustrasjon. La det ikke v\u00e6re tvil om det! Samtidig opplever vi store investeringer i lokalsamfunnet v\u00e5rt, mange av dem er knyttet til offentlige prosjekter. Selv om store entrepren\u00f8rer kommer utenfra og som oftest f\u00e5r de st\u00f8rste jobbene, drypper det ogs\u00e5 p\u00e5 lokalt n\u00e6ringsliv. Det s\u00e5 vi p\u00e5 utbyggingen av vindparken og vi ser det n\u00e5. Alcoa sine siste \u00e5rs investeringer har ogs\u00e5 v\u00e6rt viktig for lokalt n\u00e6ringsliv. Det bygges nesten ikke hus eller leiligheter i Norge for tiden, men i motsetning til de fleste andre kommuner har vi i Vefsn v\u00e6rt sk\u00e5net for konkurser og storstilte permitteringer i bygg- og anleggsbransjen i Mosj\u00f8en. Det er ganske spesielt \u2013 og veldig positivt.<\/p>\n<p><b>Vi er inne <\/b>i et jubileums\u00e5r med enormt mye aktivitet. Det siste store arrangementet ble avholdt i Marka, og f\u00f8yer seg inn i rekken av store arrangementer i Mosj\u00f8en dette \u00e5ret. Evnen Vefsn har til \u00e5 skape og arrangere store tilstelninger er unikt i norsk sammenheng, og dette \u00e5ret er et godt bevis p\u00e5 det. Slike tiltak bidrar til bolyst og gir ringvirkninger i mange sektorer av n\u00e6ringslivet.<\/p>\n<p><b>Vi har <\/b>nettopp f\u00e5tt nytt torg \u2013 n\u00e5 er det opp til oss \u00e5 bruke sentrum, butikkene og kafeene som finnes der.<\/p>\n<p><b>Er det<\/b> virkelig slik, som Luktvasslimo hevder i sitt leserinnlegg og flere p\u00e5 sosiale medier, at utviklingen over \u00e5r har g\u00e5tt bakover? Mitt inntrykk som leder av n\u00e6ringsselskapet er og har v\u00e6rt helt det motsatte over lang tid n\u00e5, og Telemarkforskning som er ledende p\u00e5 statistikk om utviklingen i kommunene kan bekrefte dette.<\/p>\n<p><b>P\u00e5 befolkningsutviklingen<\/b> fra 2015 til 2024 ligger Vefsn foran b\u00e5de Rana, Alstahaug, Hammerfest og de fleste andre kommuner i Nordland. N\u00e5r det gjelder netto innflytting i samme periode, ligger vi enda bedre an \u2013 ogs\u00e5 der foran Rana. P\u00e5 netto innvandring derimot, ligger vi blant de d\u00e5rligste kommunene i nord.<\/p>\n<p><b>Ser vi<\/b> p\u00e5 \u00f8kt antall private arbeidsplasser i Vefsn de siste 20 \u00e5rene, ligger vi midt p\u00e5 treet, mens vi er helt i toppsjiktet i landsdelen n\u00e5r det gjelder nye offentlige arbeidsplasser. Samtidig m\u00e5 det nevnes at Vefsn har for f\u00e5 statlige arbeidsplasser sammenlignet med tilsvarende kommuner \u2013 noe vi i MON dokumenterer n\u00e5 i disse dager med en egen rapport.<\/p>\n<p><b>Legger vi<\/b> sammen nye arbeidsplasser i offentlig og privat sektor de to siste \u00e5rene, kommer vi ganske godt ut med en vekst p\u00e5 0,3 %. B\u00e5de Rana, Narvik, Bod\u00f8 og Alta kommer d\u00e5rligere ut enn oss. N\u00e5r det gjelder nyetableringer, ligger vi p\u00e5 de jevne de siste ti \u00e5rene, men de siste fire \u00e5rene kommer vi d\u00e5rlig ut. Innovasjonsgraden i Vefsn synes lavere n\u00e5 enn p\u00e5 flere \u00e5r. Ser vi p\u00e5 nedlagte bedrifter, kommer Vefsn derimot sv\u00e6rt godt ut de siste fire \u00e5rene og er faktisk blant de beste i klassen. Dette bekrefter det jeg flere ganger har p\u00e5pekt: N\u00e6ringslivet i Vefsn g\u00e5r godt, ogs\u00e5 n\u00e5r vi sammenligner oss med andre.<\/p>\n<p><b>Den siste<\/b> statistikken jeg vil trekke fram, gjelder bosteds- og n\u00e6ringsattraktivitet. P\u00e5 bostedsattraktivitet havner vi midt p\u00e5 treet de siste ti \u00e5rene, men i perioden 2020\u20132023 fikk vi den beste scoren p\u00e5 Helgeland, og er ogs\u00e5 beste kommunen i denne perioden av de st\u00f8rste kommunene i Nord-Norge. I 2024 var vi ogs\u00e5 helt i toppen, selv om tallene viser en liten nedgang. Hvordan sykehussaken vil sl\u00e5 ut her, gjenst\u00e5r \u00e5 se. N\u00e5r det gjelder n\u00e6ringsattraktivitet, har vi ligget d\u00e5rlig an de siste ti \u00e5rene, men ogs\u00e5 her scorer vi h\u00f8yest blant de st\u00f8rste byene i Nord-Norge i perioden 2020\u20132023.<\/p>\n<p><b>Statistikk og utviklingstrekk<\/b> viser at Vefsn p\u00e5 mange omr\u00e5der st\u00e5r sterkere enn inntrykket man f\u00e5r gjennom den mest negative debatten. N\u00e6ringslivet har vist robusthet, og bostedsattraktiviteten er h\u00f8y sammenlignet med andre byer i Nord-Norge. Samtidig er det utfordringer, s\u00e6rlig knyttet til innovasjon og statlige arbeidsplasser. Samlet sett viser likevel utviklingen at Vefsn-samfunnet st\u00e5r godt rustet, og at vi p\u00e5 flere omr\u00e5der leverer bedre enn mange st\u00f8rre kommuner i landsdelen.<\/p>\n<p><b>Avslutningsvis vil <\/b>jeg minne om f\u00f8rste bud innen kommunikasjon: Gjenta og forsterke det som allerede er der. Kanskje kunne Vefsn bli den f\u00f8rste kommunen i landet som samler politikere, administrasjon, n\u00e6ringsliv, organisasjoner og befolkning til et felles kommunikasjonskurs? Det kunne vi som lokalsamfunn hatt sv\u00e6rt godt av er n\u00e5 min mening.<\/p>\n<p>  <a href=\"https:\/\/www.helg.no\/5-24-1088846\" class=\"related-teaser has-image default-opinion-teaser article--c-eRUmMG article--c-eRUmMG-jKCPdD-design-default\" rel=\"nofollow noopener\" target=\"_blank\"><\/p>\n<p>    <img decoding=\"async\" loading=\"lazy\"  src=\"https:\/\/www.europesays.com\/no\/wp-content\/uploads\/2025\/09\/5_24_756687+topp_f2.jpg\" alt=\"\" class=\"brick-c-cFOWSL\" style=\"\"\/><\/p>\n<p>\n            Les ogs\u00e5<\/p>\n<p>              \u00abHvordan kan er det v\u00e6re mulig for Sametinget \u00e5 f\u00e5 lov til \u00e5 bruke v\u00e5rt utviklingsprosjekt som en brekkstang\u00bb\n        <\/p>\n<p>  <\/a><\/p>\n","protected":false},"excerpt":{"rendered":"N\u00e5r kommunebudsjettene for kommende \u00e5r legges frem, f\u00f8lger det tradisjonelt forslag til kutt. Situasjonen for mange kommuner er&hellip;\n","protected":false},"author":2,"featured_media":32812,"comment_status":"","ping_status":"","sticky":false,"template":"","format":"standard","meta":{"footnotes":""},"categories":[10],"tags":[36,20,21,37,24,25,15,22,23,38,62,13,30,28,29,14,1533,16,41,26,27,1203],"class_list":{"0":"post-32811","1":"post","2":"type-post","3":"status-publish","4":"format-standard","5":"has-post-thumbnail","7":"category-norge","8":"tag-art","9":"tag-breaking-news","10":"tag-breakingnews","11":"tag-debatt","12":"tag-featured-news","13":"tag-featurednews","14":"tag-headlines","15":"tag-latest-news","16":"tag-latestnews","17":"tag-leserbrev","18":"tag-naeringsliv","19":"tag-news","20":"tag-no","21":"tag-norge","22":"tag-norway","23":"tag-nyheter","24":"tag-opinion","25":"tag-overskrifter","26":"tag-politikk","27":"tag-top-stories","28":"tag-topstories","29":"tag-vefsn"},"share_on_mastodon":{"url":"","error":""},"_links":{"self":[{"href":"https:\/\/www.europesays.com\/no\/wp-json\/wp\/v2\/posts\/32811","targetHints":{"allow":["GET"]}}],"collection":[{"href":"https:\/\/www.europesays.com\/no\/wp-json\/wp\/v2\/posts"}],"about":[{"href":"https:\/\/www.europesays.com\/no\/wp-json\/wp\/v2\/types\/post"}],"author":[{"embeddable":true,"href":"https:\/\/www.europesays.com\/no\/wp-json\/wp\/v2\/users\/2"}],"replies":[{"embeddable":true,"href":"https:\/\/www.europesays.com\/no\/wp-json\/wp\/v2\/comments?post=32811"}],"version-history":[{"count":0,"href":"https:\/\/www.europesays.com\/no\/wp-json\/wp\/v2\/posts\/32811\/revisions"}],"wp:featuredmedia":[{"embeddable":true,"href":"https:\/\/www.europesays.com\/no\/wp-json\/wp\/v2\/media\/32812"}],"wp:attachment":[{"href":"https:\/\/www.europesays.com\/no\/wp-json\/wp\/v2\/media?parent=32811"}],"wp:term":[{"taxonomy":"category","embeddable":true,"href":"https:\/\/www.europesays.com\/no\/wp-json\/wp\/v2\/categories?post=32811"},{"taxonomy":"post_tag","embeddable":true,"href":"https:\/\/www.europesays.com\/no\/wp-json\/wp\/v2\/tags?post=32811"}],"curies":[{"name":"wp","href":"https:\/\/api.w.org\/{rel}","templated":true}]}}