{"id":32822,"date":"2025-09-11T17:58:10","date_gmt":"2025-09-11T17:58:10","guid":{"rendered":"https:\/\/www.europesays.com\/no\/32822\/"},"modified":"2025-09-11T17:58:10","modified_gmt":"2025-09-11T17:58:10","slug":"toro-sjokk-disse-forsvinner","status":"publish","type":"post","link":"https:\/\/www.europesays.com\/no\/32822\/","title":{"rendered":"Toro-sjokk: Disse forsvinner"},"content":{"rendered":"<p class=\"kicker bg-cyan color_mobile_bg-cyan text-black hasTextPadding mobile-hasTextPadding\" style=\"\">Fritid<\/p>\n<p>  Matvaregigant rydder i portef\u00f8ljen og sier farvel til flere tradisjonsrike produkter.<\/p>\n<p>\n    RYKER UT: Toro er i endring &#8211; fire produkter blir historie i h\u00f8st. Foto: Roger Grosvold \/ Dagbladet\n  <\/p>\n<p>Orkla Foods Norge legger ned produksjonen av fire Toro-produkter i h\u00f8st. Det bekrefter kommunikasjonssjef Kristoffer Barb\u00f8l Vikebak til <a href=\"https:\/\/matvarewatch.no\/nyheter\/mat\/article18524135.ece\" rel=\"nofollow noopener\" target=\"_blank\">MatvareWatch<\/a>.<\/p>\n<p class=\"font-weight-bold m-font-weight-bold\" data-lab-font_weight=\"font-weight-bold\">&#8211; N\u00e5 i h\u00f8st forsvinner produktene ut, opplyser Vikebak.<\/p>\n<p>Produktene som snart ikke blir \u00e5 finne i butikkhyllene, er:<\/p>\n<ul>\n<li class=\"lab-bodytext-line\">Toro Suppe Kylling Tom Kha Gai 70g<\/li>\n<li class=\"lab-bodytext-line\">Toro Rett i koppen Tandoori 85g<\/li>\n<li class=\"lab-bodytext-line\">Toro Buljong Terning Kj\u00f8tt \u00d8konomi pakning 64g<\/li>\n<li class=\"lab-bodytext-line\">Toro Gr\u00f8nnsakslasagne 203g<\/li>\n<\/ul>\n<p>Slutt p\u00e5 s\u00f8te klassikere\t<\/p>\n<p>Nylig ble det ogs\u00e5 kjent at Orkla slutter med <a href=\"https:\/\/dinside.dagbladet.no\/fritid\/na-er-det-slutt-vemodig\/83516548\" target=\"_blank\" rel=\"nofollow noopener\">p\u00e5leggene<br \/>\nN\u00f8tte og Sunda<\/a>, som de har produsert i flere ti\u00e5r.<\/p>\n<p>&#8211; Vi vurderer jevnlig v\u00e5r produktportef\u00f8lje, og dessverre m\u00e5 vi noen ganger si farvel til tradisjonsrike produkter, sier Vikebak til MatvareWatch.<\/p>\n<p>          <img loading=\"lazy\" decoding=\"async\" src=\"https:\/\/www.europesays.com\/no\/wp-content\/uploads\/2025\/09\/83579386.webp\" width=\"686\" height=\"392\" title=\"OVER OG UT: Snart er det slutt for p\u00e5leggshyllas s\u00f8teste p\u00e5legg, men mange st\u00e5r klar til \u00e5 ta over.\" alt=\"\" class=\"\" style=\"--aspect-ratio-image: 1.75; \"\/><\/p>\n<p>\n          OVER OG UT: Snart er det slutt for p\u00e5leggshyllas s\u00f8teste p\u00e5legg, men mange st\u00e5r klar til \u00e5 ta over.\n      <\/p>\n<p>Den aller siste boksen med Sunda forlot samleb\u00e5ndet forrige uke.<\/p>\n<p>&#8211; Det er vemodig \u00e5 avslutte et ikonisk produkt som Sunda, det er ikke noe vi gj\u00f8r med lett hjerte, sa Vikebak til DinSide.<\/p>\n<p>Denne uka var det ogs\u00e5 slutt for N\u00f8tte.<\/p>\n<p>Kommunikasjonssjefen vil ikke si om produktene skal erstattes med nye innovasjoner.<\/p>\n<p>    <a itemprop=\"url\" href=\"https:\/\/dinside.dagbladet.no\/fritid\/slar-alarm-vet-ikke-hva-vi-spiser\/83540899\" rel=\"nofollow noopener\" target=\"_blank\"><\/p>\n<p>      <img loading=\"lazy\" decoding=\"async\" src=\"https:\/\/www.europesays.com\/no\/wp-content\/uploads\/2025\/09\/1757613490_218_83540907.webp\" width=\"980\" height=\"441\" title=\"Sl\u00e5r alarm: - Vet ikke hva vi spiser\" alt=\"\" class=\"lazyload\" style=\"--aspect-ratio-image: 2.22; \"\/><\/p>\n<p>        Sl\u00e5r alarm: &#8211; Vet ikke hva vi spiser<\/p>\n<p>    <\/a><\/p>\n<p>Satser p\u00e5 \u00abhero brands\u00bb\t<\/p>\n<p>Orkla Foods har slitt med negativ vekst i \u00e5r. I f\u00f8rste kvartal endte den organiske veksten p\u00e5 minus 2,9 prosent, mens andre kvartal ogs\u00e5 hadde negativ organisk vekst.<\/p>\n<p class=\"font-weight-bold m-font-weight-bold\" data-lab-font_weight=\"font-weight-bold\">Orkla Foods-sjef Aku Vikstr\u00f6m har tidligere forklart at h\u00f8y inflasjon og h\u00f8ye r\u00e5varekostnader treffer selskapets volum.<\/p>\n<p>Planen framover er \u00e5 satse p\u00e5 de st\u00f8rste merkevarene.<\/p>\n<p>&#8211; De st\u00f8rste merkevarene, s\u00e5kalte \u00abhero brands\u00bb, vil bli st\u00f8rre i fremtida. Der gj\u00f8r vi gode fremskritt, sa Vikstr\u00f6m til <a href=\"https:\/\/matvarewatch.no\/nyheter\/mat\/article18256009.ece\" target=\"_blank\" rel=\"nofollow noopener\">MatvareWatch<\/a> tidligere i \u00e5r.<\/p>\n","protected":false},"excerpt":{"rendered":"Fritid Matvaregigant rydder i portef\u00f8ljen og sier farvel til flere tradisjonsrike produkter. RYKER UT: Toro er i endring&hellip;\n","protected":false},"author":2,"featured_media":32823,"comment_status":"","ping_status":"","sticky":false,"template":"","format":"standard","meta":{"footnotes":""},"categories":[10],"tags":[20,21,24,25,728,15,22,23,737,3998,13,30,28,29,14,5229,16,4005,26,27,1350],"class_list":{"0":"post-32822","1":"post","2":"type-post","3":"status-publish","4":"format-standard","5":"has-post-thumbnail","7":"category-norge","8":"tag-breaking-news","9":"tag-breakingnews","10":"tag-featured-news","11":"tag-featurednews","12":"tag-fritid","13":"tag-headlines","14":"tag-latest-news","15":"tag-latestnews","16":"tag-mat","17":"tag-metadz","18":"tag-news","19":"tag-no","20":"tag-norge","21":"tag-norway","22":"tag-nyheter","23":"tag-orkla-foods","24":"tag-overskrifter","25":"tag-some","26":"tag-top-stories","27":"tag-topstories","28":"tag-toro"},"share_on_mastodon":{"url":"","error":""},"_links":{"self":[{"href":"https:\/\/www.europesays.com\/no\/wp-json\/wp\/v2\/posts\/32822","targetHints":{"allow":["GET"]}}],"collection":[{"href":"https:\/\/www.europesays.com\/no\/wp-json\/wp\/v2\/posts"}],"about":[{"href":"https:\/\/www.europesays.com\/no\/wp-json\/wp\/v2\/types\/post"}],"author":[{"embeddable":true,"href":"https:\/\/www.europesays.com\/no\/wp-json\/wp\/v2\/users\/2"}],"replies":[{"embeddable":true,"href":"https:\/\/www.europesays.com\/no\/wp-json\/wp\/v2\/comments?post=32822"}],"version-history":[{"count":0,"href":"https:\/\/www.europesays.com\/no\/wp-json\/wp\/v2\/posts\/32822\/revisions"}],"wp:featuredmedia":[{"embeddable":true,"href":"https:\/\/www.europesays.com\/no\/wp-json\/wp\/v2\/media\/32823"}],"wp:attachment":[{"href":"https:\/\/www.europesays.com\/no\/wp-json\/wp\/v2\/media?parent=32822"}],"wp:term":[{"taxonomy":"category","embeddable":true,"href":"https:\/\/www.europesays.com\/no\/wp-json\/wp\/v2\/categories?post=32822"},{"taxonomy":"post_tag","embeddable":true,"href":"https:\/\/www.europesays.com\/no\/wp-json\/wp\/v2\/tags?post=32822"}],"curies":[{"name":"wp","href":"https:\/\/api.w.org\/{rel}","templated":true}]}}