{"id":32828,"date":"2025-09-11T18:02:09","date_gmt":"2025-09-11T18:02:09","guid":{"rendered":"https:\/\/www.europesays.com\/no\/32828\/"},"modified":"2025-09-11T18:02:09","modified_gmt":"2025-09-11T18:02:09","slug":"mercedes-faststoffbatteri-kjorte-over-120-mil-uten-a-lade","status":"publish","type":"post","link":"https:\/\/www.europesays.com\/no\/32828\/","title":{"rendered":"Mercedes&#8217; faststoffbatteri kj\u00f8rte over 120 mil uten \u00e5 lade"},"content":{"rendered":"<p>\n        P\u00c5 VEI: Mercedes EQS p\u00e5 vei mot Malm\u00f8. Faststoffbatteriene ser ut til \u00e5 ha en kapasitet som er 25 prosent h\u00f8yere enn dagens batterierteknologi.<br \/>\n        Foto: MERCEDES-BENZ\n    <\/p>\n<p class=\"kicker t31 tm25 font-weight-bold m-font-weight-bold font-Roboto\" style=\"\">Faststoffbatteri:<\/p>\n<p>    Mercedes-Benz har store planer med faststoffbatterier, og testene virker sv\u00e6rt lovende.<\/p>\n<p>Mercedes-Benz <a href=\"https:\/\/www.motor.no\/aktuelt\/mercedes-forst-ute-testkjoring-av-faststoff-batterier\/306890\" target=\"_blank\" rel=\"nofollow noopener\">har siden februar kj\u00f8rt ulike tester<\/a> med en EQS utstyrt med faststoffbatterier.<\/p>\n<p class=\"font-weight-bold m-font-weight-bold\" data-lab-font_weight=\"font-weight-bold\">Denne gangen tok de med bilen p\u00e5 langtur, fra Stuttgart til Malm\u00f6, via Danmark. En strekning p\u00e5 vel 120 mil.<\/p>\n<p> Ruten fulgte motorveiene A7 og E20 gjennom Tyskland og Danmark til Malm\u00f6 i Sverige. Den optimale ruten ble beregnet ved hjelp av det de kaller \u00abelectric intelligence\u00bb som tar hensyn til\u00a0topografi, trafikk, omgivelses\u00adtemperatur og energibehov for oppvarming og kj\u00f8ling. Turen ble kj\u00f8rt uten bruk av ferger. <\/p>\n<p>Kunne kj\u00f8rt lengre<\/p>\n<p>Da de kom fram, uten \u00e5 lade, var den tilbakelagte distansen 1205 kilometer, og det var igjen energi tilsvarende 137 kilometer p\u00e5 batteriet.<\/p>\n<p>        Faststoffbatteri<\/p>\n<ul>\n<li>Et faststoffbatteri er et elektrisk batteri som bruker en fast elektrolytt for ionisk ledning mellom elektrodene, i stedet for den flytende eller gel-polymere elektrolytten som finnes i konvensjonelle batterier.\u00a0<\/li>\n<li>Faststoffbatterier tilbyr teoretisk sett mye h\u00f8yere energitetthet enn vanlige litium-ion- eller litium-polymerbatterier.<\/li>\n<p>Kilde: Wikipedia<\/p>\n<\/ul>\n<p> \u2013 Faststoffbatteriet er en \u00abgamechanger\u00bb for elektrisk mobilitet. Med den vellykkede langdistansekj\u00f8ringen til EQS viser vi at denne teknologien ikke bare\u00a0leverer i laboratoriet, men ogs\u00e5 p\u00e5 veien,\u00a0sier Markus Sch\u00e4fer, medlem av styret i Mercedes-Benz Group AG, teknologidirekt\u00f8r for utvikling og innkj\u00f8p, i en pressemelding. <\/p>\n<p class=\"font-weight-bold m-font-weight-bold\" data-lab-font_weight=\"font-weight-bold\">M\u00e5let til Mercedes-Benz er \u00e5 sette denne batteriteknologien i masseproduksjon innen slutten av ti\u00e5ret.<\/p>\n<p> For \u00e5 st\u00f8tte cellene under volumendringene som skal v\u00e6re vanlig med denne typen teknologi, er det installert pneumatiske aktuatorer som reagerer p\u00e5 endringer i cellevolum under lading og utlading. De skal sikre feilfri drift av batteriet over tid.\u00a0<\/p>\n<p>Batteriets utnyttbare energiinnhold er \u00f8kt med 25 prosent mens vekten og st\u00f8rrelsen p\u00e5 batteriet er lik standard EQS-batteriet. Ytterligere vekt- og energieffektivitet skal ha blitt oppn\u00e5dd gjennom passiv luftstr\u00f8mkj\u00f8ling. <\/p>\n<p>Mange konkurrenter\u00a0<\/p>\n<p>En rekke bilprodusenter jobber med utviklingen av faststoffbatterier:\u00a0<\/p>\n<ul>\n<li class=\"lab-bodytext-line\">Volkswagen-gruppen sa i 2025 at deres batteriproduksjons\u00adavdeling har inng\u00e5tt en avtale om \u00e5 masseprodusere faststoffbatterier fra det amerikanske selskapet QuantumScape.<\/li>\n<li class=\"lab-bodytext-line\">Den kinesiske produsenten Chery har uttalt at deres faststoffbatterier vil v\u00e6re klare for produksjon i 2026.<\/li>\n<li class=\"lab-bodytext-line\">Toyota sikter p\u00e5 \u00e5 kommersialisere faststoffbatterier i 2027 eller 2028.<\/li>\n<li class=\"lab-bodytext-line\">Nissan har sagt at deres f\u00f8rste elbil med faststoffbatteri vil komme i 2028, med batterier som er rundt halvparten s\u00e5 store, og mye lettere, enn dagens litium-ion-batterier med tilsvarende kapasitet.<\/li>\n<li class=\"lab-bodytext-line\"> Honda har bygget en<a href=\"https:\/\/www.motor.no\/aktuelt\/honda-starter-produksjon-av-faststoffbatterier\/296997\" target=\"_blank\" rel=\"nofollow noopener\"> pr\u00f8veproduksjonslinje for faststoffbatterier<\/a>, med tanke p\u00e5 masseproduksjon <\/li>\n<li class=\"lab-bodytext-line\">Mercedes-Benz meldte i februar at de, etter laboratorietester, n\u00e5 har satt i gang med testing av faststoffbatterier i en lett modifisert EQS.<\/li>\n<li class=\"lab-bodytext-line\"><a href=\"https:\/\/www.motor.no\/aktuelt\/stellantis-faststoffbatteriene-naermer-seg\/314036\" target=\"_blank\" rel=\"nofollow noopener\">Stellantis har startet testing <\/a>med en fl\u00e5te av Dodge Charger med faststoffbatterier neste \u00e5r, i samarbeid med Factorial.<\/li>\n<li class=\"lab-bodytext-line\">\n<p> Xiaomi har s\u00f8kt om patent p\u00e5 et faststoffbatteri som if\u00f8lge dem selv <a href=\"https:\/\/www.motor.no\/aktuelt\/xiaomi-jobber-med-ekstremt-faststoffbatteri\/318741\" target=\"_blank\" rel=\"nofollow noopener\">vil bli s\u00e6rdeles effektivt<\/a>.<\/p>\n<\/li>\n<li class=\"lab-bodytext-line\">\n<p class=\"lab-bodytext-line\">Neste generasjon MG4, som kommer i Kina i disse dager, leveres med det som <a href=\"https:\/\/www.motor.no\/aktuelt\/mg-med-semi-faststoffbatteri\/323206\" target=\"_blank\" rel=\"nofollow noopener\">kalles et semi-faststoffbatteri<\/a>.<\/p>\n<\/li>\n<li class=\"lab-bodytext-line\">\n<p class=\"lab-bodytext-line\">BMW startet testing av teknologien<a href=\"https:\/\/www.motor.no\/aktuelt\/bmw-melder-seg-pa-faststoff-kapplopet\/316104\" target=\"_blank\" rel=\"nofollow noopener\"> i en i7 p\u00e5 forsommeren<\/a>.<\/p>\n<\/li>\n<\/ul>\n<p>        <a itemprop=\"mainEntityOfPage\" class=\"\" href=\"https:\/\/www.motor.no\/aktuelt\/mercedes-med-ladefart-pa-1000-kilowatt\/328519\" data-k5a-url=\"https:\/\/www.motor.no\/a\/328519\" rel=\"nofollow noopener\" target=\"_blank\"><\/p>\n<p>\nHer g\u00e5r det unna:\n<\/p>\n<p>            Mercedes med lade\u00adfart p\u00e5 1000 kW<\/p>\n<p>        <\/a><\/p>\n<p>            Les alle Motors biltester:<\/p>\n","protected":false},"excerpt":{"rendered":"P\u00c5 VEI: Mercedes EQS p\u00e5 vei mot Malm\u00f8. Faststoffbatteriene ser ut til \u00e5 ha en kapasitet som er&hellip;\n","protected":false},"author":2,"featured_media":32829,"comment_status":"","ping_status":"","sticky":false,"template":"","format":"standard","meta":{"footnotes":""},"categories":[57],"tags":[30,28,29,65,63,64,66,70,69,67,68],"class_list":{"0":"post-32828","1":"post","2":"type-post","3":"status-publish","4":"format-standard","5":"has-post-thumbnail","7":"category-vitenskap-og-teknologi","8":"tag-no","9":"tag-norge","10":"tag-norway","11":"tag-science","12":"tag-science-and-technology","13":"tag-scienceandtechnology","14":"tag-technology","15":"tag-teknologi","16":"tag-vitenskap","17":"tag-vitenskap-og-teknologi","18":"tag-vitenskapteknologi"},"share_on_mastodon":{"url":"","error":""},"_links":{"self":[{"href":"https:\/\/www.europesays.com\/no\/wp-json\/wp\/v2\/posts\/32828","targetHints":{"allow":["GET"]}}],"collection":[{"href":"https:\/\/www.europesays.com\/no\/wp-json\/wp\/v2\/posts"}],"about":[{"href":"https:\/\/www.europesays.com\/no\/wp-json\/wp\/v2\/types\/post"}],"author":[{"embeddable":true,"href":"https:\/\/www.europesays.com\/no\/wp-json\/wp\/v2\/users\/2"}],"replies":[{"embeddable":true,"href":"https:\/\/www.europesays.com\/no\/wp-json\/wp\/v2\/comments?post=32828"}],"version-history":[{"count":0,"href":"https:\/\/www.europesays.com\/no\/wp-json\/wp\/v2\/posts\/32828\/revisions"}],"wp:featuredmedia":[{"embeddable":true,"href":"https:\/\/www.europesays.com\/no\/wp-json\/wp\/v2\/media\/32829"}],"wp:attachment":[{"href":"https:\/\/www.europesays.com\/no\/wp-json\/wp\/v2\/media?parent=32828"}],"wp:term":[{"taxonomy":"category","embeddable":true,"href":"https:\/\/www.europesays.com\/no\/wp-json\/wp\/v2\/categories?post=32828"},{"taxonomy":"post_tag","embeddable":true,"href":"https:\/\/www.europesays.com\/no\/wp-json\/wp\/v2\/tags?post=32828"}],"curies":[{"name":"wp","href":"https:\/\/api.w.org\/{rel}","templated":true}]}}