{"id":32831,"date":"2025-09-11T18:08:12","date_gmt":"2025-09-11T18:08:12","guid":{"rendered":"https:\/\/www.europesays.com\/no\/32831\/"},"modified":"2025-09-11T18:08:12","modified_gmt":"2025-09-11T18:08:12","slug":"filippo-ganna-vant-tempoetappe-i-vueltaen-joao-almeida-tok-innpa-jonas-vingegaard","status":"publish","type":"post","link":"https:\/\/www.europesays.com\/no\/32831\/","title":{"rendered":"Filippo Ganna vant tempoetappe i Vueltaen \u2013 Jo\u00e3o Almeida tok innp\u00e5 Jonas Vingegaard"},"content":{"rendered":"\n<p class=\"_lead_ew2ao_2 _lead_xtcu6_50 layout-component text-serif-m layout-normal text-serif-l layout-component layout-wide layout-padded _wide_17hqh_1 layout-padded\">Filippo Ganna vant torsdagens tempoetappe i Vuelta a Espa\u00f1a. Jonas Vingegaard tapte ti sekunder til Jo\u00e3o Almeida i kampen om sammenlagtseier.<\/p>\n<ul class=\"_gallery_1qa3s_23\" tabindex=\"0\">\n<li class=\"_item_1qa3s_37\" data-index=\"0\"><img fetchpriority=\"high\" decoding=\"async\" class=\"_image_foru8_23 _introGallery_foru8_43\" data-fullscreen- width=\"2292\" height=\"1528\" itemprop=\"image\" loading=\"eager\"  src=\"https:\/\/www.europesays.com\/no\/wp-content\/uploads\/2025\/09\/05ec5f36-b547-41f8-b560-962fb6036683\"  style=\"object-position:50% 50%;aspect-ratio:var(--gallery-aspect-ratio, 16 \/ 9)\"\/>Jonas Vingegaard tapte ti sekunder til Jo\u00e3o Almeida p\u00e5 torsdagens tempoetappe, men var likevel forn\u00f8yd. Han leder Vuelta a Espa\u00f1a 40 sekunder foran portugiseren.  Foto: Miguel Oses, AP \/ NTB<\/li>\n<li class=\"_item_1qa3s_37\" data-index=\"1\"><img decoding=\"async\" class=\"_image_foru8_23 _introGallery_foru8_43\" data-fullscreen- width=\"7968\" height=\"5312\" itemprop=\"image\" loading=\"lazy\"  src=\"https:\/\/www.europesays.com\/no\/wp-content\/uploads\/2025\/09\/8be1717f-b54a-400b-b9b6-1f704a25c673\"  style=\"object-position:50% 50%;aspect-ratio:var(--gallery-aspect-ratio, 16 \/ 9)\"\/>Torstein Tr\u00e6en gjennomf\u00f8rte en godkjent tempoetappe i Vuelta a Espa\u00f1a.  Foto: Fredrik Varfjell \/ NTB<\/li>\n<\/ul>\n<p>Jonas Vingegaard tapte ti sekunder til Jo\u00e3o Almeida p\u00e5 torsdagens tempoetappe, men var likevel forn\u00f8yd. Han leder Vuelta a Espa\u00f1a 40 sekunder foran portugiseren.  Foto: Miguel Oses, AP \/ NTB<\/p>\n<ul aria-hidden=\"true\" class=\"_images_1y6fe_106\">\n<li><a class=\"_link_1y6fe_111\" href=\"https:\/\/www.vg.no\/forfatter\/ntb\" style=\"z-index:1\" title=\"NTB\" rel=\"nofollow noopener\" target=\"_blank\"><img alt=\"Bilde av NTB\" class=\"_image_1y6fe_88\" fetchpriority=\"low\" loading=\"lazy\" decoding=\"async\" itemprop=\"image\"  src=\"https:\/\/www.europesays.com\/no\/wp-content\/uploads\/2025\/09\/1757614092_825_c33980b0-5d07-4027-84a1-813f90a7c8d6\"  width=\"480\"\/><\/a><\/li>\n<\/ul>\n<p> Oppdatert torsdag 11. september kl. 17:56     <\/p>\n<p class=\"_paragraph_ew2ao_4 _paragraph_xtcu6_10 layout-component text-serif-m layout-normal text-serif-m layout-padded\">Torstein Tr\u00e6en gjennomf\u00f8rte en godkjent tempoetappe og kom i m\u00e5l til 44.-plass, 54 sekunder bak Ganna. Sepp Kuss, som er p\u00e5 plassen foran ham i sammendraget, sprakk p\u00e5 slutten og tapte 26 sekunder til nordmannen etter \u00e5 ha ligget foran ham p\u00e5 f\u00f8rste mellomtid. Dermed er Tr\u00e6en bare 16 sekunder fra 8.-plassen. Ned til Matteo Jorgenson p\u00e5 10.-plass er det 2.37 minutter.<\/p>\n<p class=\"_paragraph_ew2ao_4 _paragraph_xtcu6_10 layout-component text-serif-m layout-normal text-serif-m layout-padded\">Lagkameraten Antonio Tiberi, som normalt er sterk p\u00e5 tempoetapper, tok det rolig for \u00e5 spare krefter til \u00e5 hjelpe Tr\u00e6en \u00e5 forsvare sin topp-ti-plassering.<\/p>\n<p class=\"_paragraph_ew2ao_4 _paragraph_xtcu6_10 layout-component text-serif-m layout-normal text-serif-m layout-padded\">Ineos-rytter Ganna var helt nede p\u00e5 137.-plass i sammendraget og startet tidlig, men italieneren er en sterk temporytter og noterte en tid ingen greide \u00e5 tukte.<\/p>\n<p class=\"_paragraph_ew2ao_4 _paragraph_xtcu6_10 layout-component text-serif-m layout-normal text-serif-m layout-padded\">\u2013 Jeg brukte tid p\u00e5 \u00e5 finne rytmen, men jeg fikk opp farten mot slutten, sa Ganna.<\/p>\n<p>Vingegaard godt forn\u00f8yd<\/p>\n<p class=\"_paragraph_ew2ao_4 _paragraph_xtcu6_10 layout-component text-serif-m layout-normal text-serif-m layout-padded\">Jay Vine endte et snaut sekund bak Ganna, mens Almeida tr\u00e5kket inn til tredjeplass \u00e5tte sekunder bak. Vingegaard, som startet sist av alle, slet seg inn til 9.-plass ytterligere ti sekunder bak.<\/p>\n<p class=\"_paragraph_ew2ao_4 _paragraph_xtcu6_10 layout-component text-serif-m layout-normal text-serif-m layout-padded\">Almeida kuttet Vingegaards ledelse i sammendraget til 40 sekunder, men dansken tar ikke det s\u00e5 tungt.<\/p>\n<p class=\"_paragraph_ew2ao_4 _paragraph_xtcu6_10 layout-component text-serif-m layout-normal text-serif-m layout-padded\">\u2013 Jeg kan v\u00e6re ganske forn\u00f8yd. Flate tempoetapper passer bedre for gutta som er litt st\u00f8rre. Jeg har aldri f\u00f8r hatt 55 km\/t i snittfart p\u00e5 en tempoetappe, s\u00e5 jeg har grunn til \u00e5 v\u00e6re forn\u00f8yd. Jeg leder fortsatt. Det blir to harde dager p\u00e5 de neste etappene, men jeg er optimist, sa han i et intervju vist p\u00e5 TV 2.<\/p>\n<p class=\"_paragraph_ew2ao_4 _paragraph_xtcu6_10 layout-component text-serif-m layout-normal text-serif-m layout-padded\">Johannes Staune-Mittet tr\u00e5kket inn til 92.-plass, sl\u00e5tt av etappevinneren med 1.23 minutt.<\/p>\n<p>Demonstranter p\u00e5grepet<\/p>\n<p class=\"_paragraph_ew2ao_4 _paragraph_xtcu6_10 layout-component text-serif-m layout-normal text-serif-m layout-padded\">Tempoetappen ble onsdag kveld besluttet kortet ned fra 27,2 kilometer til 12,2 kilometer for \u00e5 kunne s\u00f8rge for bedre vakthold langs l\u00f8ypa. Bakgrunnen er de propalestinske protestene som har preget \u00e5rets utgave av rittet. Protestene er s\u00e6rlig rettet mot Israel-Premier Tech-laget, som har nektet \u00e5 trekke seg.<\/p>\n<p class=\"_paragraph_ew2ao_4 _paragraph_xtcu6_10 layout-component text-serif-m layout-normal text-serif-m layout-padded\">Det var mange tilskuere med palestinske flagg, men etappen forl\u00f8p uten dramatiske hendelser. To demonstranter ble p\u00e5grepet da de pr\u00f8vde \u00e5 hoppe over en sperring, opplyste politiet til nyhetsbyr\u00e5et AFP.<\/p>\n<p class=\"_paragraph_ew2ao_4 _paragraph_xtcu6_10 layout-component text-serif-m layout-normal text-serif-m layout-padded\">Det er ogs\u00e5 besluttet \u00e5 skjerpe sikkerheten kraftig foran de to siste etappene i helgen. Treukersrittet avsluttes s\u00f8ndag i Madrid.<\/p>\n","protected":false},"excerpt":{"rendered":"Filippo Ganna vant torsdagens tempoetappe i Vuelta a Espa\u00f1a. Jonas Vingegaard tapte ti sekunder til Jo\u00e3o Almeida i&hellip;\n","protected":false},"author":2,"featured_media":32832,"comment_status":"","ping_status":"","sticky":false,"template":"","format":"standard","meta":{"footnotes":""},"categories":[59],"tags":[5230,30,28,29,83,82,346,3474,3473],"class_list":{"0":"post-32831","1":"post","2":"type-post","3":"status-publish","4":"format-standard","5":"has-post-thumbnail","7":"category-sport","8":"tag-jonas-vingegaard","9":"tag-no","10":"tag-norge","11":"tag-norway","12":"tag-sport","13":"tag-sports","14":"tag-sykkel","15":"tag-torstein-traeen","16":"tag-vuelta-a-espana"},"share_on_mastodon":{"url":"","error":""},"_links":{"self":[{"href":"https:\/\/www.europesays.com\/no\/wp-json\/wp\/v2\/posts\/32831","targetHints":{"allow":["GET"]}}],"collection":[{"href":"https:\/\/www.europesays.com\/no\/wp-json\/wp\/v2\/posts"}],"about":[{"href":"https:\/\/www.europesays.com\/no\/wp-json\/wp\/v2\/types\/post"}],"author":[{"embeddable":true,"href":"https:\/\/www.europesays.com\/no\/wp-json\/wp\/v2\/users\/2"}],"replies":[{"embeddable":true,"href":"https:\/\/www.europesays.com\/no\/wp-json\/wp\/v2\/comments?post=32831"}],"version-history":[{"count":0,"href":"https:\/\/www.europesays.com\/no\/wp-json\/wp\/v2\/posts\/32831\/revisions"}],"wp:featuredmedia":[{"embeddable":true,"href":"https:\/\/www.europesays.com\/no\/wp-json\/wp\/v2\/media\/32832"}],"wp:attachment":[{"href":"https:\/\/www.europesays.com\/no\/wp-json\/wp\/v2\/media?parent=32831"}],"wp:term":[{"taxonomy":"category","embeddable":true,"href":"https:\/\/www.europesays.com\/no\/wp-json\/wp\/v2\/categories?post=32831"},{"taxonomy":"post_tag","embeddable":true,"href":"https:\/\/www.europesays.com\/no\/wp-json\/wp\/v2\/tags?post=32831"}],"curies":[{"name":"wp","href":"https:\/\/api.w.org\/{rel}","templated":true}]}}