{"id":32851,"date":"2025-09-11T18:43:47","date_gmt":"2025-09-11T18:43:47","guid":{"rendered":"https:\/\/www.europesays.com\/no\/32851\/"},"modified":"2025-09-11T18:43:47","modified_gmt":"2025-09-11T18:43:47","slug":"tiltalt-for-attentatforsok-mot-trump-risikerer-livstid","status":"publish","type":"post","link":"https:\/\/www.europesays.com\/no\/32851\/","title":{"rendered":"Tiltalt for attentatfors\u00f8k mot Trump: risikerer livstid"},"content":{"rendered":"<p><strong>I dag starter rettssaken mot Ryan Routh (59), som er tiltalt for \u00e5 ha fors\u00f8kt \u00e5 ta livet av Donald Trump under et bes\u00f8k p\u00e5 en av Trumps golfbaner i West Palm Beach i fjor h\u00f8st. Det melder <a href=\"https:\/\/www.reuters.com\/legal\/litigation\/trial-begins-man-accused-trying-assassinate-trump-spotlighting-us-political-2025-09-11\/\" rel=\"nofollow noopener\" target=\"_blank\">Reuters<\/a>.<\/strong><\/p>\n<p>Routh har erkl\u00e6rt seg ikke skyldig i fem tiltalepunkter, inkludert fors\u00f8k p\u00e5 attentat mot en presidentkandidat, og risikerer livstid i fengsel.<\/p>\n<p>Routh forsvarer seg selv i retten, etter \u00e5 ha avvist offentlig oppnevnte forsvarere. En jury p\u00e5 tolv personer skal n\u00e5 vurdere bevisene i saken. Aktoratet hevder Routh gjemte seg med et gev\u00e6r n\u00e6r greenen til golfbanens sjette hull den 15. september 2024, med intensjon om \u00e5 skyte Trump, men ble oppdaget av Secret Service f\u00f8r han rakk \u00e5 avfyre skudd.<\/p>\n<p>\u2013 Han l\u00e5 i skjul med v\u00e5pen og ventet p\u00e5 presidentkandidaten, sier aktor if\u00f8lge rettsdokumenter.<\/p>\n<blockquote class=\"twitter-tweet\">\n<p lang=\"en\" dir=\"ltr\">The fact that Ryan Routh is representing himself in federal court where he is accused of attempting to kill President Trump is a bad idea. <\/p>\n<p>He will be facing the best of the best in terms of prosecutors and Routh doesn&#8217;t know his arse from a banjo (as my mom would say) when it\u2026 <a href=\"https:\/\/t.co\/7fPm1tc6r6\" rel=\"nofollow\">pic.twitter.com\/7fPm1tc6r6<\/a><\/p>\n<p>\u2014 Jennifer Coffindaffer (@CoffindafferFBI) <a href=\"https:\/\/twitter.com\/CoffindafferFBI\/status\/1965055603757265006?ref_src=twsrc%5Etfw\" rel=\"nofollow noopener\" target=\"_blank\">September 8, 2025<\/a><\/p><\/blockquote>\n<p>Retten f\u00f8res av dommer Aileen Cannon, som tidligere har v\u00e6rt sentral i en annen h\u00f8yprofilsak mot Trump. Routh skal if\u00f8lge dokumenter ha hatt et ustabilt liv som h\u00e5ndverker, og var tidligere kjent for sitt engasjement for demokrati i Ukraina og Taiwan.<\/p>\n<p>\u2013 Jeg stoler ikke p\u00e5 at en tilfeldig fremmed kan snakke p\u00e5 mine vegne, sa Routh til dommer Cannon da han insisterte p\u00e5 \u00e5 f\u00f8re sitt eget forsvar.<\/p>\n<p>Rettsaken starter n\u00e5 11. september, en dato amerikanerne aldri glemmer, i en tid med h\u00f8y politisk uro. Senest i g\u00e5r ble Trump-alliert Charlie Kirk skutt og drept i Utah, og det p\u00e5g\u00e5r en intens jakt p\u00e5 gjerningspersonen. <\/p>\n<p><script async src=\"https:\/\/platform.twitter.com\/widgets.js\" charset=\"utf-8\"><\/script><\/p>\n","protected":false},"excerpt":{"rendered":"I dag starter rettssaken mot Ryan Routh (59), som er tiltalt for \u00e5 ha fors\u00f8kt \u00e5 ta livet&hellip;\n","protected":false},"author":2,"featured_media":32852,"comment_status":"","ping_status":"","sticky":false,"template":"","format":"standard","meta":{"footnotes":""},"categories":[12],"tags":[20,21,55,24,25,15,22,23,13,30,28,29,14,16,5243,5244,26,27,42,5245,43,44,45],"class_list":{"0":"post-32851","1":"post","2":"type-post","3":"status-publish","4":"format-standard","5":"has-post-thumbnail","7":"category-verden","8":"tag-breaking-news","9":"tag-breakingnews","10":"tag-donald-trump","11":"tag-featured-news","12":"tag-featurednews","13":"tag-headlines","14":"tag-latest-news","15":"tag-latestnews","16":"tag-news","17":"tag-no","18":"tag-norge","19":"tag-norway","20":"tag-nyheter","21":"tag-overskrifter","22":"tag-politisk-drapsforsok","23":"tag-ryan-routh","24":"tag-top-stories","25":"tag-topstories","26":"tag-verden","27":"tag-west-palm-beach","28":"tag-world","29":"tag-world-news","30":"tag-worldnews"},"share_on_mastodon":{"url":"","error":""},"_links":{"self":[{"href":"https:\/\/www.europesays.com\/no\/wp-json\/wp\/v2\/posts\/32851","targetHints":{"allow":["GET"]}}],"collection":[{"href":"https:\/\/www.europesays.com\/no\/wp-json\/wp\/v2\/posts"}],"about":[{"href":"https:\/\/www.europesays.com\/no\/wp-json\/wp\/v2\/types\/post"}],"author":[{"embeddable":true,"href":"https:\/\/www.europesays.com\/no\/wp-json\/wp\/v2\/users\/2"}],"replies":[{"embeddable":true,"href":"https:\/\/www.europesays.com\/no\/wp-json\/wp\/v2\/comments?post=32851"}],"version-history":[{"count":0,"href":"https:\/\/www.europesays.com\/no\/wp-json\/wp\/v2\/posts\/32851\/revisions"}],"wp:featuredmedia":[{"embeddable":true,"href":"https:\/\/www.europesays.com\/no\/wp-json\/wp\/v2\/media\/32852"}],"wp:attachment":[{"href":"https:\/\/www.europesays.com\/no\/wp-json\/wp\/v2\/media?parent=32851"}],"wp:term":[{"taxonomy":"category","embeddable":true,"href":"https:\/\/www.europesays.com\/no\/wp-json\/wp\/v2\/categories?post=32851"},{"taxonomy":"post_tag","embeddable":true,"href":"https:\/\/www.europesays.com\/no\/wp-json\/wp\/v2\/tags?post=32851"}],"curies":[{"name":"wp","href":"https:\/\/api.w.org\/{rel}","templated":true}]}}