{"id":328730,"date":"2026-08-20T12:05:16","date_gmt":"2026-08-20T12:05:16","guid":{"rendered":"https:\/\/www.europesays.com\/no\/328730\/"},"modified":"2026-08-20T12:05:16","modified_gmt":"2026-08-20T12:05:16","slug":"emilie-nereng-honefoss-emilie-30-deltar-i-nytt-reality-program-ikke-enig-i-favorittstempel","status":"publish","type":"post","link":"https:\/\/www.europesays.com\/no\/328730\/","title":{"rendered":"Emilie Nereng, H\u00f8nefoss | Emilie (30) deltar i nytt reality-program: Ikke enig i favorittstempel"},"content":{"rendered":"\n<p>12 elever flytter inn p\u00e5 Borregaard Hovedgaard i Sarpsborg, og skal delta i det nye programmet \u00abBakeskolen\u00bb. Her skal de l\u00e6re mer om bakst og desserter, og konkurrere om \u00e5 presentere det beste resultatet og vinne gullkjevlen, melder TV2.<\/p>\n<p>Wenche Andersen, Eyvind Hellstr\u00f8m og Truls Svendsen er programledere for det nye programmet, som f\u00e5r premiere i oktober.<\/p>\n<p>Fagfolk<\/p>\n<p>Elevene vil f\u00e5 undervisning av rektor Eyvind Hellstr\u00f8m og undervisningsinspekt\u00f8r Wenche Andersen. <\/p>\n<p>I tillegg er flere av Norges dyktigste bakere og konditorer gjesteforelesere; Martine Espeland, Sverre S\u00e6tre, Cathrine Nilsen, Lars-Erik Undrum og Live Edvardsen.<\/p>\n<p>Etter hver skoletime testes elevene i tentamen, og den eleven som gj\u00f8r det d\u00e5rligst i hvert program \u2013 blir utvist. De aller beste elevene f\u00e5r g\u00e5 opp til eksamen p\u00e5 slutten av semesteret, og til slutt st\u00e5r en av elevene igjen som vinner av \u00abBakeskolen\u00bb.<\/p>\n<p>   <img decoding=\"async\" width=\"7952\" height=\"5304\" fetchpriority=\"low\"  loading=\"lazy\"  src=\"https:\/\/www.europesays.com\/no\/wp-content\/uploads\/2026\/08\/92ec9852-4252-4067-b702-6b3ae44523d6.jpg\" alt=\"\" class=\"brick-c-cFOWSL\" style=\"--brick-image-ratio: 7952 \/ 5304;\"\/><\/p>\n<p>      L\u00c6REVILLIG GJENG: Disse tolv kjendisene skal konkurrere mot hverandre i \u00abBakeskolen\u00bb.<br \/>\n      Foto: Trygve S\u00f8rli\/ TV2\n    <\/p>\n<p>Alle deltakerne er kjente fjes innen underholdning, musikk og andre TV-produksjoner. <\/p>\n<p>Blant elevene finner vi mat-influenser Emilie Nereng fra H\u00f8nefoss. Hun har deltatt i mange reality-konsepter, sist i <a rel=\"Follow nofollow noopener\" href=\"https:\/\/www.ringblad.no\/kjendistung-innspilling-i-ringerike-og-hole-det-var-beintoft-sier-emilie-nereng-30\/s\/5-45-2146878\" target=\"_blank\">\u00abHelvetesuka\u00bb<\/a> som ble spilt inn i Ringerike og Hole. <\/p>\n<p>  <a href=\"https:\/\/www.ringblad.no\/5-45-2146878\" class=\"related-teaser has-image article--c-MkAkR\" rel=\"nofollow noopener\" target=\"_blank\"><\/p>\n<p>    <img decoding=\"async\" width=\"155\"  loading=\"lazy\"  src=\"https:\/\/www.europesays.com\/no\/wp-content\/uploads\/2026\/08\/Helvetesuka+R%C3%B8sholmstranda-24.jpg\" alt=\"\" class=\"brick-c-cFOWSL\" style=\"\"\/><\/p>\n<p>\n            Les ogs\u00e5<\/p>\n<p>            Her st\u00e5r Frank og kjendisene p\u00e5 R\u00f8sholmstranda: \u2013 Det var et helvete\n        <\/p>\n<p>  <\/a><br \/>\n  Favorittstempel<\/p>\n<p><a rel=\"Follow nofollow noopener\" href=\"https:\/\/www.nettavisen.no\/kjendis\/dette-er-deltakerne-i-tv-2s-nysatsing-bakeskolen\/s\/5-95-3204944\" target=\"_blank\">Nettavisen<\/a> deltok p\u00e5 pressetreffet, der flere av deltakerne trakk fram matinfluenser Emilie Nereng (30) som en av de st\u00f8rste konkurrentene.<\/p>\n<p>Det favorittstempelet er hun ikke enig i.<\/p>\n<p>\u2013 Jeg har helt \u00e6rlig ikke tenkt over at det er stor fallh\u00f8yde ved at jeg deltar her, for jeg mener at matlaging og baking er to helt forskjellige ting. Jeg elsker for eksempel \u00e5 bake kanelboller, men der stopper mitt repertoar. Det er kanelboller og brownies, sier Nereng til <a rel=\"Follow nofollow noopener\" href=\"https:\/\/www.nettavisen.no\/kjendis\/dette-er-deltakerne-i-tv-2s-nysatsing-bakeskolen\/s\/5-95-3204944\" target=\"_blank\">Nettavisen<\/a>.<\/p>\n<p>   <img decoding=\"async\" width=\"1920\" height=\"1080\" fetchpriority=\"low\"  loading=\"lazy\"  src=\"https:\/\/www.europesays.com\/no\/wp-content\/uploads\/2026\/08\/0d31c66c-e141-4b81-8be2-82f65be55da0_25541.jpg\" alt=\"\" class=\"brick-c-cFOWSL\" style=\"--brick-image-ratio: 1920 \/ 1080;\"\/><\/p>\n<p>      KUNNSKAPSRIK: Emilie Nereng deler matoppskrifter i sosiale medier. N\u00e5 h\u00e5per hun \u00e5 l\u00e6e mer om baking.<br \/>\n      Foto: TV2\n    <\/p>\n<p>Mat-influenseren fra H\u00f8nefoss ser p\u00e5 \u00abBakeskolen\u00bb som en unik mulighet til \u00e5 l\u00e6re. <\/p>\n<p>\u2013 Jeg syns det er litt trist om jeg skal g\u00e5 gjennom livet mitt uten \u00e5 kunne grunnleggende bakekunnskaper, s\u00e5 jeg h\u00e5per rett og slett at jeg kan l\u00e6re noe i l\u00f8pet av denne perioden. Dette er en unik mulighet til \u00e5 l\u00e6re av de beste, b\u00e5de Wenche og Hellstr\u00f8m, s\u00e5 det blir en helt syk erfaring. <\/p>\n<p>  <a href=\"https:\/\/www.ringblad.no\/5-45-2268695\" class=\"related-teaser has-image article--c-MkAkR\" rel=\"nofollow noopener\" target=\"_blank\"><\/p>\n<p>    <img decoding=\"async\" width=\"155\"  loading=\"lazy\"  src=\"https:\/\/www.europesays.com\/no\/wp-content\/uploads\/2026\/08\/17716_1.jpg\" alt=\"\" class=\"brick-c-cFOWSL\" style=\"\"\/><\/p>\n<p>\n            Les ogs\u00e5<\/p>\n<p>            Godt \u00f8konomisk \u00e5r for H\u00f8nefoss-influenseren\n        <\/p>\n<p>  <\/a><\/p>\n<p><b>Her er alle elevene i \u00abBakeskolen\u00bb:<\/b><\/p>\n<p>Bahare Viken \u2013 programleder<\/p>\n<p>Brynjar Meling \u2013 advokat<\/p>\n<p>Caroline Berg Eriksen \u2013 influenser<\/p>\n<p>Emilie Nereng \u2013 matinfluenser<\/p>\n<p>Klaus Sonstad \u2013 skuespiller<\/p>\n<p>Kristoffer Kaayne \u2013 matprofil<\/p>\n<p>Marna Haugen \u2013 innholdsskaper<\/p>\n<p>Martin Sleipnes \u2013 programleder<\/p>\n<p>Olaug Bollestad \u2013 politiker<\/p>\n<p>Scott Maurstad \u2013 stemmeskuespiller<\/p>\n<p>Una Moe Giske \u2013 influenser<\/p>\n<p>\u00c5ge Sten Nilsen \u2013 artist<\/p>\n<p>\u00abBakeskolen\u00bb f\u00e5r premiere i oktober p\u00e5 TV 2 Play og TV 2 Direkte.<\/p>\n<p>  <a href=\"https:\/\/www.ringblad.no\/5-45-2236665\" class=\"related-teaser has-image article--c-MkAkR\" rel=\"nofollow noopener\" target=\"_blank\"><\/p>\n<p>    <img decoding=\"async\" width=\"155\"  loading=\"lazy\"  src=\"https:\/\/www.europesays.com\/no\/wp-content\/uploads\/2026\/08\/Avslrer+svindyr+bryllupsreise%3A++Vi+valgte++gjre+det+skikkelig.bin.jpeg\" alt=\"\" class=\"brick-c-cFOWSL\" style=\"\"\/><\/p>\n<p>\n            Les ogs\u00e5<\/p>\n<p>            Emilie Voe Nereng har solgt: \u2013 Vemodig\n        <\/p>\n<p>  <\/a><\/p>\n<p><a class=\"brick-c-hOTghF\" href=\"#skip-\">Hopp over karusellen.<\/a><\/p>\n<p data-static=\"\" class=\"brick-c-fgNmNC\" id=\"carousel-title-\">Innholdskarusell med 20 artikler.<\/p>\n<ul data-static=\"\" aria-label=\"Navigasjon for innholdskarusell\" class=\"carousel-nav\">\n<li>\n<\/li>\n<li>\n<\/li>\n<\/ul>\n","protected":false},"excerpt":{"rendered":"12 elever flytter inn p\u00e5 Borregaard Hovedgaard i Sarpsborg, og skal delta i det nye programmet \u00abBakeskolen\u00bb. Her&hellip;\n","protected":false},"author":2,"featured_media":328731,"comment_status":"","ping_status":"","sticky":false,"template":"","format":"standard","meta":{"footnotes":"","_share_on_mastodon":"0"},"categories":[58],"tags":[36,25812,8976,71,341,30,28,29,1510,1130,72],"class_list":["post-328730","post","type-post","status-publish","format-standard","has-post-thumbnail","category-underholdning","tag-art","tag-bakeskolen","tag-emilie-nereng","tag-entertainment","tag-honefoss","tag-no","tag-norge","tag-norway","tag-story","tag-tv2","tag-underholdning"],"share_on_mastodon":{"url":"https:\/\/pubeurope.com\/@no\/117127749737365744","error":""},"_links":{"self":[{"href":"https:\/\/www.europesays.com\/no\/wp-json\/wp\/v2\/posts\/328730","targetHints":{"allow":["GET"]}}],"collection":[{"href":"https:\/\/www.europesays.com\/no\/wp-json\/wp\/v2\/posts"}],"about":[{"href":"https:\/\/www.europesays.com\/no\/wp-json\/wp\/v2\/types\/post"}],"author":[{"embeddable":true,"href":"https:\/\/www.europesays.com\/no\/wp-json\/wp\/v2\/users\/2"}],"replies":[{"embeddable":true,"href":"https:\/\/www.europesays.com\/no\/wp-json\/wp\/v2\/comments?post=328730"}],"version-history":[{"count":0,"href":"https:\/\/www.europesays.com\/no\/wp-json\/wp\/v2\/posts\/328730\/revisions"}],"wp:featuredmedia":[{"embeddable":true,"href":"https:\/\/www.europesays.com\/no\/wp-json\/wp\/v2\/media\/328731"}],"wp:attachment":[{"href":"https:\/\/www.europesays.com\/no\/wp-json\/wp\/v2\/media?parent=328730"}],"wp:term":[{"taxonomy":"category","embeddable":true,"href":"https:\/\/www.europesays.com\/no\/wp-json\/wp\/v2\/categories?post=328730"},{"taxonomy":"post_tag","embeddable":true,"href":"https:\/\/www.europesays.com\/no\/wp-json\/wp\/v2\/tags?post=328730"}],"curies":[{"name":"wp","href":"https:\/\/api.w.org\/{rel}","templated":true}]}}