{"id":32875,"date":"2025-09-11T19:08:08","date_gmt":"2025-09-11T19:08:08","guid":{"rendered":"https:\/\/www.europesays.com\/no\/32875\/"},"modified":"2025-09-11T19:08:08","modified_gmt":"2025-09-11T19:08:08","slug":"meterologene-flom-sendt-ut-farevarsel-om-flaum","status":"publish","type":"post","link":"https:\/\/www.europesays.com\/no\/32875\/","title":{"rendered":"Meterologene, Flom | Sendt ut farevarsel om flaum"},"content":{"rendered":"\n<p><b>INNLANDET\/VALDRES: <\/b>Det er kraftig nedb\u00f8r i deler av Innlandet og Buskerud torsdag. <\/p>\n<p>Meteorologisk institutt har sendt ut gult farevarsel om styrtregn i Valdres. Lyn og torev\u00ear kan ogs\u00e5 skje.<\/p>\n<p><a href=\"https:\/\/www.oa.no\/sender-ut-farevarsel-om-flom\/s\/5-35-2158517\" rel=\"Follow nofollow noopener\" target=\"_blank\">Oppland Arbeiderblad skreiv om varselet <\/a>tidligare i dag. <\/p>\n<p>F\u00f8lg utviklinga til regnbyene <a href=\"https:\/\/www.yr.no\/nb\/kart\/radar\" rel=\"Follow nofollow noopener\" target=\"_blank\">her.<\/a><\/p>\n<p>I Norefjell, Sigdal, Fl\u00e5 og Nesbyen i Buskerud har det g\u00e5tt ras som fylgje av store vattenmassar, skriv NRK.<\/p>\n<p>Flaum varer til fredag<\/p>\n<p>Vatnf\u00f8yringa er h\u00f8g i sm\u00e5 og middelsstore elver i varslingsomr\u00e5det. \u00c5rsaka er lokale kraftige regnbyer og styrtregn natt til torsdag. <\/p>\n<p>Det er venta lokalt mykje regn utover ettermiddagen og kvelden som kan forsterke flaumfaren. Dette kan f\u00f8re til lokale overfl\u00f8ymingar og erosjonsskadar, st\u00e5r det i varselet.<\/p>\n<p><b>\u2013 V\u00e6r obs p\u00e5 overvatn dersom du er ute \u00e5 k\u00f8yrer, skriv dei i varselet.<\/b><\/p>\n<p>Styrtregnet avtar utover kvelden, men varselet for flaum varer til fredag.<\/p>\n<p>Les meir om: artikkelemnene<\/p>\n","protected":false},"excerpt":{"rendered":"INNLANDET\/VALDRES: Det er kraftig nedb\u00f8r i deler av Innlandet og Buskerud torsdag. Meteorologisk institutt har sendt ut gult&hellip;\n","protected":false},"author":2,"featured_media":32876,"comment_status":"","ping_status":"","sticky":false,"template":"","format":"standard","meta":{"footnotes":""},"categories":[10],"tags":[36,20,21,102,24,25,1836,15,22,23,5248,13,30,28,29,14,16,1510,26,27],"class_list":{"0":"post-32875","1":"post","2":"type-post","3":"status-publish","4":"format-standard","5":"has-post-thumbnail","7":"category-norge","8":"tag-art","9":"tag-breaking-news","10":"tag-breakingnews","11":"tag-farevarsel","12":"tag-featured-news","13":"tag-featurednews","14":"tag-flom","15":"tag-headlines","16":"tag-latest-news","17":"tag-latestnews","18":"tag-meterologene","19":"tag-news","20":"tag-no","21":"tag-norge","22":"tag-norway","23":"tag-nyheter","24":"tag-overskrifter","25":"tag-story","26":"tag-top-stories","27":"tag-topstories"},"share_on_mastodon":{"url":"","error":""},"_links":{"self":[{"href":"https:\/\/www.europesays.com\/no\/wp-json\/wp\/v2\/posts\/32875","targetHints":{"allow":["GET"]}}],"collection":[{"href":"https:\/\/www.europesays.com\/no\/wp-json\/wp\/v2\/posts"}],"about":[{"href":"https:\/\/www.europesays.com\/no\/wp-json\/wp\/v2\/types\/post"}],"author":[{"embeddable":true,"href":"https:\/\/www.europesays.com\/no\/wp-json\/wp\/v2\/users\/2"}],"replies":[{"embeddable":true,"href":"https:\/\/www.europesays.com\/no\/wp-json\/wp\/v2\/comments?post=32875"}],"version-history":[{"count":0,"href":"https:\/\/www.europesays.com\/no\/wp-json\/wp\/v2\/posts\/32875\/revisions"}],"wp:featuredmedia":[{"embeddable":true,"href":"https:\/\/www.europesays.com\/no\/wp-json\/wp\/v2\/media\/32876"}],"wp:attachment":[{"href":"https:\/\/www.europesays.com\/no\/wp-json\/wp\/v2\/media?parent=32875"}],"wp:term":[{"taxonomy":"category","embeddable":true,"href":"https:\/\/www.europesays.com\/no\/wp-json\/wp\/v2\/categories?post=32875"},{"taxonomy":"post_tag","embeddable":true,"href":"https:\/\/www.europesays.com\/no\/wp-json\/wp\/v2\/tags?post=32875"}],"curies":[{"name":"wp","href":"https:\/\/api.w.org\/{rel}","templated":true}]}}