{"id":328838,"date":"2026-08-20T14:05:15","date_gmt":"2026-08-20T14:05:15","guid":{"rendered":"https:\/\/www.europesays.com\/no\/328838\/"},"modified":"2026-08-20T14:05:15","modified_gmt":"2026-08-20T14:05:15","slug":"stromsgodset-sport-forlenger-med-godset","status":"publish","type":"post","link":"https:\/\/www.europesays.com\/no\/328838\/","title":{"rendered":"Str\u00f8msgodset, Sport | Forlenger med Godset"},"content":{"rendered":"\n<p><b>DRAMMEN<\/b>: Ole Enersen (23) har skrevet under p\u00e5 en ny kontrakt. Det melder Str\u00f8msgodset p\u00e5 sin nettside.<\/p>\n<p>23-\u00e5ringen var en av fire spillere som kun har kontrakt ut \u00e5ret.<\/p>\n<p>Sist uke <a href=\"https:\/\/www.dt.no\/disse-spillerne-kan-forsvinne-gratis\/s\/5-57-2904168\" rel=\"Follow nofollow noopener\" target=\"_blank\">bekreftet Enersen til Drammens Tidende<\/a> at det var samtaler med klubben.<\/p>\n<p>N\u00e5 har partene kommet til enighet, og \u00c5ssiden-gutten er godset spiller i to og et halvt \u00e5r til.<\/p>\n<p><b>\u2013 Det f\u00f8les utrolig bra. For meg kjennes dette som det helt riktige steget \u00e5 ta med tanke p\u00e5 karrieren min videre, sier han. <\/b><\/p>\n<p>Vokst opp i klubben<\/p>\n<p>Enersen har i flere \u00e5r v\u00e6rt skadeplaget. I \u00e5r har klubben v\u00e6rt opptatt av \u00e5 bygge ham sakte, men sikkert opp. Det har gjort at han har spilt 17 av 18 kamper denne sesongen.<\/p>\n<p>23-\u00e5ringen har v\u00e6rt i Str\u00f8msgodset siden han var 13 \u00e5r. Det var foran 2021-sesongen han tok steget opp p\u00e5 a-laget.<\/p>\n<p>\u2013 Det ligger mange tunge arbeidstimer bak der jeg st\u00e5r n\u00e5. Det har krevd mye, men det gj\u00f8r det bare enda deiligere \u00e5 v\u00e6re p\u00e5 et s\u00e5 bra sted som jeg er i dag. Det kjennes veldig bra ut, sier 23-\u00e5ringen.<\/p>\n<p>Sportssjef Jackie Rasmussen er glad for \u00e5 ha den lokale gutten med videre.<\/p>\n<p><b>\u2013 Det gleder meg veldig at vi har kommet i m\u00e5l med Ole. Vi har v\u00e6rt grundige i denne prosessen og blitt enige om at vi skal fortsette det gode samarbeidet, sier sportssjefen. <\/b><\/p>\n<p>Etter Enersen sin forlengelse er det kun Kreshnik Krasniqi, Lars Vilsvik og Gustav Valsvik som er p\u00e5 utg\u00e5ende kontrakt i klubben.<\/p>\n<p>            DTs podkast om Str\u00f8msgodset<\/p>\n<p><b>Du kan f\u00f8lge podkasten p\u00e5 Spotify og Apple podcast:<\/b><\/p>\n<p><b>Spotify: <\/b><a href=\"https:\/\/open.spotify.com\/show\/75ieIOXw7pubRwcFAaFRv1\" rel=\"Follow nofollow noopener\" target=\"_blank\">https:\/\/open.spotify.com\/show\/75ieIOXw7pubRwcFAaFRv1<\/a><\/p>\n<p><b>Apple: <\/b><a href=\"https:\/\/podcasts.apple.com\/us\/podcast\/dt-tribunen\/id1846824789\" rel=\"Follow nofollow noopener\" target=\"_blank\">https:\/\/podcasts.apple.com\/us\/podcast\/dt-tribunen\/id1846824789<\/a><\/p>\n<p>  <a href=\"https:\/\/www.dt.no\/5-57-2908989\" class=\"related-teaser has-image article--c-MkAkR\" rel=\"nofollow noopener\" target=\"_blank\"><\/p>\n<p>    <img decoding=\"async\" width=\"155\"  loading=\"lazy\"  src=\"https:\/\/www.europesays.com\/no\/wp-content\/uploads\/2026\/08\/16_str_msgodset_-_ranheim-69.jpg\" alt=\"\" class=\"brick-c-cFOWSL\" style=\"\"\/><\/p>\n<p>\n            Les ogs\u00e5<\/p>\n<p>            DT erfarer: Bud p\u00e5 stortalentet\n        <\/p>\n<p>  <\/a><\/p>\n<p>  <a href=\"https:\/\/www.dt.no\/5-57-2904168\" class=\"related-teaser has-image article--c-MkAkR\" rel=\"nofollow noopener\" target=\"_blank\"><\/p>\n<p>    <img decoding=\"async\" width=\"155\"  loading=\"lazy\"  src=\"https:\/\/www.europesays.com\/no\/wp-content\/uploads\/2026\/08\/1787234715_293_Bildemontoren_2026-08-11+%281%29.png\" alt=\"\" class=\"brick-c-cFOWSL\" style=\"\"\/><\/p>\n<p>\n            Les ogs\u00e5<\/p>\n<p>            Disse spillerne kan forsvinne gratis\n        <\/p>\n<p>  <\/a><\/p>\n","protected":false},"excerpt":{"rendered":"DRAMMEN: Ole Enersen (23) har skrevet under p\u00e5 en ny kontrakt. Det melder Str\u00f8msgodset p\u00e5 sin nettside. 23-\u00e5ringen&hellip;\n","protected":false},"author":2,"featured_media":328839,"comment_status":"","ping_status":"","sticky":false,"template":"","format":"standard","meta":{"footnotes":"","_share_on_mastodon":"0"},"categories":[59],"tags":[36,92,30,28,29,83,82,1510,3325],"class_list":["post-328838","post","type-post","status-publish","format-standard","has-post-thumbnail","category-sport","tag-art","tag-fotball","tag-no","tag-norge","tag-norway","tag-sport","tag-sports","tag-story","tag-stromsgodset"],"share_on_mastodon":{"url":"https:\/\/pubeurope.com\/@no\/117128222026435900","error":""},"_links":{"self":[{"href":"https:\/\/www.europesays.com\/no\/wp-json\/wp\/v2\/posts\/328838","targetHints":{"allow":["GET"]}}],"collection":[{"href":"https:\/\/www.europesays.com\/no\/wp-json\/wp\/v2\/posts"}],"about":[{"href":"https:\/\/www.europesays.com\/no\/wp-json\/wp\/v2\/types\/post"}],"author":[{"embeddable":true,"href":"https:\/\/www.europesays.com\/no\/wp-json\/wp\/v2\/users\/2"}],"replies":[{"embeddable":true,"href":"https:\/\/www.europesays.com\/no\/wp-json\/wp\/v2\/comments?post=328838"}],"version-history":[{"count":0,"href":"https:\/\/www.europesays.com\/no\/wp-json\/wp\/v2\/posts\/328838\/revisions"}],"wp:featuredmedia":[{"embeddable":true,"href":"https:\/\/www.europesays.com\/no\/wp-json\/wp\/v2\/media\/328839"}],"wp:attachment":[{"href":"https:\/\/www.europesays.com\/no\/wp-json\/wp\/v2\/media?parent=328838"}],"wp:term":[{"taxonomy":"category","embeddable":true,"href":"https:\/\/www.europesays.com\/no\/wp-json\/wp\/v2\/categories?post=328838"},{"taxonomy":"post_tag","embeddable":true,"href":"https:\/\/www.europesays.com\/no\/wp-json\/wp\/v2\/tags?post=328838"}],"curies":[{"name":"wp","href":"https:\/\/api.w.org\/{rel}","templated":true}]}}