{"id":328908,"date":"2026-08-20T15:41:35","date_gmt":"2026-08-20T15:41:35","guid":{"rendered":"https:\/\/www.europesays.com\/no\/328908\/"},"modified":"2026-08-20T15:41:35","modified_gmt":"2026-08-20T15:41:35","slug":"reality-tv-dette-er-arets-spillet-deltakere","status":"publish","type":"post","link":"https:\/\/www.europesays.com\/no\/328908\/","title":{"rendered":"Reality, Tv | Dette er \u00e5rets \u00abSpillet\u00bb deltakere"},"content":{"rendered":"\n<p>(<a href=\"https:\/\/www.nettavisen.no\/kjendis\/dette-er-arets-spillet-deltakere-sophie-elise-sendte-svarteliste-til-tv-2\/s\/5-95-3203422\" rel=\"Follow nofollow noopener\" target=\"_blank\">Nettavisen<\/a>\/GD): I oktober returnerer seerfavoritten \u00abSpillet\u00bb til TV-skjermen, og denne gang med hele 20 kjendiser. <\/p>\n<p>\u00c5rets sesong byr p\u00e5 nye, sjokkerende tvister, og denne gang settes alders-tematikken under lupen: Hvem er villig til \u00e5 g\u00e5 lengst for \u00e5 vinne \u2013 de unge eller de eldre?<\/p>\n<p>P\u00e5l T\u00f8ien (OnklP) fra Lillehammer er en av \u00e5rets deltakere. <\/p>\n<p>Det er ogs\u00e5 Josefine Biseth Engmann, som tidligere har spilt ishockey i Lillehammer.<\/p>\n<p>   <img decoding=\"async\" width=\"1444\" height=\"1107\" fetchpriority=\"low\"  loading=\"lazy\"  src=\"https:\/\/www.europesays.com\/no\/wp-content\/uploads\/2026\/08\/josefine_1.png\" alt=\"\" class=\"brick-c-cFOWSL\" style=\"--brick-image-ratio: 1444 \/ 1107;\"\/><\/p>\n<p>      Josefine Biseth Engmann (28), tidligere ishockeyspiller og TV 2-ekspert, har tidligere spilt i Lillehammer.<br \/>\n      Foto: Foto: Rune Bendiksen (TV 2)\n    <\/p>\n<p>Blant \u00e5rets deltakere finner vi ogs\u00e5 hele Norges Sophie Elise Isachsen (31). Som influenser, programleder, forfatter, gr\u00fcnder for eget klesmerke og skj\u00f8nnhetsmerke, og tidligere stemplet som \u00abNorges farligste forbilde\u00bb, har Isachsen god erfaring med forhandlinger og kontrakter.<\/p>\n<p>Da TV 2 tilb\u00f8d henne en plass i \u00abSpillet\u00bb, var det s\u00e6rlig \u00e9n ting hun m\u00e5tte ha p\u00e5 plass f\u00f8r hun signerte: En garanti for at visse ansikter ikke dukket opp i huset.<\/p>\n<p>\u2013 Jeg har skrevet ned en liste, og jeg vet hvem som ikke dukker opp. Som mange andre har jeg en liste over personer der jeg sier: \u00abJeg er ikke med hvis den og den er med.\u00bb Det tror jeg er veldig vanlig, sier Isachsen til Nettavisen.<\/p>\n<p>   <img decoding=\"async\" width=\"6000\" height=\"4500\" fetchpriority=\"low\"  loading=\"lazy\"  src=\"https:\/\/www.europesays.com\/no\/wp-content\/uploads\/2026\/08\/1787240476_165_Spillet_S5_Finalkedag5388.jpg\" alt=\"\" class=\"brick-c-cFOWSL\" style=\"--brick-image-ratio: 6000 \/ 4500;\"\/><\/p>\n<p>Isachsen vil imidlertid ikke r\u00f8pe hvem som st\u00e5r p\u00e5 svartelisten. <\/p>\n<p>\u2013 For meg handler det om at jeg ikke vil v\u00e6re innel\u00e5st i et hus med folk jeg vet ikke liker meg p\u00e5 et privat plan. Det hadde satt hele dynamikken ut av spill. Da kan man jo tenke seg til hvem det gjelder \u2013 dem som hater meg vil jeg ikke ha der.<\/p>\n<p>Men dette er ikke det eneste kravet hun stilte til produksjonen: Hun m\u00e5 ogs\u00e5 ha store mengder nesespray. <\/p>\n<p>\u2013 Jeg er avhengig av det \u2026 Jeg har pr\u00f8vd \u00e5 kj\u00f8pe inn mye, fire stykker s\u00e5 langt, men skal kj\u00f8pe flere. Jeg bruker kanskje to dager p\u00e5 en spray, sier Isachsen til Nettavisen. <\/p>\n<p><b>Disse er \u00e5rets deltakere:<\/b><\/p>\n<p><b>Christer Falck (57), programleder og TV-profil<\/b><\/p>\n<p>   <img decoding=\"async\" width=\"6000\" height=\"4500\" fetchpriority=\"low\"  loading=\"lazy\"  src=\"https:\/\/www.europesays.com\/no\/wp-content\/uploads\/2026\/08\/1787240477_490_Spillet_S5_Finalkedag0169.jpg\" alt=\"\" class=\"brick-c-cFOWSL\" style=\"--brick-image-ratio: 6000 \/ 4500;\"\/><\/p>\n<p><b>Kristine Ulleb\u00f8 (29), tidligere blogger og moteprofil<\/b><\/p>\n<p>   <img decoding=\"async\" width=\"6000\" height=\"4500\" fetchpriority=\"low\"  loading=\"lazy\"  src=\"https:\/\/www.europesays.com\/no\/wp-content\/uploads\/2026\/08\/1787240478_902_Spillet_S5_Finalkedag0199.jpg\" alt=\"\" class=\"brick-c-cFOWSL\" style=\"--brick-image-ratio: 6000 \/ 4500;\"\/><\/p>\n<p><b>Gaute Berg N\u00e6ss (30), komiker og TV-profil <\/b><\/p>\n<p>   <img decoding=\"async\" width=\"6000\" height=\"4500\" fetchpriority=\"low\"  loading=\"lazy\"  src=\"https:\/\/www.europesays.com\/no\/wp-content\/uploads\/2026\/08\/1787240479_600_Spillet_S5_Finalkedag0028+1.jpg\" alt=\"\" class=\"brick-c-cFOWSL\" style=\"--brick-image-ratio: 6000 \/ 4500;\"\/><\/p>\n<p><b>Cecilia Br\u00e6khus (44), tidligere bokser <\/b><\/p>\n<p>   <img decoding=\"async\" width=\"6000\" height=\"4500\" fetchpriority=\"low\"  loading=\"lazy\"  src=\"https:\/\/www.europesays.com\/no\/wp-content\/uploads\/2026\/08\/1787240481_731_Spillet_S5_Finalkedag0226.jpg\" alt=\"\" class=\"brick-c-cFOWSL\" style=\"--brick-image-ratio: 6000 \/ 4500;\"\/><\/p>\n<p><b>Tarjei Svalastog (28), proffdanser og TV-profil <\/b><\/p>\n<p>   <img decoding=\"async\" width=\"6000\" height=\"4500\" fetchpriority=\"low\"  loading=\"lazy\"  src=\"https:\/\/www.europesays.com\/no\/wp-content\/uploads\/2026\/08\/1787240482_888_Spillet_S5_Finalkedag5491.jpg\" alt=\"\" class=\"brick-c-cFOWSL\" style=\"--brick-image-ratio: 6000 \/ 4500;\"\/><\/p>\n<p><b>Anita Skorgan (67), artist <\/b><\/p>\n<p>   <img decoding=\"async\" width=\"6000\" height=\"4500\" fetchpriority=\"low\"  loading=\"lazy\"  src=\"https:\/\/www.europesays.com\/no\/wp-content\/uploads\/2026\/08\/1787240483_747_Spillet_S5_Finalkedag0062.jpg\" alt=\"\" class=\"brick-c-cFOWSL\" style=\"--brick-image-ratio: 6000 \/ 4500;\"\/><\/p>\n<p><b>P\u00e5l T\u00f8ien (OnklP) (42), rapper <\/b><\/p>\n<p>   <img decoding=\"async\" width=\"6000\" height=\"4500\" fetchpriority=\"low\"  loading=\"lazy\"  src=\"https:\/\/www.europesays.com\/no\/wp-content\/uploads\/2026\/08\/1787240484_805_Spillet_S5_Finalkedag0057.jpg\" alt=\"\" class=\"brick-c-cFOWSL\" style=\"--brick-image-ratio: 6000 \/ 4500;\"\/><\/p>\n<p><b>Isabel \u00d8deg\u00e5rd Skolmen (51), komiker og skuespiller<\/b><\/p>\n<p>   <img decoding=\"async\" width=\"6000\" height=\"4500\" fetchpriority=\"low\"  loading=\"lazy\"  src=\"https:\/\/www.europesays.com\/no\/wp-content\/uploads\/2026\/08\/1787240485_355_Spillet_S5_Finalkedag5409.jpg\" alt=\"\" class=\"brick-c-cFOWSL\" style=\"--brick-image-ratio: 6000 \/ 4500;\"\/><\/p>\n<p><b>Ahmed Mamow (35), komiker<\/b><\/p>\n<p>   <img decoding=\"async\" width=\"6000\" height=\"4500\" fetchpriority=\"low\"  loading=\"lazy\"  src=\"https:\/\/www.europesays.com\/no\/wp-content\/uploads\/2026\/08\/1787240486_715_Spillet_S5_Finalkedag5453.jpg\" alt=\"\" class=\"brick-c-cFOWSL\" style=\"--brick-image-ratio: 6000 \/ 4500;\"\/><\/p>\n<p><b>Ingrid Olina Hovland (21), politiker (KrFU)<\/b><\/p>\n<p>   <img decoding=\"async\" width=\"6000\" height=\"4501\" fetchpriority=\"low\"  loading=\"lazy\"  src=\"https:\/\/www.europesays.com\/no\/wp-content\/uploads\/2026\/08\/1787240487_208_Spillet_S5_Finalkedag0264.jpg\" alt=\"\" class=\"brick-c-cFOWSL\" style=\"--brick-image-ratio: 6000 \/ 4501;\"\/><\/p>\n<p><b>Vegard Hansen (57), fotballtrener <\/b><\/p>\n<p>   <img decoding=\"async\" width=\"6000\" height=\"4500\" fetchpriority=\"low\"  loading=\"lazy\"  src=\"https:\/\/www.europesays.com\/no\/wp-content\/uploads\/2026\/08\/1787240488_407_Spillet_S5_Finalkedag0086.jpg\" alt=\"\" class=\"brick-c-cFOWSL\" style=\"--brick-image-ratio: 6000 \/ 4500;\"\/><\/p>\n<p><b>Anne Marie Ottersen (81), skuespiller <\/b><\/p>\n<p>   <img decoding=\"async\" width=\"6000\" height=\"4500\" fetchpriority=\"low\"  loading=\"lazy\"  src=\"https:\/\/www.europesays.com\/no\/wp-content\/uploads\/2026\/08\/1787240489_596_Spillet_S5_Finalkedag0009+1.jpg\" alt=\"\" class=\"brick-c-cFOWSL\" style=\"--brick-image-ratio: 6000 \/ 4500;\"\/><\/p>\n<p><b>Kaleb Isaac Ghebreiesus (Isah) (27), rapper <\/b><\/p>\n<p>   <img decoding=\"async\" width=\"6000\" height=\"4500\" fetchpriority=\"low\"  loading=\"lazy\"  src=\"https:\/\/www.europesays.com\/no\/wp-content\/uploads\/2026\/08\/1787240490_984_Spillet_S5_Finalkedag0111.jpg\" alt=\"\" class=\"brick-c-cFOWSL\" style=\"--brick-image-ratio: 6000 \/ 4500;\"\/><\/p>\n<p><b>H\u00e5vard Bakke (52), skuespiller <\/b><\/p>\n<p>   <img decoding=\"async\" width=\"6000\" height=\"4500\" fetchpriority=\"low\"  loading=\"lazy\"  src=\"https:\/\/www.europesays.com\/no\/wp-content\/uploads\/2026\/08\/1787240491_696_Spillet_S5_Finalkedag5516.jpg\" alt=\"\" class=\"brick-c-cFOWSL\" style=\"--brick-image-ratio: 6000 \/ 4500;\"\/><\/p>\n<p><b>Lise Finckenhagen (50), kokk <\/b><\/p>\n<p>   <img decoding=\"async\" width=\"6000\" height=\"4500\" fetchpriority=\"low\"  loading=\"lazy\"  src=\"https:\/\/www.europesays.com\/no\/wp-content\/uploads\/2026\/08\/1787240492_3_Spillet_S5_Finalkedag0183.jpg\" alt=\"\" class=\"brick-c-cFOWSL\" style=\"--brick-image-ratio: 6000 \/ 4500;\"\/><\/p>\n<p><b>Hans Morten Hansen (62), komiker og skuespiller <\/b><\/p>\n<p>   <img decoding=\"async\" width=\"6000\" height=\"4500\" fetchpriority=\"low\"  loading=\"lazy\"  src=\"https:\/\/www.europesays.com\/no\/wp-content\/uploads\/2026\/08\/1787240493_424_Spillet_S5_Finalkedag5468.jpg\" alt=\"\" class=\"brick-c-cFOWSL\" style=\"--brick-image-ratio: 6000 \/ 4500;\"\/><\/p>\n<p><b>Frida Dahl Seeman (21), influenser<\/b><\/p>\n<p>   <img decoding=\"async\" width=\"6000\" height=\"4500\" fetchpriority=\"low\"  loading=\"lazy\"  src=\"https:\/\/www.europesays.com\/no\/wp-content\/uploads\/2026\/08\/1787240494_876_Spillet_S5_Finalkedag0053+1.jpg\" alt=\"\" class=\"brick-c-cFOWSL\" style=\"--brick-image-ratio: 6000 \/ 4500;\"\/><\/p>\n<p><b>Eliseo Gautefall Mungai (19), skuespiller <\/b><\/p>\n<p>   <img decoding=\"async\" width=\"6000\" height=\"4500\" fetchpriority=\"low\"  loading=\"lazy\"  src=\"https:\/\/www.europesays.com\/no\/wp-content\/uploads\/2026\/08\/1787240495_474_Spillet_S5_Finalkedag0071.jpg\" alt=\"\" class=\"brick-c-cFOWSL\" style=\"--brick-image-ratio: 6000 \/ 4500;\"\/><\/p>\n","protected":false},"excerpt":{"rendered":"(Nettavisen\/GD): I oktober returnerer seerfavoritten \u00abSpillet\u00bb til TV-skjermen, og denne gang med hele 20 kjendiser. \u00c5rets sesong byr&hellip;\n","protected":false},"author":2,"featured_media":328909,"comment_status":"","ping_status":"","sticky":false,"template":"","format":"standard","meta":{"footnotes":"","_share_on_mastodon":"0"},"categories":[58],"tags":[36,71,30,28,29,14,2587,1510,207,1130,72],"class_list":["post-328908","post","type-post","status-publish","format-standard","has-post-thumbnail","category-underholdning","tag-art","tag-entertainment","tag-no","tag-norge","tag-norway","tag-nyheter","tag-reality","tag-story","tag-tv","tag-tv2","tag-underholdning"],"share_on_mastodon":{"url":"https:\/\/pubeurope.com\/@no\/117128600010462492","error":""},"_links":{"self":[{"href":"https:\/\/www.europesays.com\/no\/wp-json\/wp\/v2\/posts\/328908","targetHints":{"allow":["GET"]}}],"collection":[{"href":"https:\/\/www.europesays.com\/no\/wp-json\/wp\/v2\/posts"}],"about":[{"href":"https:\/\/www.europesays.com\/no\/wp-json\/wp\/v2\/types\/post"}],"author":[{"embeddable":true,"href":"https:\/\/www.europesays.com\/no\/wp-json\/wp\/v2\/users\/2"}],"replies":[{"embeddable":true,"href":"https:\/\/www.europesays.com\/no\/wp-json\/wp\/v2\/comments?post=328908"}],"version-history":[{"count":0,"href":"https:\/\/www.europesays.com\/no\/wp-json\/wp\/v2\/posts\/328908\/revisions"}],"wp:featuredmedia":[{"embeddable":true,"href":"https:\/\/www.europesays.com\/no\/wp-json\/wp\/v2\/media\/328909"}],"wp:attachment":[{"href":"https:\/\/www.europesays.com\/no\/wp-json\/wp\/v2\/media?parent=328908"}],"wp:term":[{"taxonomy":"category","embeddable":true,"href":"https:\/\/www.europesays.com\/no\/wp-json\/wp\/v2\/categories?post=328908"},{"taxonomy":"post_tag","embeddable":true,"href":"https:\/\/www.europesays.com\/no\/wp-json\/wp\/v2\/tags?post=328908"}],"curies":[{"name":"wp","href":"https:\/\/api.w.org\/{rel}","templated":true}]}}