{"id":329005,"date":"2026-08-20T17:34:15","date_gmt":"2026-08-20T17:34:15","guid":{"rendered":"https:\/\/www.europesays.com\/no\/329005\/"},"modified":"2026-08-20T17:34:15","modified_gmt":"2026-08-20T17:34:15","slug":"mat-og-drikke-tv2-dukker-opp-pa-tv-skjermen-til-hosten","status":"publish","type":"post","link":"https:\/\/www.europesays.com\/no\/329005\/","title":{"rendered":"Mat og drikke, TV2 | Dukker opp p\u00e5 TV-skjermen til h\u00f8sten"},"content":{"rendered":"\n<p>Eyvind Hellstr\u00f8m, Wenche Andersen og Truls Svendsen er programledere for \u00abBakeskolen\u00bb.<\/p>\n<p>Der skal det kjempes om \u00e5 prestere det beste resultatet og vinne gullkjevlen. <\/p>\n<p>Tilbake p\u00e5 skjermen<\/p>\n<p>Kjendisene \u2013 eller elevene om du vil \u2013 flytter inn p\u00e5 Borregaard Hovedgaard i Sarpsborg, og skal l\u00e6re om bakst og desserter.<\/p>\n<p>Blant listen over elever finner man VGTV-profil Martin Sleipnes fra \u00d8rnes. <\/p>\n<p>Han var p\u00e5 TV-skjermen tidligere i \u00e5r, da han var \u00e9n av tre deltakere som sjekket inn p\u00e5 \u00abTorpet\u00bb-g\u00e5rden fra start. <\/p>\n<p>   <img decoding=\"async\" width=\"7952\" height=\"5304\" fetchpriority=\"low\"  loading=\"lazy\"  src=\"https:\/\/www.europesays.com\/no\/wp-content\/uploads\/2026\/08\/martin_1.jpg\" alt=\"\" class=\"brick-c-cFOWSL\" style=\"--brick-image-ratio: 7952 \/ 5304;\"\/><\/p>\n<p>      N\u00e5 gjenst\u00e5r det \u00e5 se hvor langt Martin Sleipnes kommer i jakten p\u00e5 gullkjevlen.<br \/>\n      Foto: Trygve S\u00f8rli\n    <\/p>\n<p>  Vidt sprang<\/p>\n<p>I \u00abBakeskolen\u00bb vil elevene f\u00e5 undervisning av rektor Eyvind Hellstr\u00f8m og undervisningsinspekt\u00f8r Wenche Andersen. I tillegg er flere av Norges dyktigste bakere og konditorer gjesteforelesere.<\/p>\n<p>Etter hver skoletime testes elevene i tentamen, og den eleven som gj\u00f8r det d\u00e5rligst i hvert program \u2013 blir utvist. De aller beste elevene f\u00e5r g\u00e5 opp til eksamen p\u00e5 slutten av semesteret, og til slutt st\u00e5r en av elevene igjen som vinner av \u00abBakeskolen\u00bb.<\/p>\n<p>Her er alle elevene i \u00abBakeskolen\u00bb: <\/p>\n<ul>\n<li>Bahare Viken \u2013 programleder <\/li>\n<li>Brynjar Meling \u2013 advokat <\/li>\n<li>Caroline Berg Eriksen \u2013 influenser <\/li>\n<li>Emilie Nereng \u2013 matinfluenser <\/li>\n<li>Klaus Sonstad \u2013 skuespiller <\/li>\n<li>Kristoffer Kaayne \u2013 matprofil <\/li>\n<li>Marna Haugen \u2013 innholdsskaper <\/li>\n<li>Martin Sleipnes \u2013 programleder <\/li>\n<li>Olaug Bollestad \u2013 politiker <\/li>\n<li>Scott Maurstad \u2013 stemmeskuespiller <\/li>\n<li>Una Moe Giske \u2013 influenser <\/li>\n<li>\u00c5ge Sten Nilsen \u2013 artist<\/li>\n<\/ul>\n","protected":false},"excerpt":{"rendered":"Eyvind Hellstr\u00f8m, Wenche Andersen og Truls Svendsen er programledere for \u00abBakeskolen\u00bb. Der skal det kjempes om \u00e5 prestere&hellip;\n","protected":false},"author":2,"featured_media":329006,"comment_status":"","ping_status":"","sticky":false,"template":"","format":"standard","meta":{"footnotes":"","_share_on_mastodon":"0"},"categories":[58],"tags":[36,25812,71,1085,12916,2036,30,28,29,1510,1130,72],"class_list":["post-329005","post","type-post","status-publish","format-standard","has-post-thumbnail","category-underholdning","tag-art","tag-bakeskolen","tag-entertainment","tag-konkurranse","tag-martin-sleipnes","tag-mat-og-drikke","tag-no","tag-norge","tag-norway","tag-story","tag-tv2","tag-underholdning"],"share_on_mastodon":{"url":"https:\/\/pubeurope.com\/@no\/117129043340225952","error":""},"_links":{"self":[{"href":"https:\/\/www.europesays.com\/no\/wp-json\/wp\/v2\/posts\/329005","targetHints":{"allow":["GET"]}}],"collection":[{"href":"https:\/\/www.europesays.com\/no\/wp-json\/wp\/v2\/posts"}],"about":[{"href":"https:\/\/www.europesays.com\/no\/wp-json\/wp\/v2\/types\/post"}],"author":[{"embeddable":true,"href":"https:\/\/www.europesays.com\/no\/wp-json\/wp\/v2\/users\/2"}],"replies":[{"embeddable":true,"href":"https:\/\/www.europesays.com\/no\/wp-json\/wp\/v2\/comments?post=329005"}],"version-history":[{"count":0,"href":"https:\/\/www.europesays.com\/no\/wp-json\/wp\/v2\/posts\/329005\/revisions"}],"wp:featuredmedia":[{"embeddable":true,"href":"https:\/\/www.europesays.com\/no\/wp-json\/wp\/v2\/media\/329006"}],"wp:attachment":[{"href":"https:\/\/www.europesays.com\/no\/wp-json\/wp\/v2\/media?parent=329005"}],"wp:term":[{"taxonomy":"category","embeddable":true,"href":"https:\/\/www.europesays.com\/no\/wp-json\/wp\/v2\/categories?post=329005"},{"taxonomy":"post_tag","embeddable":true,"href":"https:\/\/www.europesays.com\/no\/wp-json\/wp\/v2\/tags?post=329005"}],"curies":[{"name":"wp","href":"https:\/\/api.w.org\/{rel}","templated":true}]}}