{"id":329073,"date":"2026-08-20T18:57:18","date_gmt":"2026-08-20T18:57:18","guid":{"rendered":"https:\/\/www.europesays.com\/no\/329073\/"},"modified":"2026-08-20T18:57:18","modified_gmt":"2026-08-20T18:57:18","slug":"sport-fotball-skriver-ny-kontrakt-betyr-litt-ekstra","status":"publish","type":"post","link":"https:\/\/www.europesays.com\/no\/329073\/","title":{"rendered":"Sport, Fotball | Skriver ny kontrakt: \u2013 Betyr litt ekstra"},"content":{"rendered":"\n<p>Torsdag deler klubben nyheten om at midtstopperen n\u00e5 er bundet til Hamar-klubben ut 2028-sesongen.<\/p>\n<p>\u2013 Siden jeg kom hit i 2021 har jeg blitt utrolig glad i denne klubben. I en t\u00f8ff tid med mye skader har HamKam alltid hatt ryggen min og st\u00f8ttet meg fullt ut. S\u00e5 n\u00e5 n\u00e5r de \u00f8nsker \u00e5 ha meg med videre var det et veldig enkelt valg, sier Opsahl til HamKam.no<\/p>\n<p>Sportssjef i klubben, J\u00f8rgen Bj\u00f8rn, har p\u00e5 ingen m\u00e5te gitt opp lillehamringen.<\/p>\n<p>\u2013 Vi har klokkertro p\u00e5 Halvor og er helt overbevist om at det bor et h\u00f8yt internasjonalt niv\u00e5 i ham.<\/p>\n<p>Bj\u00f8rn har hatt en hektisk sommer, med mange spillere inn og ut. Signaturen til Opsahl vekker f\u00f8lelser hos ham.<\/p>\n<p>\u2013 Denne forlengelsen betyr litt ekstra. Halvor er en spiller og et menneske vi har blitt veldig glade i og som betyr mye for HamKam. De siste \u00e5rene har v\u00e6rt t\u00f8ffere enn noen ung fotballspiller fortjener.<\/p>\n<p>Han trekker fram evnen til \u00e5 st\u00e5 i motgang. M\u00e5ten Opsahl ikke har gitt opp tross nye tilbakeslag.<\/p>\n<p>\u2013 Han har hele veien v\u00e6rt en som fyller p\u00e5 energi i garderoben og i klubben. N\u00e5r du selv st\u00e5r i brutal motgang og fortsatt klarer \u00e5 gj\u00f8re menneskene rundt deg bedre, sier det ekstremt mye om hvem du er.<\/p>\n","protected":false},"excerpt":{"rendered":"Torsdag deler klubben nyheten om at midtstopperen n\u00e5 er bundet til Hamar-klubben ut 2028-sesongen. \u2013 Siden jeg kom&hellip;\n","protected":false},"author":2,"featured_media":329074,"comment_status":"","ping_status":"","sticky":false,"template":"","format":"standard","meta":{"footnotes":"","_share_on_mastodon":"0"},"categories":[59],"tags":[36,92,870,1427,30,28,29,14,83,82,1510],"class_list":["post-329073","post","type-post","status-publish","format-standard","has-post-thumbnail","category-sport","tag-art","tag-fotball","tag-hamkam","tag-lillehammer","tag-no","tag-norge","tag-norway","tag-nyheter","tag-sport","tag-sports","tag-story"],"share_on_mastodon":{"url":"https:\/\/pubeurope.com\/@no\/117129369716510480","error":""},"_links":{"self":[{"href":"https:\/\/www.europesays.com\/no\/wp-json\/wp\/v2\/posts\/329073","targetHints":{"allow":["GET"]}}],"collection":[{"href":"https:\/\/www.europesays.com\/no\/wp-json\/wp\/v2\/posts"}],"about":[{"href":"https:\/\/www.europesays.com\/no\/wp-json\/wp\/v2\/types\/post"}],"author":[{"embeddable":true,"href":"https:\/\/www.europesays.com\/no\/wp-json\/wp\/v2\/users\/2"}],"replies":[{"embeddable":true,"href":"https:\/\/www.europesays.com\/no\/wp-json\/wp\/v2\/comments?post=329073"}],"version-history":[{"count":0,"href":"https:\/\/www.europesays.com\/no\/wp-json\/wp\/v2\/posts\/329073\/revisions"}],"wp:featuredmedia":[{"embeddable":true,"href":"https:\/\/www.europesays.com\/no\/wp-json\/wp\/v2\/media\/329074"}],"wp:attachment":[{"href":"https:\/\/www.europesays.com\/no\/wp-json\/wp\/v2\/media?parent=329073"}],"wp:term":[{"taxonomy":"category","embeddable":true,"href":"https:\/\/www.europesays.com\/no\/wp-json\/wp\/v2\/categories?post=329073"},{"taxonomy":"post_tag","embeddable":true,"href":"https:\/\/www.europesays.com\/no\/wp-json\/wp\/v2\/tags?post=329073"}],"curies":[{"name":"wp","href":"https:\/\/api.w.org\/{rel}","templated":true}]}}