{"id":329341,"date":"2026-08-21T05:05:14","date_gmt":"2026-08-21T05:05:14","guid":{"rendered":"https:\/\/www.europesays.com\/no\/329341\/"},"modified":"2026-08-21T05:05:14","modified_gmt":"2026-08-21T05:05:14","slug":"purret-pa-statsstotte-i-fellesferien-e24","status":"publish","type":"post","link":"https:\/\/www.europesays.com\/no\/329341\/","title":{"rendered":"Purret p\u00e5 statsst\u00f8tte i fellesferien \u2013 E24"},"content":{"rendered":"\n<p class=\"_textTheme_1yhmn_1 _lead_16k26_2 _lead_3ue4t_18 layout-component layout-wide layout-padded _lead_o6m9k_5 body-large _wide_o6m9k_9\">I juni ble Bellona reddet fra konkurs \u2013 m\u00e5neden etter purret milj\u00f8stiftelsen p\u00e5 statst\u00f8tte for \u00e5 dekke \u00abl\u00f8pende forpliktelser\u00bb.<\/p>\n<p><img alt=\"Bellona-grunnlegger og styreleder Frederic Hauge og daglig leder Sveinung Rotevatn samlet inn 13 millioner kroner til den \u00f8konomisk pressede milj\u00f8stiftelsen f\u00f8r sommerferien.\" class=\"_image_1jxax_84 layout-component layout-wide\" data-fullscreen- data-track-element-type=\"Article image fullscreen\" data-track-name=\"ImageFullscreen\" fetchpriority=\"high\" decoding=\"sync\" loading=\"eager\" height=\"5660\" itemprop=\"image\"  src=\"https:\/\/www.europesays.com\/no\/wp-content\/uploads\/2026\/08\/089f0bd4-4b9e-369b-820f-8e6875c1d028.jpeg\"  style=\"object-position:66.57243816254417% 40.87455830388693%\" width=\"8490\"\/>Bellona-grunnlegger og styreleder Frederic Hauge og daglig leder Sveinung Rotevatn samlet inn 13 millioner kroner til den \u00f8konomisk pressede milj\u00f8stiftelsen f\u00f8r sommerferien.  Foto: Ole Berg-Rusten \/ NTBVis mer<\/p>\n<ul aria-hidden=\"true\" class=\"_images_1lr5y_103\">\n<li><a class=\"_link_1lr5y_108\" href=\"https:\/\/e24.no\/forfatter\/erik-tangen\" title=\"Erik Tangen\" tabindex=\"-1\" rel=\"nofollow noopener\" target=\"_blank\"><img alt=\"Bilde av Erik Tangen\" class=\"_image_1lr5y_85\" fetchpriority=\"low\" decoding=\"async\" itemprop=\"image\" loading=\"lazy\"  src=\"https:\/\/www.europesays.com\/no\/wp-content\/uploads\/2026\/08\/31f02a1a-fb4b-4283-ac40-e7fc6994e8b8.jpeg\"  width=\"480\"\/><\/a><\/li>\n<\/ul>\n<p>Oppsummeringen er laget med kunstig intelligens og kvalitetssikret av E24s journalister.<\/p>\n<ul class=\"_list_16k26_3 _list_tj395_103 _unordered_16k26_103 _textTheme_1yhmn_1 body-small\">\n<li class=\"_item_16k26_63\">I juli purret Bellona p\u00e5 en utbetaling av fem millioner kroner fra staten, blant annet for \u00e5 dekke \u00abl\u00f8pende forpliktelser\u00bb til milj\u00f8stiftelsens atomsikkerhetsarbeid.<\/li>\n<li class=\"_item_16k26_63\">Daglig leder Sveinung Rotevatn sier de fortsatt har en t\u00f8ff jobb foran seg for \u00e5 f\u00e5 kontroll p\u00e5 \u00f8konomien.<\/li>\n<li class=\"_item_16k26_63\">Bellona var p\u00e5 konkursens rand f\u00f8r sommeren, men ble reddet i siste time gjennom en innsamlingsaksjon der de fikk inn 13 millioner kroner.<\/li>\n<\/ul>\n<p>Vis mer  <\/p>\n<p class=\"_textTheme_1yhmn_1 _paragraph_16k26_4 _paragraph_3ue4t_27 layout-component layout-normal layout-padded body-medium\">Budskapet Bellona i juni 2026 gikk ut med i <a href=\"https:\/\/www.vg.no\/nyheter\/i\/vr3Jpj\/bellona-gaar-konkurs-hvis-de-ikke-faar-aatte-millioner-kroner-paa-en-uke\" class=\"_link_16k26_32\" rel=\"nofollow noopener\" target=\"_blank\">VG var dramatisk<\/a>: Milj\u00f8stiftelsen trengte \u00e5tte millioner kroner, og det raskt, for \u00e5 unng\u00e5 konkurs. <\/p>\n<p class=\"_textTheme_1yhmn_1 _paragraph_16k26_4 _paragraph_3ue4t_27 layout-component layout-normal layout-padded body-medium\">Stiftelsen fikk <a href=\"https:\/\/e24.no\/energi-og-klima\/i\/d4kvXz\/bellona-reddet-fra-konkurs\" class=\"_link_16k26_32\" rel=\"nofollow noopener\" target=\"_blank\">inn 13 millioner kroner<\/a> fra private givere og akt\u00f8rer i n\u00e6ringslivet gjennom en innsamlingsaksjon, og Bellona kunne til slutt sl\u00e5 fast at organisasjonen var reddet fra oppbudN\u00e5r en bedrift frivillig melder seg konkurs. <\/p>\n<p class=\"_textTheme_1yhmn_1 _paragraph_16k26_4 _paragraph_3ue4t_27 layout-component layout-normal layout-padded body-medium\">Bellona pekte p\u00e5 forsinkede tilskudd fra norske myndigheter som noe av forklaringen p\u00e5 den akutte pengekrisen, blant annet st\u00f8tte fra Direktoratet for str\u00e5levern og atomsikkerhet (DSA) til Bellonas arbeid med atomsikkerhet i Russland og Ukraina. Stiftelsen har gjennom flere \u00e5r mottatt denne pengest\u00f8tten p\u00e5 v\u00e5rparten.<\/p>\n<p class=\"_textTheme_1yhmn_1 _paragraph_16k26_4 _paragraph_3ue4t_27 layout-component layout-normal layout-padded body-medium\">Men til tross for at Bellona fikk inn en betydelig h\u00f8yere sum enn de \u00e5tte millionene de h\u00e5pet p\u00e5 fra innsamlingsaksjonen i juni, var det tilsynelatende behov for mer \u2013 midt i fellesferien.<\/p>\n<p> <a class=\"_link_12q07_20\" data-track-id=\"teaser:bOL3Ed\" data-track-impression=\"true\" data-track-name=\"Skyldte ti millioner til s\u00f8sterorganisasjon\" data-track-element-size=\"small\" data-track-element-type=\"Teaser\" data-track-image-url=\"https:\/\/www.europesays.com\/no\/wp-content\/uploads\/2026\/08\/f1878700-bbc3-3222-8f57-e266bd0736f5.jpeg\" data-track-layout-name=\"image:right\" data-track-position-source=\"related-article\" href=\"https:\/\/e24.no\/energi-og-klima\/i\/bOL3Ed\/skyldte-ti-millioner-til-soesterorganisasjon\" rel=\"nofollow noopener\" target=\"_blank\"><img decoding=\"async\" alt=\"\" class=\"_image_12q07_77\" height=\"4000\" loading=\"lazy\"  src=\"https:\/\/www.europesays.com\/no\/wp-content\/uploads\/2026\/08\/f1878700-bbc3-3222-8f57-e266bd0736f5.jpeg\"  width=\"6000\"\/><\/p>\n<p class=\"label-small _kicker_12q07_98\">Les ogs\u00e5<\/p>\n<p>Skyldte ti millioner til s\u00f8sterorganisasjon<\/a> Trengte penger til \u00abl\u00f8pende forpliktelser\u00bb  <\/p>\n<p class=\"_textTheme_1yhmn_1 _paragraph_16k26_4 _paragraph_3ue4t_27 layout-component layout-normal layout-padded body-medium\">Fredag 3. juli fikk Bellona bekreftelse p\u00e5 at DSA ville gi stiftelsen tilskudd p\u00e5 16,1 millioner kroner over en tre\u00e5rsperiode. I e-posten skriver direktoratet at de hadde \u00abiverksatt prosessen for utbetaling\u00bb av tilskuddet for 2026 \u2013 like i overkant av fem millioner kroner. Dr\u00f8yt to uker senere hadde pengene fortsatt ikke kommet inn p\u00e5 milj\u00f8stiftelsens konto.  <\/p>\n<p class=\"_textTheme_1yhmn_1 _paragraph_16k26_4 _paragraph_3ue4t_27 layout-component layout-normal layout-padded body-medium\">I en e-post til direktoratet 21. juli, hvor daglig leder Sveinung Rotevatn og \u00f8konomisjef Dag Hotvedt sto p\u00e5 kopi, purret Bellona-medarbeider Vladislav Nikiforov p\u00e5 utbetalingen. <\/p>\n<p class=\"_textTheme_1yhmn_1 _paragraph_16k26_4 _paragraph_3ue4t_27 layout-component layout-normal layout-padded body-medium\">\u00abVi er i stor grad avhengige av at midlene kommer p\u00e5 plass s\u00e5 snart som mulig for \u00e5 sikre videre gjennomf\u00f8ring av planlagte aktiviteter og for \u00e5 kunne ivareta v\u00e5re l\u00f8pende forpliktelser\u00bb, st\u00e5r det i e-posten, som E24 har f\u00e5tt innsyn i. <\/p>\n<p class=\"_textTheme_1yhmn_1 _paragraph_16k26_4 _paragraph_3ue4t_27 layout-component layout-normal layout-padded body-medium\">Bare \u00e9n time senere bekreftet DSA at utbetalingen vil g\u00e5 ut fra banken samme dag. <\/p>\n<p class=\"_textTheme_1yhmn_1 _paragraph_16k26_4 _paragraph_3ue4t_27 layout-component layout-normal layout-padded body-medium\">\u00abVi setter stor pris p\u00e5 hjelpen din, spesielt siden du egentlig har ferie\u00bb, svarte Nikiforov p\u00e5 vegne av Bellona senere samme kveld. <\/p>\n<p class=\"_textTheme_1yhmn_1 _paragraph_16k26_4 _paragraph_3ue4t_27 layout-component layout-normal layout-padded body-medium\">Har du tips om saken? Kontakt journalistene <a href=\"https:\/\/e24.no\/naeringsliv\/i\/wrV94o\/mailto:tangen@e24.no\" class=\"_link_16k26_32\" rel=\"nofollow noopener\" target=\"_blank\">her <\/a>eller <a href=\"https:\/\/e24.no\/naeringsliv\/i\/wrV94o\/mailto:magnus@e24.no\" class=\"_link_16k26_32\" rel=\"nofollow noopener\" target=\"_blank\">her.<\/a><\/p>\n<p> T\u00f8ff jobb med \u00e5 \u00abrette opp skuta\u00bb <\/p>\n<p class=\"_textTheme_1yhmn_1 _paragraph_16k26_4 _paragraph_3ue4t_27 layout-component layout-normal layout-padded body-medium\">E24 har spurt daglig leder Sveinung Rotevatn i Bellona om hvilke \u00abl\u00f8pende forpliktelser\u00bb, som det refereres til i purre-mailen, statsst\u00f8tten skal brukes p\u00e5. Han sier at det er snakk om l\u00f8nn. <\/p>\n<p class=\"_textTheme_1yhmn_1 _paragraph_16k26_4 _paragraph_3ue4t_27 layout-component layout-normal layout-padded body-medium\">\u2013 Vi har medarbeidere i Norge, Litauen og andre land som arbeider med Russland-prosjektet v\u00e5rt. Dette er hovedsakelig finansiert av DSA og Norad, og s\u00e5 lenge \u00e5rets tildeling ikke er p\u00e5 konto, m\u00e5 de l\u00f8nnes med andre midler \u2013 noe som \u00e5penbart ikke er en \u00f8nsket situasjon. Vi er sv\u00e6rt takknemlige for at DSA b\u00e5de har godkjent prosjekts\u00f8knaden v\u00e5r, og for at de kunne gjennomf\u00f8re den f\u00f8rste overf\u00f8ringen raskt, skriver Rotevatn i en tekstmelding til E24. <\/p>\n<p class=\"_textTheme_1yhmn_1 _paragraph_16k26_4 _paragraph_3ue4t_27 layout-component layout-normal layout-padded body-medium\">DSA stiller sv\u00e6rt strenge krav til hvordan pengene brukes. I det s\u00e5kalte tilsagnsbrevet  Et dokument som bekrefter at en organisasjon vil motta st\u00f8ttetil Bellona heter det at pengene utelukkende skal brukes til \u00e5 finansiere \u00abprosjektets faktiske kostnader\u00bb. <\/p>\n<p> <img alt=\"Hauge og Rotevatn da sistnevnte ble utnevnt til daglig leder tilbake i desember 2025.\" class=\"_image_1jxax_84 layout-component layout-normal\" data-fullscreen- data-track-element-type=\"Article image fullscreen\" data-track-name=\"ImageFullscreen\" decoding=\"async\" loading=\"lazy\" height=\"4000\" itemprop=\"image\"  src=\"https:\/\/www.europesays.com\/no\/wp-content\/uploads\/2026\/08\/cc976177-128a-3682-99ff-f9b1ada14d3d.jpeg\"  style=\"object-position:0% 0%\" width=\"6000\"\/>Hauge og Rotevatn da sistnevnte ble utnevnt til daglig leder tilbake i desember 2025. Foto: Hallgeir V\u00e5genes \/ VG \/ NTBVis mer <\/p>\n<p class=\"_textTheme_1yhmn_1 _paragraph_16k26_4 _paragraph_3ue4t_27 layout-component layout-normal layout-padded body-medium\">P\u00e5 sp\u00f8rsm\u00e5l om hvorfor det tilsynelatende hastet s\u00e5 mye \u00e5 f\u00e5 utbetalingen p\u00e5 plass, svarer Rotevatn: <\/p>\n<p class=\"_textTheme_1yhmn_1 _paragraph_16k26_4 _paragraph_3ue4t_27 layout-component layout-normal layout-padded body-medium\">\u2013 Fordi vi hadde lagt inn i budsjettene v\u00e5re at st\u00f8tten til Russland-arbeidet skulle komme i mai. Siden denne ble forsinket hovedsakelig p\u00e5 grunn av forhold i direktoratet, og fortsatt er forsinket n\u00e5r det gjelder Norad-st\u00f8tten, var det viktig \u00e5 f\u00e5 i alle fall noen av pengene inn p\u00e5 konto for \u00e5 finansiere det l\u00f8pende arbeidet v\u00e5rt p\u00e5 dette feltet.<\/p>\n<p class=\"_textTheme_1yhmn_1 _paragraph_16k26_4 _paragraph_3ue4t_27 layout-component layout-normal layout-padded body-medium\">\u2013 Er dette et uttrykk for at Bellona fortsatt befinner seg i en pengeknipe? <\/p>\n<p class=\"_textTheme_1yhmn_1 _paragraph_16k26_4 _paragraph_3ue4t_27 layout-component layout-normal layout-padded body-medium\">\u2013 Som vi sa p\u00e5 pressekonferansen f\u00f8r sommeren, har Bellona en t\u00f8ff jobb foran seg med \u00e5 rette opp skuta og balansere \u00f8konomien. Derfor jobber vi hardt hver dag med \u00e5 f\u00e5 inn inntekter raskt og kutte v\u00e5re egne kostnader, svarer Rotevatn.<\/p>\n<p> <a class=\"_link_12q07_20\" data-track-id=\"teaser:WvkrrQ\" data-track-impression=\"true\" data-track-name=\"\u2013 Bellona tar all risikoen\" data-track-element-size=\"small\" data-track-element-type=\"Teaser\" data-track-image-url=\"https:\/\/www.europesays.com\/no\/wp-content\/uploads\/2026\/08\/28f57f04-f4c2-3743-82c6-fc21bb0f667c.jpeg\" data-track-layout-name=\"image:right\" data-track-position-source=\"related-article\" href=\"https:\/\/e24.no\/energi-og-klima\/i\/WvkrrQ\/bellona-tar-all-risikoen\" rel=\"nofollow noopener\" target=\"_blank\"><img decoding=\"async\" alt=\"\" class=\"_image_12q07_77\" height=\"1668\" loading=\"lazy\"  src=\"https:\/\/www.europesays.com\/no\/wp-content\/uploads\/2026\/08\/28f57f04-f4c2-3743-82c6-fc21bb0f667c.jpeg\"  width=\"2500\"\/><\/p>\n<p class=\"label-small _kicker_12q07_98\">Les ogs\u00e5<\/p>\n<p>\u2013 Bellona tar all risikoen<\/a> Ubetalt gjeld og ubetalte krav <\/p>\n<p class=\"_textTheme_1yhmn_1 _paragraph_16k26_4 _paragraph_3ue4t_27 layout-component layout-normal layout-padded body-medium\">If\u00f8lge Bellona selv var det stans i en betaling fra p\u00e5 20 millioner kroner fra en utenlandsk stiftelse, og forsinkede offentlige tilskudd som utl\u00f8ste den akutte pengekrisen p\u00e5 forsommeren. Men som E24 omtalte har milj\u00f8stiftelsen st\u00e5tt i en presset, \u00f8konomisk situasjon lenge: <\/p>\n<ul class=\"_list_16k26_3 _list_3ue4t_26 _unordered_16k26_103 _textTheme_1yhmn_1 layout-component layout-normal layout-padded body-medium\">\n<li class=\"_item_16k26_63\">Bellona i Norge hadde over flere \u00e5r brukt penger som egentlig skulle videre til s\u00f8sterorganisasjonen i Brussel. Ved utgangen av 2025 var gjelden kommet opp i ti millioner kroner. <\/li>\n<li class=\"_item_16k26_63\">Samtidig hadde Bellona<a href=\"https:\/\/e24.no\/energi-og-klima\/i\/GxjLPJ\/laante-ut-ansatte-mangler-betaling-paa-3-9-mill\" class=\"_link_16k26_32\" rel=\"nofollow noopener\" target=\"_blank\"> l\u00e5nt stadig mer penger til investeringsselskapet <\/a>Bellona Holding, som igjen var med p\u00e5 \u00e5 finansiere oppstarten av Accelerate Capital, et kommersielt r\u00e5dgivningsselskap der b\u00e5de Bellona og Frederic Hauge privat er eiere. <\/li>\n<\/ul>\n<p class=\"_textTheme_1yhmn_1 _paragraph_16k26_4 _paragraph_3ue4t_27 layout-component layout-normal layout-padded body-medium\">Accelerate Capital fikk i 2022 og 2023 <a href=\"https:\/\/e24.no\/energi-og-klima\/i\/GxjLPJ\/laante-ut-ansatte-mangler-betaling-paa-3-9-mill\" class=\"_link_16k26_32\" rel=\"nofollow noopener\" target=\"_blank\">l\u00e5ne ansatte i Bellona Holding for minst 7,7 millioner kroner, uten \u00e5 betale l\u00f8pende<\/a>. Selskapet skylder fortsatt 3,9 millioner kroner til Bellona Holding for dette. Kravet forfalt i 2024, men ble \u00e5ret etter gjort om til et l\u00e5n med laveste prioritet.<\/p>\n","protected":false},"excerpt":{"rendered":"I juni ble Bellona reddet fra konkurs \u2013 m\u00e5neden etter purret milj\u00f8stiftelsen p\u00e5 statst\u00f8tte for \u00e5 dekke \u00abl\u00f8pende&hellip;\n","protected":false},"author":2,"featured_media":329342,"comment_status":"","ping_status":"","sticky":false,"template":"","format":"standard","meta":{"footnotes":"","_share_on_mastodon":"0"},"categories":[5],"tags":[10622,20,21,22065,24,25,1792,15,19,22,23,17,18,13,30,28,29,14,16,14039,26,27],"class_list":["post-329341","post","type-post","status-publish","format-standard","has-post-thumbnail","category-overskrifter","tag-bellona","tag-breaking-news","tag-breakingnews","tag-direktoratet-for-stralevern-og-atomsikkerhet-dsa","tag-featured-news","tag-featurednews","tag-frederic-hauge","tag-headlines","tag-hovedoppslag","tag-latest-news","tag-latestnews","tag-main-news","tag-mainnews","tag-news","tag-no","tag-norge","tag-norway","tag-nyheter","tag-overskrifter","tag-sveinung-rotevatn","tag-top-stories","tag-topstories"],"share_on_mastodon":{"url":"https:\/\/pubeurope.com\/@no\/117131760652034943","error":""},"_links":{"self":[{"href":"https:\/\/www.europesays.com\/no\/wp-json\/wp\/v2\/posts\/329341","targetHints":{"allow":["GET"]}}],"collection":[{"href":"https:\/\/www.europesays.com\/no\/wp-json\/wp\/v2\/posts"}],"about":[{"href":"https:\/\/www.europesays.com\/no\/wp-json\/wp\/v2\/types\/post"}],"author":[{"embeddable":true,"href":"https:\/\/www.europesays.com\/no\/wp-json\/wp\/v2\/users\/2"}],"replies":[{"embeddable":true,"href":"https:\/\/www.europesays.com\/no\/wp-json\/wp\/v2\/comments?post=329341"}],"version-history":[{"count":0,"href":"https:\/\/www.europesays.com\/no\/wp-json\/wp\/v2\/posts\/329341\/revisions"}],"wp:featuredmedia":[{"embeddable":true,"href":"https:\/\/www.europesays.com\/no\/wp-json\/wp\/v2\/media\/329342"}],"wp:attachment":[{"href":"https:\/\/www.europesays.com\/no\/wp-json\/wp\/v2\/media?parent=329341"}],"wp:term":[{"taxonomy":"category","embeddable":true,"href":"https:\/\/www.europesays.com\/no\/wp-json\/wp\/v2\/categories?post=329341"},{"taxonomy":"post_tag","embeddable":true,"href":"https:\/\/www.europesays.com\/no\/wp-json\/wp\/v2\/tags?post=329341"}],"curies":[{"name":"wp","href":"https:\/\/api.w.org\/{rel}","templated":true}]}}