{"id":32939,"date":"2025-09-11T20:30:09","date_gmt":"2025-09-11T20:30:09","guid":{"rendered":"https:\/\/www.europesays.com\/no\/32939\/"},"modified":"2025-09-11T20:30:09","modified_gmt":"2025-09-11T20:30:09","slug":"vill-eufori-da-stenevik-ble-branns-matchvinner-i-rekordkampen","status":"publish","type":"post","link":"https:\/\/www.europesays.com\/no\/32939\/","title":{"rendered":"Vill eufori da Stenevik ble Branns matchvinner i rekordkampen"},"content":{"rendered":"\n<p class=\"_paragraph_ew2ao_4 _paragraph_xtcu6_10 layout-component text-serif-m layout-normal text-serif-m layout-padded\">\u00abVi har satt norgesrekord\u00bb sto det p\u00e5 skjermene p\u00e5 Brann Stadion, til stor jubel for de mange fremm\u00f8tte i den f\u00f8rste av to playoffkamper i Champions League mot Manchester United. <\/p>\n<p class=\"_paragraph_ew2ao_4 _paragraph_xtcu6_10 layout-component text-serif-m layout-normal text-serif-m layout-padded\">For hverken regn eller vind og kj\u00f8lig h\u00f8stv\u00e6r satte en stopper for at 16.019 mennesker m\u00f8tte opp p\u00e5 Brann Stadion og knuste en 25 \u00e5r gammel publikumsrekordknuste en 25 \u00e5r gammel publikumsrekordNorge mot USA i 2000 sto lenge som den mest bes\u00f8kte kampen p\u00e5 kvinnesiden med 11.672 tilskuere p\u00e5 tribunen.. <\/p>\n<p class=\"_paragraph_ew2ao_4 _paragraph_xtcu6_10 layout-component text-serif-m layout-normal text-serif-m layout-padded\">\u2013 Jeg fikk litt t\u00e5rer i \u00f8ynene da jeg fikk vite at det var rekord, sier Signe Gaupset til VG.<\/p>\n<ul class=\"_list_ew2ao_3 _list_xtcu6_9 _unordered_ew2ao_99 layout-component text-serif-m layout-normal text-serif-m layout-padded\">\n<li class=\"_item_ew2ao_30\"><strong class=\"_strong_ew2ao_25\">Les ogs\u00e5: <a href=\"https:\/\/www.vg.no\/sport\/i\/almL3L\/vaalerenga-naer-mesterligaplass-etter-3-0-seier-over-ferencvaros\" data-track-element-type=\"Link\" data-track-id=\"link:almL3L\" class=\"_link_ew2ao_39\" rel=\"nofollow noopener\" target=\"_blank\">V\u00e5lerenga n\u00e6rmer seg Champions League etter<\/a><\/strong><\/li>\n<\/ul>\n<p class=\"_paragraph_ew2ao_4 _paragraph_xtcu6_10 layout-component text-serif-m layout-normal text-serif-m layout-padded\">Og jubelen l\u00f8ftet seg videre opp i taket og hele veien mot fjellveggen da Ingrid Stenevik 20 minutter f\u00f8r slutt steg til v\u00e6rs og stanget inn et frispark fra stortalentet Gaupset. <\/p>\n<p class=\"_paragraph_ew2ao_4 _paragraph_xtcu6_10 layout-component text-serif-m layout-normal text-serif-m layout-padded\">Det var duket for folkefest p\u00e5 \u00abstaddaen\u00bb og \u00abHeia Brann\u00bb runget over stadion.<\/p>\n<p class=\"_paragraph_ew2ao_4 _paragraph_xtcu6_10 layout-component text-serif-m layout-normal text-serif-m layout-padded\">\u2013 En minneverdig kveld for alle som var her, tror jeg. Man har den rammen n\u00e5r Bergen by og fansen stiller opp slik. Jeg sa til spillerne at her m\u00e5tte de legge igjen alt, spille, v\u00e6re modige og ta sjanser, for de kom til \u00e5 f\u00e5 masse igjen av publikum, sier Branns trener Leif Gunnar Smerud til VG.<\/p>\n<p class=\"_paragraph_ew2ao_4 _paragraph_xtcu6_10 layout-component text-serif-m layout-normal text-serif-m layout-padded\">\u2013 Gratulerer til Brann. I kveld er deres kveld, sier Manchester United-trener Marc Skinner til VG.<\/p>\n<p><img alt=\"Lauren Davidson strekker seg mot Bataljonen og gliser stort da Ingrid Stenevik satte inn 1\u20130 for Brann.   Foto: Paul S. Amundsen \/ NTB\" class=\"_image_qp4xg_65 layout-component layout-normal\" data-fullscreen- data-track-element-type=\"Article image fullscreen\" data-track-name=\"ImageFullscreen\" decoding=\"async\" loading=\"lazy\" height=\"3084\" itemprop=\"image\"  src=\"https:\/\/www.europesays.com\/no\/wp-content\/uploads\/2025\/09\/57b5639d-38df-4fce-a88b-bd4dd05c42c8\"  style=\"object-position:0% 0%\" width=\"4626\"\/>Lauren Davidson strekker seg mot Bataljonen og gliser stort da Ingrid Stenevik satte inn 1\u20130 for Brann.   Foto: Paul S. Amundsen \/ NTB<\/p>\n<p class=\"_paragraph_ew2ao_4 _paragraph_xtcu6_10 layout-component text-serif-m layout-normal text-serif-m layout-padded\">Manchester United-spiss Elisabeth Terland sier til VG etter kampen at de visste at det kom til \u00e5 bli t\u00f8ft i Bergen, men vil minne et Brann i seiersrus om at ingenting er avgjort enda.<\/p>\n<p class=\"_paragraph_ew2ao_4 _paragraph_xtcu6_10 layout-component text-serif-m layout-normal text-serif-m layout-padded\">\u2013 De skal f\u00e5 det t\u00f8ft n\u00e5r de kommer p\u00e5 bes\u00f8k, sier hun.<\/p>\n<p class=\"_paragraph_ew2ao_4 _paragraph_xtcu6_10 layout-component text-serif-m layout-normal text-serif-m layout-padded\">Stenevik og Gaupset ble hedret med blomster f\u00f8r start for deres 100 kamper for klubben. Og etter slutt er det nok lite som kan toppe dette \u00f8yeblikket. <\/p>\n<p class=\"_paragraph_ew2ao_4 _paragraph_xtcu6_10 layout-component text-serif-m layout-normal text-serif-m layout-padded\">N\u00e5 har Brann et godt utgangspunkt f\u00f8r returkampen i Manchester om ei uke. <\/p>\n<p class=\"_paragraph_ew2ao_4 _paragraph_xtcu6_10 layout-component text-serif-m layout-normal text-serif-m layout-padded\">Ogs\u00e5 tidligere Brann-kaptein Cecilie Redisch Kvamme, som er blitt mor, fikk feire bursdagen sin med innhopp og n\u00e6rmest fullsatt stadion.<\/p>\n<p class=\"_paragraph_ew2ao_4 _paragraph_xtcu6_10 layout-component text-serif-m layout-normal text-serif-m layout-padded\">\u2013 Jeg kommer aldri til \u00e5 glemme denne bursdagen her, sier hun til VG.<\/p>\n<p class=\"_paragraph_ew2ao_4 _paragraph_xtcu6_10 layout-component text-serif-m layout-normal text-serif-m layout-padded\">Nyansatte Leif Gunnar Smerud som Brann-sjef l\u00f8ftet hendene i v\u00e6ret like f\u00f8r start, tydelig i kroppsspr\u00e5ket om at han ville ha folket med seg i ryggen:<\/p>\n<ul class=\"_gallery_1qa3s_23\" tabindex=\"0\">\n<li class=\"_item_1qa3s_37\" data-index=\"0\"><img decoding=\"async\" class=\"_image_foru8_23 _articleGallery_foru8_39\" data-fullscreen- width=\"6991\" height=\"4663\" itemprop=\"image\" loading=\"lazy\"  src=\"https:\/\/www.europesays.com\/no\/wp-content\/uploads\/2025\/09\/b0c0e5dd-cb52-4364-91d9-07894a8521d1\"  style=\"object-position:50% 50%;aspect-ratio:var(--gallery-aspect-ratio, 16 \/ 9)\"\/>Foto: Paul S. Amundsen \/ NTB<\/li>\n<li class=\"_item_1qa3s_37\" data-index=\"1\"><img decoding=\"async\" class=\"_image_foru8_23 _articleGallery_foru8_39\" data-fullscreen- width=\"7427\" height=\"4954\" itemprop=\"image\" loading=\"lazy\"  src=\"https:\/\/www.europesays.com\/no\/wp-content\/uploads\/2025\/09\/ec085a12-a79f-4009-a2e8-0b26ca07cbf1\"  style=\"object-position:50% 50%;aspect-ratio:var(--gallery-aspect-ratio, 16 \/ 9)\"\/>Foto: Paul S. Amundsen \/ NTB<\/li>\n<li class=\"_item_1qa3s_37\" data-index=\"2\"><img decoding=\"async\" class=\"_image_foru8_23 _articleGallery_foru8_39\" data-fullscreen- width=\"7652\" height=\"5103\" itemprop=\"image\" loading=\"lazy\"  src=\"https:\/\/www.europesays.com\/no\/wp-content\/uploads\/2025\/09\/cb823dc9-1302-40fd-a384-e0a56444b994\"  style=\"object-position:50% 50%;aspect-ratio:var(--gallery-aspect-ratio, 16 \/ 9)\"\/>Foto: Paul S. Amundsen \/ NTB<\/li>\n<\/ul>\n<p>Foto: Paul S. Amundsen \/ NTB<\/p>\n<p class=\"_paragraph_ew2ao_4 _paragraph_xtcu6_10 layout-component text-serif-m layout-normal text-serif-m layout-padded\">Selv om b\u00e5de Bataljonen og publikum skapte stemning gjennom store deler av kampen, ble det en m\u00e5lfattig f\u00f8rste omgang, som for det meste bar preg av et Brann-lag som forsvarte seg mesterlig.<\/p>\n<p class=\"_paragraph_ew2ao_4 _paragraph_xtcu6_10 layout-component text-serif-m layout-normal text-serif-m layout-padded\">Lisa Naalsund, Elisabeth Terland og Manchester United var gode i det offensive presset. <\/p>\n<p class=\"_paragraph_ew2ao_4 _paragraph_xtcu6_10 layout-component text-serif-m layout-normal text-serif-m layout-padded\">Keeper Selma Panengstuen skal ha mye av \u00e6ren for at stjernespillerne Ella Toone og Elisabeth Terland ikke f\u00f8rte seg opp p\u00e5 scoringslista.<\/p>\n<p><img alt=\"Lisa Naalsund tilbake i Bergen mot gamleklubben Brann.   Foto: MARIUS SIMENSEN \/ Bildbyr\u00e5n\" class=\"_image_qp4xg_65 layout-component layout-normal\" data-fullscreen- data-track-element-type=\"Article image fullscreen\" data-track-name=\"ImageFullscreen\" decoding=\"async\" loading=\"lazy\" height=\"3157\" itemprop=\"image\"  src=\"https:\/\/www.europesays.com\/no\/wp-content\/uploads\/2025\/09\/c411dbac-b07a-41e2-ac49-1b66cb081666\"  style=\"object-position:0% 0%\" width=\"4735\"\/>Lisa Naalsund tilbake i Bergen mot gamleklubben Brann.   Foto: MARIUS SIMENSEN \/ Bildbyr\u00e5n<\/p>\n<p class=\"_paragraph_ew2ao_4 _paragraph_xtcu6_10 layout-component text-serif-m layout-normal text-serif-m layout-padded\">Med seier mot Manchester United p\u00e5 hjemmebane har Brann et godt utgangspunkt for \u00e5 ta seg videre til gruppespillet i Champions League. Kampen mot Manchester United i England er siste hinder.<\/p>\n<p class=\"_paragraph_ew2ao_4 _paragraph_xtcu6_10 layout-component text-serif-m layout-normal text-serif-m layout-padded\">Ogs\u00e5 <a href=\"https:\/\/www.vg.no\/sport\/i\/almL3L\/vaalerenga-naer-mesterligaplass-etter-3-0-seier-over-ferencvaros\" data-track-element-type=\"Link\" data-track-id=\"link:almL3L\" class=\"_link_ew2ao_39\" rel=\"nofollow noopener\" target=\"_blank\">V\u00e5lerenga gjorde jobben mot Ferencv\u00e1ros, med 3\u20130 f\u00f8r returkampen<\/a>. <\/p>\n<ul class=\"_list_ew2ao_3 _list_xtcu6_9 _unordered_ew2ao_99 layout-component text-serif-m layout-normal text-serif-m layout-padded\">\n<li class=\"_item_ew2ao_30\"><strong class=\"_strong_ew2ao_25\">PS! Returoppgj\u00f8ret i Manchester spilles om ei uke. Den kan du ogs\u00e5 f\u00e5 med deg p\u00e5 VG + Sport!<\/strong><\/li>\n<\/ul>\n","protected":false},"excerpt":{"rendered":"\u00abVi har satt norgesrekord\u00bb sto det p\u00e5 skjermene p\u00e5 Brann Stadion, til stor jubel for de mange fremm\u00f8tte&hellip;\n","protected":false},"author":2,"featured_media":32940,"comment_status":"","ping_status":"","sticky":false,"template":"","format":"standard","meta":{"footnotes":""},"categories":[59],"tags":[158,30,28,29,896,83,82],"class_list":{"0":"post-32939","1":"post","2":"type-post","3":"status-publish","4":"format-standard","5":"has-post-thumbnail","7":"category-sport","8":"tag-manchester-united","9":"tag-no","10":"tag-norge","11":"tag-norway","12":"tag-sk-brann-kvinner","13":"tag-sport","14":"tag-sports"},"share_on_mastodon":{"url":"","error":""},"_links":{"self":[{"href":"https:\/\/www.europesays.com\/no\/wp-json\/wp\/v2\/posts\/32939","targetHints":{"allow":["GET"]}}],"collection":[{"href":"https:\/\/www.europesays.com\/no\/wp-json\/wp\/v2\/posts"}],"about":[{"href":"https:\/\/www.europesays.com\/no\/wp-json\/wp\/v2\/types\/post"}],"author":[{"embeddable":true,"href":"https:\/\/www.europesays.com\/no\/wp-json\/wp\/v2\/users\/2"}],"replies":[{"embeddable":true,"href":"https:\/\/www.europesays.com\/no\/wp-json\/wp\/v2\/comments?post=32939"}],"version-history":[{"count":0,"href":"https:\/\/www.europesays.com\/no\/wp-json\/wp\/v2\/posts\/32939\/revisions"}],"wp:featuredmedia":[{"embeddable":true,"href":"https:\/\/www.europesays.com\/no\/wp-json\/wp\/v2\/media\/32940"}],"wp:attachment":[{"href":"https:\/\/www.europesays.com\/no\/wp-json\/wp\/v2\/media?parent=32939"}],"wp:term":[{"taxonomy":"category","embeddable":true,"href":"https:\/\/www.europesays.com\/no\/wp-json\/wp\/v2\/categories?post=32939"},{"taxonomy":"post_tag","embeddable":true,"href":"https:\/\/www.europesays.com\/no\/wp-json\/wp\/v2\/tags?post=32939"}],"curies":[{"name":"wp","href":"https:\/\/api.w.org\/{rel}","templated":true}]}}