{"id":329565,"date":"2026-08-21T09:25:27","date_gmt":"2026-08-21T09:25:27","guid":{"rendered":"https:\/\/www.europesays.com\/no\/329565\/"},"modified":"2026-08-21T09:25:27","modified_gmt":"2026-08-21T09:25:27","slug":"17-dode-i-kyiv-etter-russiske-missilangrep-mot-boligomrader","status":"publish","type":"post","link":"https:\/\/www.europesays.com\/no\/329565\/","title":{"rendered":"17 d\u00f8de i Kyiv etter russiske missilangrep mot boligomr\u00e5der"},"content":{"rendered":"\n<p class=\"_lead_145nj_2 _lead_6fko5_53 layout-component text-serif-m layout-normal text-serif-l layout-component layout-wide layout-padded _wide_17hqh_1 layout-padded\">En b\u00f8lge med russiske missilangrep mot boligomr\u00e5der i Kyiv natt til torsdag drepte 17 mennesker. Fredag skal det holdes s\u00f8rgedag i den hardt krigsrammede byen.<\/p>\n<p><img alt=\"UTR\u00d8STELIG: Hun kan ikke tro det hun ser. En av hennes kj\u00e6re ligger d\u00f8d p\u00e5 bakken etter nattens massive russiske angrep mot Kyiv. Foto: Anatolii Stepanov \/ Reuters \/ NTB\" class=\"_image_jw3bv_65 layout-component layout-wide\" data-fullscreen- data-track-element-type=\"Article image fullscreen\" data-track-name=\"ImageFullscreen\" fetchpriority=\"high\" decoding=\"sync\" loading=\"eager\" height=\"3384\" itemprop=\"image\"  src=\"https:\/\/www.europesays.com\/no\/wp-content\/uploads\/2026\/08\/787efa39-aea5-3197-bf40-eb0d00e40d45.jpeg\"  style=\"object-position:0% 0%\" width=\"4885\"\/>UTR\u00d8STELIG: Hun kan ikke tro det hun ser. En av hennes kj\u00e6re ligger d\u00f8d p\u00e5 bakken etter nattens massive russiske angrep mot Kyiv. Foto: Anatolii Stepanov \/ Reuters \/ NTB<\/p>\n<ul aria-hidden=\"true\" class=\"_images_ntbth_112\">\n<li><a class=\"_link_ntbth_117\" href=\"https:\/\/www.vg.no\/forfatter\/karin-muri\" style=\"z-index:1\" title=\"Karin Muri\" rel=\"nofollow noopener\" target=\"_blank\"><img alt=\"Bilde av Karin Muri\" class=\"_image_ntbth_93\" fetchpriority=\"low\" loading=\"lazy\" decoding=\"async\" itemprop=\"image\"  src=\"https:\/\/www.europesays.com\/no\/wp-content\/uploads\/2026\/08\/1787304319_306_951f4a7a-8210-45cc-98c5-c3e53bba6bd9.jpeg\"  width=\"480\"\/><\/a><\/li>\n<\/ul>\n<p> Oppdatert fredag 21. august kl. 01:26    <\/p>\n<ul class=\"_list_145nj_3 _list_64s2r_85 _unordered_145nj_106 text-sans-m\">\n<li class=\"_item_145nj_30\">Russiske missilangrep mot boligomr\u00e5der i Kyiv natt til torsdag drepte 17 mennesker.<\/li>\n<li class=\"_item_145nj_30\">Fredag holdes s\u00f8rgedag i den hardt krigsrammede byen.<\/li>\n<li class=\"_item_145nj_30\">Byens ordf\u00f8rer Vitalij Klitsjko bekrefter angrep mot kritisk infrastruktur.<\/li>\n<li class=\"_item_145nj_30\">Ukrainas president Zelenskyj understreker behovet for Patriot-missilsystemer.<\/li>\n<\/ul>\n<p>Vis mer <\/p>\n<p class=\"_paragraph_145nj_4 _paragraph_6fko5_10 layout-component text-serif-m layout-normal text-serif-m layout-padded\">Parkeringsvakten Oleksandr (57) st\u00e5r fortumlet midt i et levende mareritt etter det massive luftangrepet som varte i mange timer sist natt.<\/p>\n<p><img alt=\"Foto: Francisco Seco \/ AP \/ NTB\" class=\"_image_jw3bv_65 layout-component layout-normal\" data-fullscreen- data-track-element-type=\"Article image fullscreen\" data-track-name=\"ImageFullscreen\" decoding=\"async\" loading=\"lazy\" height=\"5760\" itemprop=\"image\"  src=\"https:\/\/www.europesays.com\/no\/wp-content\/uploads\/2026\/08\/df4447dd-5441-3508-8b11-0db6b346dbd9.jpeg\"  style=\"object-position:0% 0%\" width=\"8640\"\/>Foto: Francisco Seco \/ AP \/ NTB<\/p>\n<p class=\"_paragraph_145nj_4 _paragraph_6fko5_10 layout-component text-serif-m layout-normal text-serif-m layout-padded\">D\u00f8den kommer om natten i den ukrainske hovedstaden.<\/p>\n<p class=\"_paragraph_145nj_4 _paragraph_6fko5_10 layout-component text-serif-m layout-normal text-serif-m layout-padded\">Russland har de siste m\u00e5nedene intensivert de ballistiske missilangrepene mot den ukrainske hovedstaden, og utnyttet landets mangel p\u00e5 det eneste luftvernet som kan avskj\u00e6re dem; de amerikanskproduserte Patriot-missilene.<\/p>\n<p class=\"_paragraph_145nj_4 _paragraph_6fko5_10 layout-component text-serif-m layout-normal text-serif-m layout-padded\"><strong class=\"_strong_145nj_25\"><a href=\"https:\/\/www.vg.no\/tag\/kyiv?utm_source=vg-article&amp;utm_medium=auto-tagger&amp;utm_campaign=Gxe3EV\" class=\"_link_145nj_39\" rel=\"nofollow noopener\" target=\"_blank\">Kyiv<\/a> var i juli den hardest rammede byen i krigsherjede Ukraina, med til sammen 54 drepte og 202 skadede p\u00e5 en m\u00e5ned, if\u00f8lge tall fra FN.<\/strong><\/p>\n<p class=\"_paragraph_145nj_4 _paragraph_6fko5_10 layout-component text-serif-m layout-normal text-serif-m layout-padded\">P\u00e5 parkeringsplassen der Oleksandr jobber, ligger forvridde vrakdeler av biler, parkeringsbua hans ble feid inn i en jernstolpe og selv st\u00e5r han med s\u00f8nderrevet bukse og hele kroppen full av s\u00e5r.<\/p>\n<p><img alt=\"Foto: Francisco Seco \/ AP \/ NTB\" class=\"_image_jw3bv_65 layout-component layout-normal\" data-fullscreen- data-track-element-type=\"Article image fullscreen\" data-track-name=\"ImageFullscreen\" decoding=\"async\" loading=\"lazy\" height=\"5760\" itemprop=\"image\"  src=\"https:\/\/www.europesays.com\/no\/wp-content\/uploads\/2026\/08\/6e75a569-a751-3d08-be23-fc3664f8cafc.jpeg\"  style=\"object-position:0% 0%\" width=\"8640\"\/>Foto: Francisco Seco \/ AP \/ NTB<\/p>\n<p class=\"_paragraph_145nj_4 _paragraph_6fko5_10 layout-component text-serif-m layout-normal text-serif-m layout-padded\">Da flyalarmen tok til \u00e5 ule over byen ved midnatt natt til torsdag s\u00f8kte mer enn 38 000 mennesker tilflukt under jorden i byens metro-stasjoner.<\/p>\n<p><img alt=\"Foto: Danylo Antoniuk \/ AP \/ NTB\" class=\"_image_jw3bv_65 layout-component layout-normal\" data-fullscreen- data-track-element-type=\"Article image fullscreen\" data-track-name=\"ImageFullscreen\" decoding=\"async\" loading=\"lazy\" height=\"4010\" itemprop=\"image\"  src=\"https:\/\/www.europesays.com\/no\/wp-content\/uploads\/2026\/08\/6721a22b-d3a2-3616-813a-d7d32f23eeeb.jpeg\"  style=\"object-position:0% 0%\" width=\"6015\"\/>Foto: Danylo Antoniuk \/ AP \/ NTB<\/p>\n<p class=\"_paragraph_145nj_4 _paragraph_6fko5_10 layout-component text-serif-m layout-normal text-serif-m layout-padded\"> 2 000 av dem var barn. Krigen raner nattes\u00f8vnen fra dem.<\/p>\n<p><img alt=\"Foto: Dan Bashakov \/ AP \/ NTB\" class=\"_image_jw3bv_65 layout-component layout-normal\" data-fullscreen- data-track-element-type=\"Article image fullscreen\" data-track-name=\"ImageFullscreen\" decoding=\"async\" loading=\"lazy\" height=\"3861\" itemprop=\"image\"  src=\"https:\/\/www.europesays.com\/no\/wp-content\/uploads\/2026\/08\/c4ff6c00-a47a-3809-8a87-c913ba88d16c.jpeg\"  style=\"object-position:0% 0%\" width=\"5791\"\/>Foto: Dan Bashakov \/ AP \/ NTB<\/p>\n<p class=\"_paragraph_145nj_4 _paragraph_6fko5_10 layout-component text-serif-m layout-normal text-serif-m layout-padded\"><strong class=\"_strong_145nj_25\">I det missilene regnet over byen ble boligblokker, lagerbygninger, et barnesykehus, en skole og en f\u00f8rskole truffet. <\/strong><\/p>\n<p class=\"_paragraph_145nj_4 _paragraph_6fko5_10 layout-component text-serif-m layout-normal text-serif-m layout-padded\">Russiske myndigheter sa torsdag p\u00e5 Telegram at de hadde gjennomf\u00f8rt et massivt angrep med presisjonsv\u00e5pen mot milit\u00e6re m\u00e5l, samt transport, logistikksentre og varehus i Kyiv og regionen rundt.<\/p>\n<p class=\"_paragraph_145nj_4 _paragraph_6fko5_10 layout-component text-serif-m layout-normal text-serif-m layout-padded\">Det russiske forsvarsdepartementet opplyste at det brukte luft-, land- og sj\u00f8baserte v\u00e5pen for \u00e5 angripe milit\u00e6re anlegg og lagerbygninger.<\/p>\n<p class=\"_paragraph_145nj_4 _paragraph_6fko5_10 layout-component text-serif-m layout-normal text-serif-m layout-padded\">Nattens angrep p\u00e5 Kyiv markerer for f\u00f8rste gang p\u00e5 flere m\u00e5neder at kritisk infrastruktur ble bevisst ble angrepet, sa byens ordf\u00f8rer Vitalij Klitsjko, til <a href=\"https:\/\/www.bbc.com\/news\/articles\/c98vzmden5yo\" class=\"_link_145nj_39\" rel=\"nofollow noopener\" target=\"_blank\">BBC.<\/a> <\/p>\n<p class=\"_paragraph_145nj_4 _paragraph_6fko5_10 layout-component text-serif-m layout-normal text-serif-m layout-padded\">Byen ble m\u00f8rklagt for tusener p\u00e5 tusener av mennesker og vannforsyninger ble skadet.<\/p>\n<p><img alt=\"Foto: Anatolii Stepanov \/ Reuters \/ NTB\" class=\"_image_jw3bv_65 layout-component layout-normal\" data-fullscreen- data-track-element-type=\"Article image fullscreen\" data-track-name=\"ImageFullscreen\" decoding=\"async\" loading=\"lazy\" height=\"3016\" itemprop=\"image\"  src=\"https:\/\/www.europesays.com\/no\/wp-content\/uploads\/2026\/08\/0ac190c8-77d9-3c73-b3ef-dfeb65318efc.jpeg\"  style=\"object-position:0% 0%\" width=\"2454\"\/>Foto: Anatolii Stepanov \/ Reuters \/ NTB<\/p>\n<p class=\"_paragraph_145nj_4 _paragraph_6fko5_10 layout-component text-serif-m layout-normal text-serif-m layout-padded\">i Kyivs boligomr\u00e5der slo sorgen ned. En kvinne bryter sammen over den d\u00f8de kroppen til sitt barnebarn utenfor en boligblokk i Kyiv natt til torsdag.<\/p>\n<p><img alt=\"Foto: Gleb Garanich \/ Reuters \/ NTB\" class=\"_image_jw3bv_65 layout-component layout-left\" data-fullscreen- data-track-element-type=\"Article image fullscreen\" data-track-name=\"ImageFullscreen\" decoding=\"async\" loading=\"lazy\" height=\"2406\" itemprop=\"image\"  src=\"https:\/\/www.europesays.com\/no\/wp-content\/uploads\/2026\/08\/fa37045a-02ea-3c68-bee4-e7c93f7c8f5f.jpeg\"  style=\"object-position:0% 0%\" width=\"1844\"\/>Foto: Gleb Garanich \/ Reuters \/ NTB<img alt=\"Foto: Stringer \/ Reuters \/ NTB\" class=\"_image_jw3bv_65 layout-component layout-right\" data-fullscreen- data-track-element-type=\"Article image fullscreen\" data-track-name=\"ImageFullscreen\" decoding=\"async\" loading=\"lazy\" height=\"4284\" itemprop=\"image\"  src=\"https:\/\/www.europesays.com\/no\/wp-content\/uploads\/2026\/08\/7c65e154-fe73-3def-a821-66870939b695.jpeg\"  style=\"object-position:0% 0%\" width=\"5712\"\/>Foto: Stringer \/ Reuters \/ NTB<img alt=\"Foto: Stringer \/ Reuters \/ NTB\" class=\"_image_jw3bv_65 layout-component layout-left\" data-fullscreen- data-track-element-type=\"Article image fullscreen\" data-track-name=\"ImageFullscreen\" decoding=\"async\" loading=\"lazy\" height=\"2952\" itemprop=\"image\"  src=\"https:\/\/www.europesays.com\/no\/wp-content\/uploads\/2026\/08\/bddc9a69-af77-36f5-9085-89bba9d3f319.jpeg\"  style=\"object-position:0% 0%\" width=\"4032\"\/>Foto: Stringer \/ Reuters \/ NTB<\/p>\n<p class=\"_paragraph_145nj_4 _paragraph_6fko5_10 layout-component text-serif-m layout-normal text-serif-m layout-padded\">\u2013 Angrepet var massivt, sa Ukrainas president Volodymyr Zelenskyj torsdag.<\/p>\n<p class=\"_paragraph_145nj_4 _paragraph_6fko5_10 layout-component text-serif-m layout-normal text-serif-m layout-padded\">Han la til at Russland har forberedt seg lenge p\u00e5 angrepene og at de kombinerer ulike typer prosjektiler, kryssermissiler og droner for \u00e5 p\u00e5f\u00f8re sivil infrastruktur mest mulig skade, <a href=\"https:\/\/edition.cnn.com\/2026\/08\/20\/europe\/russia-ukraine-kyiv-attack-intl-hnk\" class=\"_link_145nj_39\" rel=\"nofollow noopener\" target=\"_blank\">if\u00f8lge CNN.<\/a><\/p>\n<p class=\"_paragraph_145nj_4 _paragraph_6fko5_10 layout-component text-serif-m layout-normal text-serif-m layout-padded\"><strong class=\"_strong_145nj_25\">\u2013 S\u00e5 lenge Ukraina ikke har nok ballistisk missilforsvar vil Russland ikke for alvor tenke p\u00e5 fred. Det er behov for Patriot-systemene hver dag. Hvert ekstra missil redder livene til v\u00e5re folk.<\/strong><\/p>\n<p class=\"_paragraph_145nj_4 _paragraph_6fko5_10 layout-component text-serif-m layout-normal text-serif-m layout-padded\">En oppdatering fra det ukrainske luftforsvaret torsdag morgen tydet p\u00e5 at ingen av de russiske ballistiske missilene som ble brukt i l\u00f8pet av natten, ble avsk\u00e5ret.<\/p>\n<p class=\"_paragraph_145nj_4 _paragraph_6fko5_10 layout-component text-serif-m layout-normal text-serif-m layout-padded\">Ukraina har v\u00e6rt avhengig av amerikanske leveranser av Patriot-avskj\u00e6ringsmissiler for \u00e5 bekjempe russiske ballistiske missiler, men USA har brukt opp store deler av lagerbeholdningen under krigen med Iran.<\/p>\n<p><img alt=\"Foto: Anatolii Stepanov \/ Reuters \/ NTB\" class=\"_image_jw3bv_65 layout-component layout-normal\" data-fullscreen- data-track-element-type=\"Article image fullscreen\" data-track-name=\"ImageFullscreen\" decoding=\"async\" loading=\"lazy\" height=\"2165\" itemprop=\"image\"  src=\"https:\/\/www.europesays.com\/no\/wp-content\/uploads\/2026\/08\/3e8a0d80-f301-34ee-a589-6cb7908ef188.jpeg\"  style=\"object-position:0% 0%\" width=\"3237\"\/>Foto: Anatolii Stepanov \/ Reuters \/ NTB<\/p>\n<p class=\"_paragraph_145nj_4 _paragraph_6fko5_10 layout-component text-serif-m layout-normal text-serif-m layout-padded\">En kvinne legger h\u00e5nden sin p\u00e5 foten til en d\u00f8d kropp utenfor en boligblokk i byen. Med den andre h\u00e5nden t\u00f8rker hun t\u00e5rene over \u00e5 ha mistet en av sine.<\/p>\n<p><img alt=\"Foto: Anatolii Stepanov \/ Reuters \/ NTB\" class=\"_image_jw3bv_65 layout-component layout-normal\" data-fullscreen- data-track-element-type=\"Article image fullscreen\" data-track-name=\"ImageFullscreen\" decoding=\"async\" loading=\"lazy\" height=\"2832\" itemprop=\"image\"  src=\"https:\/\/www.europesays.com\/no\/wp-content\/uploads\/2026\/08\/c63a1463-0991-3daf-a091-0ffca20799a2.jpeg\"  style=\"object-position:0% 0%\" width=\"4111\"\/>Foto: Anatolii Stepanov \/ Reuters \/ NTB<\/p>\n<p class=\"_paragraph_145nj_4 _paragraph_6fko5_10 layout-component text-serif-m layout-normal text-serif-m layout-padded\">Et annet sted i byen har en dame plukket med seg noen f\u00e5 eiendeler i det hun forlater boligen den sammenraste boligen sin torsdag morgen.<\/p>\n<p><img alt=\"Foto: Francisco Seco \/ AP \/ NTB\" class=\"_image_jw3bv_65 layout-component layout-normal\" data-fullscreen- data-track-element-type=\"Article image fullscreen\" data-track-name=\"ImageFullscreen\" decoding=\"async\" loading=\"lazy\" height=\"4751\" itemprop=\"image\"  src=\"https:\/\/www.europesays.com\/no\/wp-content\/uploads\/2026\/08\/5867421c-3fba-3410-ad30-5f4a6dab528c.jpeg\"  style=\"object-position:0% 0%\" width=\"7126\"\/>Foto: Francisco Seco \/ AP \/ NTB<\/p>\n<p class=\"_paragraph_145nj_4 _paragraph_6fko5_10 layout-component text-serif-m layout-normal text-serif-m layout-padded\">Sv\u00e6rt mange steder i Kyiv m\u00e5tte folk ta seg over vrakrestene etter skrekknatten.<\/p>\n<p><img alt=\"Foto: SERGEY DOLZHENKO \/ EPA \/ NTB\" class=\"_image_jw3bv_65 layout-component layout-left\" data-fullscreen- data-track-element-type=\"Article image fullscreen\" data-track-name=\"ImageFullscreen\" decoding=\"async\" loading=\"lazy\" height=\"3925\" itemprop=\"image\"  src=\"https:\/\/www.europesays.com\/no\/wp-content\/uploads\/2026\/08\/3d18e17e-3ea5-3a2f-ba5a-5088e13f6c74.jpeg\"  style=\"object-position:0% 0%\" width=\"5819\"\/>Foto: SERGEY DOLZHENKO \/ EPA \/ NTB<img alt=\"Foto: Efrem Lukatsky \/ AP \/ NTB\" class=\"_image_jw3bv_65 layout-component layout-right\" data-fullscreen- data-track-element-type=\"Article image fullscreen\" data-track-name=\"ImageFullscreen\" decoding=\"async\" loading=\"lazy\" height=\"5084\" itemprop=\"image\"  src=\"https:\/\/www.europesays.com\/no\/wp-content\/uploads\/2026\/08\/fb7d05a5-983e-3eba-bc3e-07abc6b7cb19.jpeg\"  style=\"object-position:0% 0%\" width=\"7626\"\/>Foto: Efrem Lukatsky \/ AP \/ NTB<\/p>\n<p class=\"_paragraph_145nj_4 _paragraph_6fko5_10 layout-component text-serif-m layout-normal text-serif-m layout-padded\">For andre m\u00e5tte hverdagen g\u00e5 videre med planlagte arbeidsoppgaver.<\/p>\n<p><img alt=\"Foto: Francisco Seco \/ AP \/ NTB\" class=\"_image_jw3bv_65 layout-component layout-normal\" data-fullscreen- data-track-element-type=\"Article image fullscreen\" data-track-name=\"ImageFullscreen\" decoding=\"async\" loading=\"lazy\" height=\"5506\" itemprop=\"image\"  src=\"https:\/\/www.europesays.com\/no\/wp-content\/uploads\/2026\/08\/712048af-aac4-39ee-b251-f4d87b1e9fab.jpeg\"  style=\"object-position:0% 0%\" width=\"8259\"\/>Foto: Francisco Seco \/ AP \/ NTB<\/p>\n<p class=\"_paragraph_145nj_4 _paragraph_6fko5_10 layout-component text-serif-m layout-normal text-serif-m layout-padded\">Russland er i stand til \u00e5 produsere mer enn 200 kryssermissiler og ballistiske missiler i m\u00e5neden, opplyste Ukrainas etterretningstjeneste til nyhetsnettstedet Ukrajinska Pravda torsdag.<\/p>\n<p class=\"_paragraph_145nj_4 _paragraph_6fko5_10 layout-component text-serif-m layout-normal text-serif-m layout-padded\">Russland har lagret mer enn 1.100 kryssermissiler og rundt 130 ballistiske Iskander-M-missiler, i tillegg til flere hundre missiler av andre typer, ble etterretningstjenesten sitert p\u00e5.<\/p>\n<p class=\"_paragraph_145nj_4 _paragraph_6fko5_10 layout-component text-serif-m layout-normal text-serif-m layout-padded\">I morges ble ofrene for de ballistiske missilene hjulpet ut av sine sammenraste boliger i Kyiv.<\/p>\n<p class=\"_paragraph_145nj_4 _paragraph_6fko5_10 layout-component text-serif-m layout-normal text-serif-m layout-padded\">Fredag er s\u00f8rgedag i byen.<\/p>\n<p><img alt=\"Foto: SERGEY DOLZHENKO \/ EPA \/ NTB\" class=\"_image_jw3bv_65 layout-component layout-normal\" data-fullscreen- data-track-element-type=\"Article image fullscreen\" data-track-name=\"ImageFullscreen\" decoding=\"async\" loading=\"lazy\" height=\"2723\" itemprop=\"image\"  src=\"https:\/\/www.europesays.com\/no\/wp-content\/uploads\/2026\/08\/ca474c83-e86b-389b-abc2-5e00a0c89682.jpeg\"  style=\"object-position:0% 0%\" width=\"3484\"\/>Foto: SERGEY DOLZHENKO \/ EPA \/ NTB    <\/p>\n","protected":false},"excerpt":{"rendered":"En b\u00f8lge med russiske missilangrep mot boligomr\u00e5der i Kyiv natt til torsdag drepte 17 mennesker. Fredag skal det&hellip;\n","protected":false},"author":2,"featured_media":329566,"comment_status":"","ping_status":"","sticky":false,"template":"","format":"standard","meta":{"footnotes":"","_share_on_mastodon":"0"},"categories":[12],"tags":[20,21,24,25,15,179,3137,22,23,13,30,28,29,14,16,26,27,489,42,43,44,45],"class_list":["post-329565","post","type-post","status-publish","format-standard","has-post-thumbnail","category-verden","tag-breaking-news","tag-breakingnews","tag-featured-news","tag-featurednews","tag-headlines","tag-krigen-i-ukraina","tag-kyiv","tag-latest-news","tag-latestnews","tag-news","tag-no","tag-norge","tag-norway","tag-nyheter","tag-overskrifter","tag-top-stories","tag-topstories","tag-ukraina","tag-verden","tag-world","tag-world-news","tag-worldnews"],"share_on_mastodon":{"url":"https:\/\/pubeurope.com\/@no\/117132784003259712","error":""},"_links":{"self":[{"href":"https:\/\/www.europesays.com\/no\/wp-json\/wp\/v2\/posts\/329565","targetHints":{"allow":["GET"]}}],"collection":[{"href":"https:\/\/www.europesays.com\/no\/wp-json\/wp\/v2\/posts"}],"about":[{"href":"https:\/\/www.europesays.com\/no\/wp-json\/wp\/v2\/types\/post"}],"author":[{"embeddable":true,"href":"https:\/\/www.europesays.com\/no\/wp-json\/wp\/v2\/users\/2"}],"replies":[{"embeddable":true,"href":"https:\/\/www.europesays.com\/no\/wp-json\/wp\/v2\/comments?post=329565"}],"version-history":[{"count":0,"href":"https:\/\/www.europesays.com\/no\/wp-json\/wp\/v2\/posts\/329565\/revisions"}],"wp:featuredmedia":[{"embeddable":true,"href":"https:\/\/www.europesays.com\/no\/wp-json\/wp\/v2\/media\/329566"}],"wp:attachment":[{"href":"https:\/\/www.europesays.com\/no\/wp-json\/wp\/v2\/media?parent=329565"}],"wp:term":[{"taxonomy":"category","embeddable":true,"href":"https:\/\/www.europesays.com\/no\/wp-json\/wp\/v2\/categories?post=329565"},{"taxonomy":"post_tag","embeddable":true,"href":"https:\/\/www.europesays.com\/no\/wp-json\/wp\/v2\/tags?post=329565"}],"curies":[{"name":"wp","href":"https:\/\/api.w.org\/{rel}","templated":true}]}}