{"id":32960,"date":"2025-09-11T20:57:28","date_gmt":"2025-09-11T20:57:28","guid":{"rendered":"https:\/\/www.europesays.com\/no\/32960\/"},"modified":"2025-09-11T20:57:28","modified_gmt":"2025-09-11T20:57:28","slug":"christian-brennhovd-hevder-seg-ferdig-med-norge-etter-valget","status":"publish","type":"post","link":"https:\/\/www.europesays.com\/no\/32960\/","title":{"rendered":"Christian Brennhovd hevder seg ferdig med Norge etter valget"},"content":{"rendered":"<p> Stortingsvalget ga Jonas Gahr St\u00f8re (65) og de r\u00f8dgr\u00f8nne fire nye \u00e5r ved makten. Fremskrittspartiet gjorde et solid byks framover, mens H\u00f8yre leverte et av sine svakeste valg p\u00e5 lenge.\u00a0<\/p>\n<p>Styringsmakten forblir derfor hos de r\u00f8dgr\u00f8nne med Jonas Gahr St\u00f8re som statsminister.<\/p>\n<p>    <a itemprop=\"url\" href=\"https:\/\/www.dagbladet.no\/meninger\/en-enorm-seier\/83565875\" rel=\"nofollow noopener\" target=\"_blank\"><\/p>\n<p>      <img loading=\"lazy\" decoding=\"async\" src=\"https:\/\/www.europesays.com\/no\/wp-content\/uploads\/2025\/09\/1757624242_73_83566037.webp\" width=\"980\" height=\"441\" title=\"En enorm seier\" alt=\"\" class=\"lazyload\" style=\"--aspect-ratio-image: 2.22; \"\/><\/p>\n<p>        En enorm seier<\/p>\n<p>    <\/a><\/p>\n<p> For influenser Cristian Brennhovd (26) er dette d\u00e5rlige nyheter.\u00a0<\/p>\n<p>\u00a0&#8211; Det er en sorgens dag. Helt \u00e6rlig, jeg skj\u00f8nner ikke hvordan folk har tenkt. Hvis de som styrer ikke har f\u00e5tt til noe p\u00e5 fire \u00e5r, s\u00e5 kommer de i hvert fall ikke til \u00e5 gj\u00f8re det p\u00e5 fire nye, sier han til Dagbladet.\u00a0<\/p>\n<p>        SJOKKERER: Influenser Cristian Brennhovd var invitert til \u00abDebatten\u00bb torsdag kveld, hvor utseende og plastisk kirurgi var tema. Og s\u00e6rlig et utsagn om \u00abmus\u00bb fikk Fredrik Solvang til \u00e5 dra p\u00e5 smileb\u00e5ndet. Bilder fra NRK. <\/p>\n<p>Fire \u00e5r i utlandet\t<\/p>\n<p>Kort tid etter at valgresultatet ble kjent gikk Brennhovd hardt ut i sosiale medier og hevdet at han n\u00e5 ville tilbringe de fire neste \u00e5rene i utlandet.<\/p>\n<p>&#8211; Jeg sa litt p\u00e5 k\u00f8dd at \u00abn\u00e5 blir det fire nye \u00e5r i utlandet.\u00bb Men jeg fikk veldig mye meldinger fra folk som faktisk mente det. Mange ser ikke noe h\u00e5p for Norge, sier han.<\/p>\n<p>Brennhovd har v\u00e6rt bosatt i Latvia de siste fire m\u00e5nedene. P\u00e5 sin egen Tiktok-konto har Brennhovd oppgitt b\u00e5de det politiske klimaet i Norge og sin jobbsituasjon som \u00e5rsaker til hvorfor han bor i Baltikum.<\/p>\n<p>        NY FLAMME: Realityprofil Cristian Brennhovd avsl\u00f8rer at livet smiler om dagen. Video: Thea Hope \/ Sanne Holt<\/p>\n<p>\u2013 Det verste jeg ser n\u00e5, er kjendiser som ikke t\u00f8r \u00e5 si hva de stemmer. N\u00e5r folk nekter \u00e5 si hva de stemmer, s\u00e5 tenker jeg: \u00abFaen, kom igjen. S\u00e5 j\u00e6vlig teit\u00bb. Personlig stemmer jeg selvf\u00f8lgelig FrP. Hadde de styrt, hadde jeg ikke trengt \u00e5 v\u00e6re her i Latvia for \u00e5 reklamere for kasino.<\/p>\n<p>Risikerer store b\u00f8ter\t<\/p>\n<p>Brennhovd er for tida\u00a0<a href=\"https:\/\/www.dagbladet.no\/kjendis\/klar-tale-bryter-loven\/81937331\" rel=\"nofollow noopener\" target=\"_blank\">i konflikt med Lotteritilsynet<\/a>, som anklager influenseren for \u00e5 promotere ulovlige pengespill via sine kanaler.<\/p>\n<p>Han risikerer dagsb\u00f8ter p\u00e5 15.000 kroner. Disse kan vokse til hele 5,4 millioner kroner dersom han ikke etterkommer kravene.\u00a0<\/p>\n<p>          <img loading=\"lazy\" decoding=\"async\" src=\"https:\/\/www.europesays.com\/no\/wp-content\/uploads\/2025\/09\/1757624243_338_83052725.webp\" width=\"686\" height=\"481\" title=\"NEKTER \u00c5 BETALE: Cristian Brennhovd er ikke bekymret over boten fra Lotteritilsynet. Her under innspilling av 71 grader nord. Foto: Discovery\" alt=\"\" class=\"\" style=\"--aspect-ratio-image: 1.43; \"\/><\/p>\n<p>\n          NEKTER \u00c5 BETALE: Cristian Brennhovd er ikke bekymret over boten fra Lotteritilsynet. Her under innspilling av 71 grader nord. Foto: Discovery\n      <\/p>\n<p>Selv tar han anklagene med stor ro, og hevder at han ikke gj\u00f8r noe galt ettersom han bor i Latvia. P\u00e5 sp\u00f8rsm\u00e5l fra VG om hvorfor Brennhovd flyttet dit var han\u00a0<a href=\"https:\/\/www.instagram.com\/reel\/DODVkFRjXdd\/\" rel=\"nofollow noopener\" target=\"_blank\">tydelig p\u00e5 at det var p\u00e5 grunn av Lotteritilsynet.<\/a><\/p>\n<p>&#8211; Jeg tror ikke de forventet at jeg skulle flytte. S\u00e5 jeg bare: \u00abHa det bra\u00bb, sa han til avisa.<\/p>\n<p>&#8211; L\u00f8nner seg ikke \u00e5 gj\u00f8re det bra\t<\/p>\n<p>Han sier at han n\u00e5 ser m\u00f8rkt p\u00e5 framtida til Norge, og peker p\u00e5 den sittende regjeringen. Han mener at det ikke vil l\u00f8nne seg \u00e5 gj\u00f8re det bra i Norge framover.<\/p>\n<p>          <img loading=\"lazy\" decoding=\"async\" src=\"https:\/\/www.europesays.com\/no\/wp-content\/uploads\/2025\/09\/1757624244_498_83571471.webp\" width=\"686\" height=\"460\" title=\"SKUFFET: Cristian Brennhovd er sv\u00e6rt skuffet over valgresultatet. Foto: Shad Madian\/Se og H\u00f8r\" alt=\"\" class=\"\" style=\"--aspect-ratio-image: 1.49; \"\/><\/p>\n<p>\n          SKUFFET: Cristian Brennhovd er sv\u00e6rt skuffet over valgresultatet. Foto: Shad Madian\/Se og H\u00f8r\n      <\/p>\n<p>&#8211; Til slutt f\u00f8les det som om det ikke skal l\u00f8nne seg \u00e5 gj\u00f8re det bra i Norge. Alt blir lagt opp til at vi skal ha det ganske likt, og det betyr like d\u00e5rlig.<\/p>\n<p>Brennhovds fanesak er skatteniv\u00e5et i Norge. Han er s\u00e6rlig kritisk til arveavgift og formueskatt.<\/p>\n<p class=\"font-weight-bold m-font-weight-bold\" data-lab-font_weight=\"font-weight-bold\"> Arveavgiften ble avskaffet i 2014, men temaet dukker stadig opp. Formuesskatten har p\u00e5 sin side v\u00e6rt den mest polariserende saken i \u00e5rets valgkamp.<\/p>\n<p>    <a itemprop=\"url\" href=\"https:\/\/www.dagbladet.no\/kjendis\/milevis-unna\/83564807\" rel=\"nofollow noopener\" target=\"_blank\"><\/p>\n<p>      <img loading=\"lazy\" decoding=\"async\" src=\"https:\/\/www.europesays.com\/no\/wp-content\/uploads\/2025\/09\/1757624245_511_83565368.webp\" width=\"980\" height=\"441\" title=\"Milevis unna\" alt=\"\" class=\"lazyload\" style=\"--aspect-ratio-image: 2.22; \"\/><\/p>\n<p>        Milevis unna<\/p>\n<p>    <\/a><\/p>\n<p>&#8211; N\u00e5r foreldrene mine d\u00f8r og jeg arver etter dem, mener jeg at jeg ikke skal m\u00e5tte betale skatt p\u00e5 det. Det gir ingen mening at jeg skal m\u00e5tte skatte p\u00e5 min fars formue og eiendeler n\u00e5r han g\u00e5r bort, sier han og fortsetter:\u00a0<\/p>\n<p>Feilaktig og farlig\t<\/p>\n<p>Arbeiderparti-politiker og TikTok-profil Snorre Rein (24) mener Brennhovds bilde av Norge er b\u00e5de feilaktig og farlig:<\/p>\n<p>&#8211; Jeg tror at om Brennhovd faktisk hadde satt seg inn i det norske skattesystemet, s\u00e5 ville han sett at skatteniv\u00e5et i Norge ikke er spesielt h\u00f8yt. Norge er et av landene det er lettest \u00e5 bli rik i, og lettest \u00e5 starte bedrift, sier Rein.<\/p>\n<p>          <img loading=\"lazy\" decoding=\"async\" src=\"https:\/\/www.europesays.com\/no\/wp-content\/uploads\/2025\/09\/1757624245_741_83571464.webp\" width=\"686\" height=\"392\" title=\"SOSIALDEMOKRAT: Snorre Rein tar et oppgj\u00f8r med influensere p\u00e5 h\u00f8yresida i politikken. Foto: Privat\" alt=\"\" class=\"\" style=\"--aspect-ratio-image: 1.75; \"\/><\/p>\n<p>\n          SOSIALDEMOKRAT: Snorre Rein tar et oppgj\u00f8r med influensere p\u00e5 h\u00f8yresida i politikken. Foto: Privat\n      <\/p>\n<p>Han peker ogs\u00e5 p\u00e5 fordelene ved den norske modellen.<\/p>\n<p>&#8211; Om ting g\u00e5r til helvete har du verdens beste sikkerhetsnett, s\u00e5 det er enkelt \u00e5 ta risiko. Arbeiderpartiets politikk vil ikke skyve bort unge gr\u00fcndere, den gir dem muligheter. Det er nettopp derfor jeg er med i Arbeiderpartiet, sier han, og legger til:<\/p>\n<p>    <a itemprop=\"url\" href=\"https:\/\/www.seher.no\/kjendis\/blitt-foreldre-for-forste-gang\/83413819\" rel=\"nofollow noopener\" target=\"_blank\"><\/p>\n<p>      <img loading=\"lazy\" decoding=\"async\" src=\"https:\/\/www.europesays.com\/no\/wp-content\/uploads\/2025\/09\/1757624247_361_77895314.webp\" width=\"980\" height=\"441\" title=\"Blitt foreldre for f\u00f8rste gang\" alt=\"\" class=\"lazyload\" style=\"--aspect-ratio-image: 2.22; \"\/><\/p>\n<p>        Blitt foreldre for f\u00f8rste gang<\/p>\n<p>    <\/a><\/p>\n<p>&#8211; Norge er kanskje verdens beste land \u00e5 bo og jobbe i, uansett hvem som styrer, avslutter han.<\/p>\n<p>Tror flere og flere vil flytte\u00a0\t<\/p>\n<p>Brennhovd beskriver Norge som et land der kostnadene bare stiger, samtidig som reglene stadig blir strengere.\u00a0<\/p>\n<p>P\u00e5 toppen av det hele opplever Brennhovd skattesystemet som et hinder for dem som \u00f8nsker \u00e5 bygge noe eget. <\/p>\n<p data-lab-font_weight=\"\">&#8211; Vi f\u00e5r bare mer og mer avgifter og mer og mer skatt. Jeg tror ikke folk misliker \u00e5 betale skatt, men vi betaler for mye skatt. Det er vanskelig \u00e5 bli rik i et land som Norge, sier han, og legger til at systemet fungerer bra s\u00e5 lenge man g\u00e5r skolel\u00f8pet, betaler skatten sin og lever \u00abriktig\u00bb.\u00a0<\/p>\n<p>        LEKER: Vi har v\u00e6rt p\u00e5 TV 2s h\u00f8stlansering, og igjen er det kjendisene selv som stiller de vonde sp\u00f8rsm\u00e5lene. Video: Kine Falch\/ Thea Hope<\/p>\n<p class=\"font-weight-bold m-font-weight-bold\" data-lab-font_weight=\"font-weight-bold\">For dem \u00absom vil gj\u00f8re ting litt annerledes\u00bb mener han Norge er blant de d\u00e5rligste landene i Europa. <\/p>\n<p>    <a itemprop=\"url\" href=\"https:\/\/www.dagbladet.no\/kjendis\/avslorte-seg-selv\/83564913\" rel=\"nofollow noopener\" target=\"_blank\"><\/p>\n<p>      <img loading=\"lazy\" decoding=\"async\" src=\"https:\/\/www.europesays.com\/no\/wp-content\/uploads\/2025\/09\/1757624248_804_83565134.webp\" width=\"980\" height=\"441\" title=\"Avsl\u00f8rte seg selv\" alt=\"\" class=\"lazyload\" style=\"--aspect-ratio-image: 2.22; \"\/><\/p>\n<p>        Avsl\u00f8rte seg selv<\/p>\n<p>    <\/a><\/p>\n<p>Endring i planene\t<\/p>\n<p>Brennhovd hevder han n\u00e5 planlegger annerledes for hva han skal gj\u00f8re fram mot neste valg.<\/p>\n<p>&#8211; Jeg tenkte kanskje at de \u00e5ra fram til jeg blir 30 skulle jeg bruke p\u00e5 \u00e5 skape noe her i Norge. Men n\u00e5 synes jeg det ser m\u00f8rkt ut, for \u00e5 v\u00e6re \u00e6rlig.<\/p>\n<p>        VALGVAKE: Oskar Westerlin arrangerte sin egen valgvake. Dagbladet tok turen for \u00e5 sjekke stemninga. Reporter: Henrik Fossedal <\/p>\n<p>Tanken om \u00e5 trekke seg helt ut er derfor ikke fjern. Han forteller at han n\u00e5 vurderer \u00e5 si opp bankkontoene og legge hele livet sitt til utlandet.\u00a0<\/p>\n<p>&#8211; Jeg ser ikke noen l\u00f8sning. For meg, som ikke skal jobbe i barnehage eller som l\u00e6rer, er det ikke noe poeng i \u00e5 skatte til dette landet.\u00a0<\/p>\n<p><script async src=\"\/\/www.instagram.com\/embed.js\"><\/script><\/p>\n","protected":false},"excerpt":{"rendered":"Stortingsvalget ga Jonas Gahr St\u00f8re (65) og de r\u00f8dgr\u00f8nne fire nye \u00e5r ved makten. Fremskrittspartiet gjorde et solid&hellip;\n","protected":false},"author":2,"featured_media":32961,"comment_status":"","ping_status":"","sticky":false,"template":"","format":"standard","meta":{"footnotes":""},"categories":[10],"tags":[20,21,5272,24,25,5273,15,479,22,23,13,30,28,29,14,16,26,27,518],"class_list":{"0":"post-32960","1":"post","2":"type-post","3":"status-publish","4":"format-standard","5":"has-post-thumbnail","7":"category-norge","8":"tag-breaking-news","9":"tag-breakingnews","10":"tag-cristian-brennhovd","11":"tag-featured-news","12":"tag-featurednews","13":"tag-flytter","14":"tag-headlines","15":"tag-kjendis","16":"tag-latest-news","17":"tag-latestnews","18":"tag-news","19":"tag-no","20":"tag-norge","21":"tag-norway","22":"tag-nyheter","23":"tag-overskrifter","24":"tag-top-stories","25":"tag-topstories","26":"tag-valg"},"share_on_mastodon":{"url":"","error":""},"_links":{"self":[{"href":"https:\/\/www.europesays.com\/no\/wp-json\/wp\/v2\/posts\/32960","targetHints":{"allow":["GET"]}}],"collection":[{"href":"https:\/\/www.europesays.com\/no\/wp-json\/wp\/v2\/posts"}],"about":[{"href":"https:\/\/www.europesays.com\/no\/wp-json\/wp\/v2\/types\/post"}],"author":[{"embeddable":true,"href":"https:\/\/www.europesays.com\/no\/wp-json\/wp\/v2\/users\/2"}],"replies":[{"embeddable":true,"href":"https:\/\/www.europesays.com\/no\/wp-json\/wp\/v2\/comments?post=32960"}],"version-history":[{"count":0,"href":"https:\/\/www.europesays.com\/no\/wp-json\/wp\/v2\/posts\/32960\/revisions"}],"wp:featuredmedia":[{"embeddable":true,"href":"https:\/\/www.europesays.com\/no\/wp-json\/wp\/v2\/media\/32961"}],"wp:attachment":[{"href":"https:\/\/www.europesays.com\/no\/wp-json\/wp\/v2\/media?parent=32960"}],"wp:term":[{"taxonomy":"category","embeddable":true,"href":"https:\/\/www.europesays.com\/no\/wp-json\/wp\/v2\/categories?post=32960"},{"taxonomy":"post_tag","embeddable":true,"href":"https:\/\/www.europesays.com\/no\/wp-json\/wp\/v2\/tags?post=32960"}],"curies":[{"name":"wp","href":"https:\/\/api.w.org\/{rel}","templated":true}]}}