{"id":329629,"date":"2026-08-21T10:29:33","date_gmt":"2026-08-21T10:29:33","guid":{"rendered":"https:\/\/www.europesays.com\/no\/329629\/"},"modified":"2026-08-21T10:29:33","modified_gmt":"2026-08-21T10:29:33","slug":"roros-sport-sor-afrika-to-vm-medaljer-til-anja","status":"publish","type":"post","link":"https:\/\/www.europesays.com\/no\/329629\/","title":{"rendered":"R\u00f8ros, Sport | S\u00f8r-Afrika: To VM-medaljer til Anja"},"content":{"rendered":"\n<p>Sammenlagt endte Anja p\u00e5 4. plass i VM.<\/p>\n<p>&#8211; Oppkj\u00f8ringen har v\u00e6rt god, s\u00e5 det var meget spennende, sier Magnus Gr\u00e5dal i R\u00f8ros styrkel\u00f8ftklubb.<\/p>\n<p>R\u00f8rosjenta reiste nedover p\u00e5 s\u00f8ndag med deler av juniorlandslaget og ankom hotell mandag. Mesterskapet finner sted i Sun City i S\u00f8r-Afrika.<\/p>\n<p>    Vil du se neste video?<\/p>\n<p>    <a href=\"https:\/\/www.retten.no\/rykket-ut-til-brann-i-alvdal\/v\/5-44-1148452\" class=\"recommend-poster\" data-adp-clicklabel=\"video-recommend\" data-adp-clickvalue=\"poster\" rel=\"nofollow noopener\" target=\"_blank\"><br \/>\n      <img decoding=\"async\" width=\"200\" height=\"200\" loading=\"lazy\" src=\"https:\/\/www.europesays.com\/no\/wp-content\/uploads\/2026\/08\/a-0194102e-81ba-421a-ae1c-70ba4dd5e7f0.jpg\" alt=\"\" class=\"brick-c-cFOWSL\" style=\"--brick-image-ratio: 200 \/ 200;\"\/><\/p>\n<p>Rykket ut til brann i Alvdal0:34<\/p>\n<p>    <\/a><\/p>\n<p>        R\u00f8rosing Anja Wiggen Skancke har l\u00f8ftet seg inn p\u00e5 juniorlandslaget i Styrkel\u00f8ft. I august skal hun til VM.<br \/>\n        Med utstyr<\/p>\n<p>Anja l\u00f8fter som junior i vektklasse -76kg mot fire andre ut\u00f8vere, hvorav en annen ut\u00f8ver fra Norge.<\/p>\n<p>Dette var ikke det f\u00f8rste internasjonale stevne for hennes del, men det var hennes f\u00f8rste VM og f\u00f8rste internasjonale stevne der hun l\u00f8ftet med utstyr.<\/p>\n<p>Anja l\u00f8ftet onsdag og Magnus Gr\u00e5dal kan fortelle f\u00f8lgende fra VM-konkurransen:<\/p>\n<ul>\n<li>I f\u00f8rste \u00f8velse, kneb\u00f8y, startet Anja med en lett \u00e5pning p\u00e5 222,5 kilo. \u00d8kte deretter til 235 kilo i andre l\u00f8ft, som fortsatt var komfortabelt, f\u00f8r hun avsluttet med et knallsterkt l\u00f8ft p\u00e5 240 kilo. Personlig rekord med fem kilo.<\/li>\n<li>I andre \u00f8velse, benkpress, \u00e5pnet hun med 102,5 kilo. Deretter satte hun b\u00e5de 110 kilo og 115 kilo. Personlig rekord i nok en \u00f8velse; denne gangen med 2,5 kilo.<\/li>\n<li>I siste \u00f8velse, markl\u00f8ft, skulle de siste kreftene tas ut. Anja l\u00f8ftet f\u00f8rst 177,5 kilo, deretter 187,5 kilo og skulle til slutt fors\u00f8ke seg p\u00e5 195 kilo. Sistnevnte ble akkurat litt for tungt, s\u00e5 det ble dessverre underkjent. 187,5 kilo er tangering av personlig rekord.<\/li>\n<\/ul>\n<p>  <a href=\"https:\/\/www.retten.no\/5-44-1132907\" class=\"related-teaser has-image article--c-MkAkR\" rel=\"nofollow noopener\" target=\"_blank\"><\/p>\n<p>    <img decoding=\"async\" width=\"155\"  loading=\"lazy\"  src=\"https:\/\/www.europesays.com\/no\/wp-content\/uploads\/2026\/08\/DSC_0189-2.jpg\" alt=\"\" class=\"brick-c-cFOWSL\" style=\"\"\/><\/p>\n<p>\n            Les ogs\u00e5<\/p>\n<p>            Anja (20) skal representere Norge i VM i S\u00f8r-Afrika\n        <\/p>\n<p>  <\/a><br \/>\n  \u00c5tte av ni<\/p>\n<p>&#8211; \u00c5tte av ni godkjente l\u00f8ft i et VM med utstyr, som er langt mer teknisk krevende enn utstyrfri l\u00f8fting er meget imponerende, sier Gr\u00e5dal.<\/p>\n<p>Sammenlagt ble det 542,5 kilo, noe som er hele 20 kilo over personlig rekord. <\/p>\n<p>&#8211; Dette resulterte i 4. plass totalt. Edelt metall ble det i form av delmedalje i kneb\u00f8y der det ble 2. plass og s\u00f8lvmedalje, samt 3. plass og bronsemedalje i markl\u00f8ft. Vi gratulerer med fantastisk innsats og resultat i VM-debuten, sier Gr\u00e5dal.<\/p>\n","protected":false},"excerpt":{"rendered":"Sammenlagt endte Anja p\u00e5 4. plass i VM. &#8211; Oppkj\u00f8ringen har v\u00e6rt god, s\u00e5 det var meget spennende,&hellip;\n","protected":false},"author":2,"featured_media":329630,"comment_status":"","ping_status":"","sticky":false,"template":"","format":"standard","meta":{"footnotes":"","_share_on_mastodon":"0"},"categories":[59],"tags":[36,30,28,29,3847,83,82,1510,2149],"class_list":["post-329629","post","type-post","status-publish","format-standard","has-post-thumbnail","category-sport","tag-art","tag-no","tag-norge","tag-norway","tag-roros","tag-sport","tag-sports","tag-story","tag-styrkeloft"],"share_on_mastodon":{"url":"https:\/\/pubeurope.com\/@no\/117133035078953271","error":""},"_links":{"self":[{"href":"https:\/\/www.europesays.com\/no\/wp-json\/wp\/v2\/posts\/329629","targetHints":{"allow":["GET"]}}],"collection":[{"href":"https:\/\/www.europesays.com\/no\/wp-json\/wp\/v2\/posts"}],"about":[{"href":"https:\/\/www.europesays.com\/no\/wp-json\/wp\/v2\/types\/post"}],"author":[{"embeddable":true,"href":"https:\/\/www.europesays.com\/no\/wp-json\/wp\/v2\/users\/2"}],"replies":[{"embeddable":true,"href":"https:\/\/www.europesays.com\/no\/wp-json\/wp\/v2\/comments?post=329629"}],"version-history":[{"count":0,"href":"https:\/\/www.europesays.com\/no\/wp-json\/wp\/v2\/posts\/329629\/revisions"}],"wp:featuredmedia":[{"embeddable":true,"href":"https:\/\/www.europesays.com\/no\/wp-json\/wp\/v2\/media\/329630"}],"wp:attachment":[{"href":"https:\/\/www.europesays.com\/no\/wp-json\/wp\/v2\/media?parent=329629"}],"wp:term":[{"taxonomy":"category","embeddable":true,"href":"https:\/\/www.europesays.com\/no\/wp-json\/wp\/v2\/categories?post=329629"},{"taxonomy":"post_tag","embeddable":true,"href":"https:\/\/www.europesays.com\/no\/wp-json\/wp\/v2\/tags?post=329629"}],"curies":[{"name":"wp","href":"https:\/\/api.w.org\/{rel}","templated":true}]}}