{"id":329667,"date":"2026-08-21T11:20:09","date_gmt":"2026-08-21T11:20:09","guid":{"rendered":"https:\/\/www.europesays.com\/no\/329667\/"},"modified":"2026-08-21T11:20:09","modified_gmt":"2026-08-21T11:20:09","slug":"meslingutbrudd-sprer-seg-i-sverige","status":"publish","type":"post","link":"https:\/\/www.europesays.com\/no\/329667\/","title":{"rendered":"Meslingutbrudd sprer seg i Sverige"},"content":{"rendered":"\n<p class=\"_lead_145nj_2 _lead_6fko5_53 layout-component text-serif-m layout-normal text-serif-l layout-component layout-wide layout-padded _wide_17hqh_1 layout-padded\">Minst 24 personer i flere deler av Sverige har p\u00e5 \u00e9n uke f\u00e5tt p\u00e5vist meslinger. N\u00e5 innkaller helsemyndighetene til pressekonferanse.<\/p>\n<ul aria-hidden=\"true\" class=\"_images_ntbth_112\">\n<li><a class=\"_link_ntbth_117\" href=\"https:\/\/www.vg.no\/forfatter\/ntb\" style=\"z-index:1\" title=\"NTB\" rel=\"nofollow noopener\" target=\"_blank\"><img alt=\"Bilde av NTB\" class=\"_image_ntbth_93\" fetchpriority=\"low\" loading=\"lazy\" decoding=\"async\" itemprop=\"image\"  src=\"https:\/\/www.europesays.com\/no\/wp-content\/uploads\/2026\/08\/1787311209_471_c33980b0-5d07-4027-84a1-813f90a7c8d6.jpeg\"  width=\"480\"\/><\/a><\/li>\n<\/ul>\n<p> Oppdatert fredag 21. august kl. 12:23    <\/p>\n<ul class=\"_list_145nj_3 _list_64s2r_85 _unordered_145nj_106 text-sans-m\">\n<li class=\"_item_145nj_30\">Minst 24 personer i Sverige har f\u00e5tt p\u00e5vist meslinger p\u00e5 \u00e9n uke.<\/li>\n<li class=\"_item_145nj_30\">De fleste smittede er under 18 \u00e5r og uvaksinerte.<\/li>\n<li class=\"_item_145nj_30\">Smitteutbruddet knyttes til musikkfestivalen Ukult.<\/li>\n<\/ul>\n<p>Vis mer <\/p>\n<p class=\"_paragraph_145nj_4 _paragraph_6fko5_10 layout-component text-serif-m layout-normal text-serif-m layout-padded\">\u2013 At vi har hatt 24 tilfeller p\u00e5 \u00e9n uke over hele landet, er sv\u00e6rt uvanlig, sier infeksjonslege Maria Rotzen \u00d6stlund til <a href=\"https:\/\/www.svt.se\/nyheter\/lokalt\/vasternorrland\/annu-fler-masslingsfall-efter-urkult-smittad-reste-med-farja-vid-tva-tillfallen\" class=\"_link_145nj_39\" rel=\"nofollow noopener\" target=\"_blank\">SVT.<\/a><\/p>\n<p class=\"_paragraph_145nj_4 _paragraph_6fko5_10 layout-component text-serif-m layout-normal text-serif-m layout-padded\">Fredag kaller sosialminister Jakob Forssmed inn til en pressekonferanse for \u00e5 gi en status p\u00e5 det p\u00e5g\u00e5ende utbruddet. Der vil ogs\u00e5 lederen for det svenske folkehelseinstituttet v\u00e6re til stede.<\/p>\n<p class=\"_paragraph_145nj_4 _paragraph_6fko5_10 layout-component text-serif-m layout-normal text-serif-m layout-padded\">De fleste av de smittede er under 18 \u00e5r. <\/p>\n<p class=\"_paragraph_145nj_4 _paragraph_6fko5_10 layout-component text-serif-m layout-normal text-serif-m layout-padded\"><strong class=\"_strong_145nj_25\">I de fleste tilfellene har ikke personene v\u00e6rt vaksinert mot sykdommen.<\/strong><\/p>\n<p class=\"_paragraph_145nj_4 _paragraph_6fko5_10 layout-component text-serif-m layout-normal text-serif-m layout-padded\">Smitteutbruddet knyttes til musikkfestivalen Ukult, som ble holdt for noen uker siden.<\/p>\n<p class=\"_paragraph_145nj_4 _paragraph_6fko5_10 layout-component text-serif-m layout-normal text-serif-m layout-padded\">\u2013 Vi r\u00e5der alle v\u00e5re bes\u00f8kende til \u00e5 v\u00e6re oppmerksomme p\u00e5 symptomer og f\u00f8lge myndighetenes anbefalinger, heter det i en uttalelse fra festivalen <a href=\"https:\/\/urkult.se\/\" class=\"_link_145nj_39\" rel=\"nofollow noopener\" target=\"_blank\">p\u00e5 deres hjemmesider.<\/a><\/p>\n<p class=\"_paragraph_145nj_4 _paragraph_6fko5_10 layout-component text-serif-m layout-normal text-serif-m layout-padded\">De f\u00f8rste symptomene p\u00e5 meslinger er t\u00f8rrhoste, irriterte \u00f8yne, snue og feber. Utslettene kommer f\u00f8rst et par dager senere. Inkubasjonstiden er oftest ti-tolv dager, men kan v\u00e6re alt fra syv til 21 dager. Sykdommen er sv\u00e6rt smittsom.<\/p>\n","protected":false},"excerpt":{"rendered":"Minst 24 personer i flere deler av Sverige har p\u00e5 \u00e9n uke f\u00e5tt p\u00e5vist meslinger. N\u00e5 innkaller helsemyndighetene&hellip;\n","protected":false},"author":2,"featured_media":329668,"comment_status":"","ping_status":"","sticky":false,"template":"","format":"standard","meta":{"footnotes":"","_share_on_mastodon":"0"},"categories":[12],"tags":[20,21,24,25,15,736,22,23,7895,13,30,28,29,14,16,1359,26,27,42,43,44,45],"class_list":["post-329667","post","type-post","status-publish","format-standard","has-post-thumbnail","category-verden","tag-breaking-news","tag-breakingnews","tag-featured-news","tag-featurednews","tag-headlines","tag-helse","tag-latest-news","tag-latestnews","tag-meslinger","tag-news","tag-no","tag-norge","tag-norway","tag-nyheter","tag-overskrifter","tag-sverige","tag-top-stories","tag-topstories","tag-verden","tag-world","tag-world-news","tag-worldnews"],"share_on_mastodon":{"url":"https:\/\/pubeurope.com\/@no\/117133235742312165","error":""},"_links":{"self":[{"href":"https:\/\/www.europesays.com\/no\/wp-json\/wp\/v2\/posts\/329667","targetHints":{"allow":["GET"]}}],"collection":[{"href":"https:\/\/www.europesays.com\/no\/wp-json\/wp\/v2\/posts"}],"about":[{"href":"https:\/\/www.europesays.com\/no\/wp-json\/wp\/v2\/types\/post"}],"author":[{"embeddable":true,"href":"https:\/\/www.europesays.com\/no\/wp-json\/wp\/v2\/users\/2"}],"replies":[{"embeddable":true,"href":"https:\/\/www.europesays.com\/no\/wp-json\/wp\/v2\/comments?post=329667"}],"version-history":[{"count":0,"href":"https:\/\/www.europesays.com\/no\/wp-json\/wp\/v2\/posts\/329667\/revisions"}],"wp:featuredmedia":[{"embeddable":true,"href":"https:\/\/www.europesays.com\/no\/wp-json\/wp\/v2\/media\/329668"}],"wp:attachment":[{"href":"https:\/\/www.europesays.com\/no\/wp-json\/wp\/v2\/media?parent=329667"}],"wp:term":[{"taxonomy":"category","embeddable":true,"href":"https:\/\/www.europesays.com\/no\/wp-json\/wp\/v2\/categories?post=329667"},{"taxonomy":"post_tag","embeddable":true,"href":"https:\/\/www.europesays.com\/no\/wp-json\/wp\/v2\/tags?post=329667"}],"curies":[{"name":"wp","href":"https:\/\/api.w.org\/{rel}","templated":true}]}}