{"id":329788,"date":"2026-08-21T13:27:15","date_gmt":"2026-08-21T13:27:15","guid":{"rendered":"https:\/\/www.europesays.com\/no\/329788\/"},"modified":"2026-08-21T13:27:15","modified_gmt":"2026-08-21T13:27:15","slug":"flere-skadet-av-mann-med-sverd-ved-skole-i-sverige-ble-skutt-av-politi","status":"publish","type":"post","link":"https:\/\/www.europesays.com\/no\/329788\/","title":{"rendered":"Flere skadet av mann med sverd ved skole i Sverige \u2013 ble skutt av politi"},"content":{"rendered":"\n<p class=\"_lead_145nj_2 _lead_6fko5_53 layout-component text-serif-m layout-normal text-serif-l layout-component layout-wide layout-padded _wide_17hqh_1 layout-padded\">Mannen gikk inn p\u00e5 skolen med sverd. <\/p>\n<p><img alt=\" Foto: Niklas Hagman \/Aftonbladet\" class=\"_image_jw3bv_65 layout-component layout-wide\" data-fullscreen- data-track-element-type=\"Article image fullscreen\" data-track-name=\"ImageFullscreen\" fetchpriority=\"high\" decoding=\"sync\" loading=\"eager\" height=\"929\" itemprop=\"image\"  src=\"https:\/\/www.europesays.com\/no\/wp-content\/uploads\/2026\/08\/f6ae62da-5b0e-3142-9729-9a7a0d22a6a0.png\"  style=\"object-position:38.65105008077545% 52.26049515608181%\" width=\"1238\"\/> Foto: Niklas Hagman \/Aftonbladet<\/p>\n<ul aria-hidden=\"true\" class=\"_images_ntbth_112\">\n<li><a class=\"_link_ntbth_117\" href=\"https:\/\/www.vg.no\/forfatter\/marius-medby\" style=\"z-index:1\" title=\"Marius Medby\" rel=\"nofollow noopener\" target=\"_blank\"><img alt=\"Bilde av Marius Medby\" class=\"_image_ntbth_93\" fetchpriority=\"low\" loading=\"lazy\" decoding=\"async\" itemprop=\"image\"  src=\"https:\/\/www.europesays.com\/no\/wp-content\/uploads\/2026\/08\/1787318833_726_7fce7743-7f51-4a52-810a-ae43b183c86f.jpeg\"  width=\"480\"\/><\/a><\/li>\n<\/ul>\n<p> Oppdatert fredag 21. august kl. 15:22     <\/p>\n<p class=\"_paragraph_145nj_4 _paragraph_6fko5_10 layout-component text-serif-m layout-normal text-serif-m layout-padded\">En mann v\u00e6pnet med sverd har blitt skutt av politiet utenfor en ungdomsskole i Fagersta i <a href=\"https:\/\/www.vg.no\/tag\/sverige?utm_source=vg-article&amp;utm_medium=auto-tagger&amp;utm_campaign=k0ebRB\" class=\"_link_145nj_39\" rel=\"nofollow noopener\" target=\"_blank\">Sverige<\/a>, melder Expressen og Aftonbladet. <\/p>\n<p class=\"_paragraph_145nj_4 _paragraph_6fko5_10 layout-component text-serif-m layout-normal text-serif-m layout-padded\">Sistnevnte melder at mannen ble skutt i beinet. <\/p>\n<p class=\"_paragraph_145nj_4 _paragraph_6fko5_10 layout-component text-serif-m layout-normal text-serif-m layout-padded\">If\u00f8lge\u00a0<a href=\"https:\/\/www.expressen.se\/nyheter\/sverige\/polisinsats-vid-skola-i-fagersta\/\" class=\"_link_145nj_39\" rel=\"nofollow noopener\" target=\"_blank\">Expressen<\/a>\u00a0er det snakk om sverd, mens if\u00f8lge\u00a0<a href=\"https:\/\/www.aftonbladet.se\/nyheter\/a\/Rr77qd\/aftonbl\" class=\"_link_145nj_39\" rel=\"nofollow noopener\" target=\"_blank\">Aftonbladet\u00a0<\/a>er det snakk om machete.<\/p>\n<p class=\"_paragraph_145nj_4 _paragraph_6fko5_10 layout-component text-serif-m layout-normal text-serif-m layout-padded\">\u2013 Jeg kan bare bekrefte at vi har en p\u00e5g\u00e5ende aksjon. Vi har et stort antall ressurser p\u00e5 stedet, melder pressetalsperson Pelle Vamstad.<\/p>\n<p class=\"_paragraph_145nj_4 _paragraph_6fko5_10 layout-component text-serif-m layout-normal text-serif-m layout-padded\">Fagersta kommune skriver at en person gikk inn p\u00e5 en skole med et sverd og skadet flere personer. Vedkommende skal v\u00e6re p\u00e5grepet av politiet, skriver kommunen videre. <\/p>\n<p class=\"_paragraph_145nj_4 _paragraph_6fko5_10 layout-component text-serif-m layout-normal text-serif-m layout-padded\">Politiet forteller at de ikke har noen indikasjoner p\u00e5 at det skal v\u00e6re fare for publikum i omr\u00e5det. De mottok en melding om p\u00e5g\u00e5ende d\u00f8delig vold, skriver Expressen. Innsatsstyrken er p\u00e5 stedet.  <\/p>\n<p class=\"_paragraph_145nj_4 _paragraph_6fko5_10 layout-component text-serif-m layout-normal text-serif-m layout-padded\">Justisminister Gunnar Str\u00f6mmer (M) sier at han har blitt informert om en alvorlig hendelse.\u00a0<\/p>\n<p class=\"_paragraph_145nj_4 _paragraph_6fko5_10 layout-component text-serif-m layout-normal text-serif-m layout-padded\">\u2013 Politiet er p\u00e5 stedet og jobber sv\u00e6rt intensivt med hendelsen. Myndighetene er i tett kontakt med politiet og f\u00f8lger utviklingen kontinuerlig, sier han til <a href=\"https:\/\/www.expressen.se\/nyheter\/sverige\/polisinsats-vid-skola-i-fagersta\/\" class=\"_link_145nj_39\" rel=\"nofollow noopener\" target=\"_blank\">Expressen<\/a>.<\/p>\n<p>    <img decoding=\"async\" alt=\"Tips oss illustrasjon\" src=\"https:\/\/www.europesays.com\/no\/wp-content\/uploads\/2026\/08\/1787318835_801_pssst-small.webp\"\/>    <\/p>\n<p class=\"title-serif-s\">Har du tips?<\/p>\n<p class=\"text-sans-m\">Send oss informasjon, bilder eller video.<\/p>\n<p>  <a href=\"https:\/\/www.vg.no\/tips-oss\" rel=\"nofollow noopener\" target=\"_blank\"> Tips oss <\/a>      <\/p>\n","protected":false},"excerpt":{"rendered":"Mannen gikk inn p\u00e5 skolen med sverd. Foto: Niklas Hagman \/Aftonbladet Oppdatert fredag 21. august kl. 15:22 En&hellip;\n","protected":false},"author":2,"featured_media":329789,"comment_status":"","ping_status":"","sticky":false,"template":"","format":"standard","meta":{"footnotes":"","_share_on_mastodon":"0"},"categories":[12],"tags":[31,20,21,24,25,15,22,23,13,30,28,29,14,16,1359,26,27,42,43,44,45],"class_list":["post-329788","post","type-post","status-publish","format-standard","has-post-thumbnail","category-verden","tag-breaking","tag-breaking-news","tag-breakingnews","tag-featured-news","tag-featurednews","tag-headlines","tag-latest-news","tag-latestnews","tag-news","tag-no","tag-norge","tag-norway","tag-nyheter","tag-overskrifter","tag-sverige","tag-top-stories","tag-topstories","tag-verden","tag-world","tag-world-news","tag-worldnews"],"share_on_mastodon":{"url":"https:\/\/pubeurope.com\/@no\/117133735098986641","error":""},"_links":{"self":[{"href":"https:\/\/www.europesays.com\/no\/wp-json\/wp\/v2\/posts\/329788","targetHints":{"allow":["GET"]}}],"collection":[{"href":"https:\/\/www.europesays.com\/no\/wp-json\/wp\/v2\/posts"}],"about":[{"href":"https:\/\/www.europesays.com\/no\/wp-json\/wp\/v2\/types\/post"}],"author":[{"embeddable":true,"href":"https:\/\/www.europesays.com\/no\/wp-json\/wp\/v2\/users\/2"}],"replies":[{"embeddable":true,"href":"https:\/\/www.europesays.com\/no\/wp-json\/wp\/v2\/comments?post=329788"}],"version-history":[{"count":0,"href":"https:\/\/www.europesays.com\/no\/wp-json\/wp\/v2\/posts\/329788\/revisions"}],"wp:featuredmedia":[{"embeddable":true,"href":"https:\/\/www.europesays.com\/no\/wp-json\/wp\/v2\/media\/329789"}],"wp:attachment":[{"href":"https:\/\/www.europesays.com\/no\/wp-json\/wp\/v2\/media?parent=329788"}],"wp:term":[{"taxonomy":"category","embeddable":true,"href":"https:\/\/www.europesays.com\/no\/wp-json\/wp\/v2\/categories?post=329788"},{"taxonomy":"post_tag","embeddable":true,"href":"https:\/\/www.europesays.com\/no\/wp-json\/wp\/v2\/tags?post=329788"}],"curies":[{"name":"wp","href":"https:\/\/api.w.org\/{rel}","templated":true}]}}