{"id":330114,"date":"2026-08-21T20:12:16","date_gmt":"2026-08-21T20:12:16","guid":{"rendered":"https:\/\/www.europesays.com\/no\/330114\/"},"modified":"2026-08-21T20:12:16","modified_gmt":"2026-08-21T20:12:16","slug":"en-dod-etter-skoleangrep","status":"publish","type":"post","link":"https:\/\/www.europesays.com\/no\/330114\/","title":{"rendered":"\u00c9n d\u00f8d etter skoleangrep"},"content":{"rendered":"<p class=\"kicker \" style=\"\">Flere angrepet ved skole i Sverige:<\/p>\n<p class=\"subtitle \" style=\"\">En mann v\u00e6pnet med sverd har p\u00e5f\u00f8rt flere personer skader ved en skole i Fagersta i Sverige. N\u00e5 er \u00e9n person d\u00f8d.<\/p>\n<p> En person er d\u00f8d og tre er alvorlig skadd etter at en mann v\u00e6pnet med sverd gikk til angrep ved en skole i Fagersta i Sverige fredag.<\/p>\n<p>&#8211; Politiet mottok melding om en hendelse med p\u00e5g\u00e5ende livstruende vold ved en skole i Fagersta. Politiet har rykket ut til stedet, og en person er p\u00e5grepet, heter det i en uttalelse fra politiet.<\/p>\n<p class=\"font-weight-bold m-font-weight-bold\" data-lab-font_weight=\"font-weight-bold\">Fredag ettermiddag melder svensk TV 4 at en 18 \u00e5r gammel tidligere elev er p\u00e5grepet.<\/p>\n<p>        <img loading=\"lazy\" decoding=\"async\" src=\"https:\/\/www.europesays.com\/no\/wp-content\/uploads\/2026\/08\/85046491.webp\" width=\"667\" height=\"461\" alt=\"\" class=\"\" style=\"--aspect-ratio-image: 1.45; \"\/><\/p>\n<p>\n        FLERE SKADD: En mann v\u00e6pnet med sverd har p\u00e5f\u00f8rt flere personer skader ved en skole i Fagersta i Sverige. Foto: Niklas Hagman \/ TT via NTB\n    <\/p>\n<p>Han er tidligere d\u00f8mt for lovbrudd ved en annen skole og har en historikk hos sosialtjenesten, if\u00f8lge TV-kanalen. Flere svenske medier skriver at politiet har aksjonert ved 18-\u00e5ringens bolig.<\/p>\n<p>I en pressekonferanse klokka 21 bekrefter politiet at \u00e9n person er p\u00e5grepet, og at de forel\u00f8pig ikke har grunn til \u00e5 tro at det er flere gjerningspersoner.<\/p>\n<p>&#8211; Vi har ingen grunn til \u00e5 tro at det finnes flere gjerningspersoner p\u00e5 n\u00e5v\u00e6rende tidspunkt, sier lokalpolitisjef Tommy Alriksson.<\/p>\n<p>Han opplyser samtidig at politiet fortsatt jobber med \u00e5 finne motivet bak angrepet. Politiet vil ikke g\u00e5 n\u00e6rmere inn p\u00e5 hendelsesforl\u00f8pet eller opplysninger om kj\u00f8nn og alder p\u00e5 de involverte.<\/p>\n<p><a href=\"https:\/\/www.expressen.se\/nyheter\/sverige\/polisinsats-vid-skola-i-fagersta\/\" target=\"_blank\" rel=\"nofollow noopener\">Expressen<\/a>\u00a0skriver at mannen var v\u00e6pnet med sverd, mens det if\u00f8lge\u00a0<a href=\"https:\/\/www.aftonbladet.se\/nyheter\/a\/Rr77qd\/aftonbl\" target=\"_blank\" rel=\"nofollow noopener\">Aftonbladet<\/a>\u00a0er snakk om machete. Avisa skriver at minst to er skadd.<\/p>\n<p>        <img loading=\"lazy\" decoding=\"async\" src=\"https:\/\/www.europesays.com\/no\/wp-content\/uploads\/2026\/08\/85046664.webp\" width=\"667\" height=\"481\" alt=\"\" class=\"\" style=\"--aspect-ratio-image: 1.39; \"\/><\/p>\n<p>\n        P\u00c5GREPET: En tidligere elev, en 18 \u00e5r gammel mann, er p\u00e5grepet. Han er tidligere d\u00f8mt for lovbrudd ved en annen skole. Foto: Fredrik Sandberg \/ TT \/ NTB\n    <\/p>\n<p>&#8211; V\u00e5re tanker g\u00e5r til alle de ber\u00f8rte\t<\/p>\n<p>Fagersta kommune har satt krisestab etter hendelsen.<\/p>\n<p>&#8211; Vi fokuserer n\u00e5 p\u00e5 krisest\u00f8tte, sier Lena Bylund, presseansvarlig i kommunen til Aftonbladet.<\/p>\n<p>Sveriges statsminister, Ulf Kristersson, uttaler seg om angrepet p\u00e5 X:<\/p>\n<p>&#8211; En alvorlig hendelse har skjedd i dag p\u00e5 en skole i Fagersta, rett etter sommerferien. Det er meldinger om skadde personer. Vi vet forel\u00f8pig ikke hva som ligger bak handlingen, men vi vet at politiet jobber sv\u00e6rt intensivt. Jeg vil be alle om \u00e5 la politiet og n\u00f8detatene jobbe uforstyrret. V\u00e5re tanker g\u00e5r til alle de ber\u00f8rte.<\/p>\n<p>        <img loading=\"lazy\" decoding=\"async\" itemprop=\"image\" src=\"https:\/\/www.europesays.com\/no\/wp-content\/uploads\/2026\/08\/85046418.webp\" width=\"180\" height=\"180\" alt=\"\"\/><\/p>\n<p>                    Ulf Kristersson<br \/>\n                        Ulf<br \/>\n                        Kristersson<\/p>\n<p>Statsminister i Sverige<\/p>\n<p>Ogs\u00e5 Sveriges tidligere statsminister Magdalena Andersson har uttalt seg:<\/p>\n<p>&#8211; Forferdelige nyheter fra Fagersta. Mine tanker g\u00e5r til de ber\u00f8rte og alle som p\u00e5virkes av dette. N\u00e5r vold skjer ved en skole, vet jeg at det p\u00e5virker alle i landet v\u00e5rt. Hele Sverige st\u00e5r sammen med Fagersta i denne vanskelige tiden.<\/p>\n<p>        <img loading=\"lazy\" decoding=\"async\" src=\"https:\/\/www.europesays.com\/no\/wp-content\/uploads\/2026\/08\/85046666.webp\" width=\"667\" height=\"461\" alt=\"\" class=\"\" style=\"--aspect-ratio-image: 1.45; \"\/><\/p>\n<p>\n        RYKKET UT: Svensk politi rykket ut med store ressurser til skolen i Fagersta i Sverige. Foto: Fredrik Sandberg \/ TT \/ NTB\n    <\/p>\n<p>Skutt i foten\t<\/p>\n<p>Begge avisene melder ogs\u00e5 at gjerningspersonen er truffet av skudd fra politiet. Fagersta kommune bekrefter at gjerningspersonen er p\u00e5grepet.<\/p>\n<p>&#8211; Jeg kan bare bekrefte at vi har en p\u00e5g\u00e5ende aksjon, melder pressetalsperson Pelle Vamstad til Aftonbladet.<\/p>\n<p>Han vil ikke kommentere om noen er skadd, men sier det ikke skal v\u00e6re fare for allmennheten.<\/p>\n<p>TT skriver at en person ogs\u00e5 har blitt frihetsber\u00f8vet i l\u00f8pet av hendelsen og viser til politiet som kilde.<\/p>\n<p>If\u00f8lge Aftonbladet er gjerningsmannen skutt i foten.<\/p>\n<p>Den svenske hovedredningssentralen melder at det ogs\u00e5 har skjedd en ulykke mellom to biler ved skolen.<\/p>\n<p>Flere skoler i lockdown\t<\/p>\n<p>Hendelsen skjedde ved ungdomsskolen Brinellskolan, som er under lockdown. Ogs\u00e5 ved Olympen, Fagerstahallen, Risbroskolan, Skogsgl\u00e4ntan, Bj\u00f6rksta, Pr\u00e4stkragen og Norrbybacken holdes elevene inne.<\/p>\n<p>Sveriges justisminister Gunnar Str\u00f6mmer (M) sier til Aftonbladet at regjeringen er i n\u00e6r kontakt med politiet.<\/p>\n<p>&#8211; Vi har f\u00e5tt opplysninger om en alvorlig hendelse i Fagersta. Politiet er p\u00e5 plass og jobber sv\u00e6rt intensivt med hendelsen. Regjeringen er i n\u00e6r kontakt med politiet og f\u00f8lger utviklingen n\u00f8ye, sier han.<\/p>\n","protected":false},"excerpt":{"rendered":"Flere angrepet ved skole i Sverige: En mann v\u00e6pnet med sverd har p\u00e5f\u00f8rt flere personer skader ved en&hellip;\n","protected":false},"author":2,"featured_media":330115,"comment_status":"","ping_status":"","sticky":false,"template":"","format":"standard","meta":{"footnotes":"","_share_on_mastodon":"0"},"categories":[5],"tags":[20,21,24,25,15,19,22,23,17,18,13,30,28,29,14,16,1359,26,27,412],"class_list":["post-330114","post","type-post","status-publish","format-standard","has-post-thumbnail","category-overskrifter","tag-breaking-news","tag-breakingnews","tag-featured-news","tag-featurednews","tag-headlines","tag-hovedoppslag","tag-latest-news","tag-latestnews","tag-main-news","tag-mainnews","tag-news","tag-no","tag-norge","tag-norway","tag-nyheter","tag-overskrifter","tag-sverige","tag-top-stories","tag-topstories","tag-utenriks"],"share_on_mastodon":{"url":"https:\/\/pubeurope.com\/@no\/117135327126446061","error":""},"_links":{"self":[{"href":"https:\/\/www.europesays.com\/no\/wp-json\/wp\/v2\/posts\/330114","targetHints":{"allow":["GET"]}}],"collection":[{"href":"https:\/\/www.europesays.com\/no\/wp-json\/wp\/v2\/posts"}],"about":[{"href":"https:\/\/www.europesays.com\/no\/wp-json\/wp\/v2\/types\/post"}],"author":[{"embeddable":true,"href":"https:\/\/www.europesays.com\/no\/wp-json\/wp\/v2\/users\/2"}],"replies":[{"embeddable":true,"href":"https:\/\/www.europesays.com\/no\/wp-json\/wp\/v2\/comments?post=330114"}],"version-history":[{"count":0,"href":"https:\/\/www.europesays.com\/no\/wp-json\/wp\/v2\/posts\/330114\/revisions"}],"wp:featuredmedia":[{"embeddable":true,"href":"https:\/\/www.europesays.com\/no\/wp-json\/wp\/v2\/media\/330115"}],"wp:attachment":[{"href":"https:\/\/www.europesays.com\/no\/wp-json\/wp\/v2\/media?parent=330114"}],"wp:term":[{"taxonomy":"category","embeddable":true,"href":"https:\/\/www.europesays.com\/no\/wp-json\/wp\/v2\/categories?post=330114"},{"taxonomy":"post_tag","embeddable":true,"href":"https:\/\/www.europesays.com\/no\/wp-json\/wp\/v2\/tags?post=330114"}],"curies":[{"name":"wp","href":"https:\/\/api.w.org\/{rel}","templated":true}]}}