{"id":330400,"date":"2026-08-22T05:56:21","date_gmt":"2026-08-22T05:56:21","guid":{"rendered":"https:\/\/www.europesays.com\/no\/330400\/"},"modified":"2026-08-22T05:56:21","modified_gmt":"2026-08-22T05:56:21","slug":"fikk-inn-13-millioner-sa-purret-bellona-pa-staten","status":"publish","type":"post","link":"https:\/\/www.europesays.com\/no\/330400\/","title":{"rendered":"Fikk inn 13 millioner \u2013 s\u00e5 purret Bellona p\u00e5 staten"},"content":{"rendered":"<p><strong>Bellona samlet inn 13 millioner kroner for \u00e5 unng\u00e5 konkurs i juni. Bare uker senere purret milj\u00f8stiftelsen p\u00e5 over fem millioner kroner i statlig st\u00f8tte for \u00e5 dekke l\u00f8pende utgifter.<\/strong><\/p>\n<p>Bellona hadde opprinnelig bedt om \u00e5tte millioner kroner for \u00e5 unng\u00e5 konkurs, men fikk inn 13 millioner fra private givere og n\u00e6ringslivet. Likevel var \u00f8konomien fortsatt presset, skriver <a href=\"https:\/\/e24.no\/naeringsliv\/i\/wrV94o\/purret-paa-statsstoette-i-fellesferien\" rel=\"nofollow noopener\" target=\"_blank\">E24<\/a>.<\/p>\n<p>Den 21. juli purret Bellona p\u00e5 \u00e5rets utbetaling fra Direktoratet for str\u00e5levern og atomsikkerhet (DSA). Stiftelsen skrev at den var \u00abi stor grad avhengig\u00bb av pengene for \u00e5 dekke l\u00f8pende forpliktelser. Dr\u00f8yt fem millioner kroner ble sendt samme dag.<\/p>\n<p>Daglig leder Sveinung Rotevatn sier til E24 at pengene blant annet skulle dekke l\u00f8nn til ansatte p\u00e5 Bellonas Russland-prosjekt.<\/p>\n<p>\u2013 Bellona har en t\u00f8ff jobb foran seg med \u00e5 rette opp skuta og balansere \u00f8konomien, sier Rotevatn.<\/p>\n","protected":false},"excerpt":{"rendered":"Bellona samlet inn 13 millioner kroner for \u00e5 unng\u00e5 konkurs i juni. Bare uker senere purret milj\u00f8stiftelsen p\u00e5&hellip;\n","protected":false},"author":2,"featured_media":330401,"comment_status":"","ping_status":"","sticky":false,"template":"","format":"standard","meta":{"footnotes":"","_share_on_mastodon":"0"},"categories":[5],"tags":[10622,20,21,24,25,22683,15,19,22,23,17,18,13,30,28,29,14,16,21401,14039,26,27],"class_list":["post-330400","post","type-post","status-publish","format-standard","has-post-thumbnail","category-overskrifter","tag-bellona","tag-breaking-news","tag-breakingnews","tag-featured-news","tag-featurednews","tag-fredric-hauge","tag-headlines","tag-hovedoppslag","tag-latest-news","tag-latestnews","tag-main-news","tag-mainnews","tag-news","tag-no","tag-norge","tag-norway","tag-nyheter","tag-overskrifter","tag-statsstotte","tag-sveinung-rotevatn","tag-top-stories","tag-topstories"],"share_on_mastodon":{"url":"https:\/\/pubeurope.com\/@no\/117137623473676003","error":""},"_links":{"self":[{"href":"https:\/\/www.europesays.com\/no\/wp-json\/wp\/v2\/posts\/330400","targetHints":{"allow":["GET"]}}],"collection":[{"href":"https:\/\/www.europesays.com\/no\/wp-json\/wp\/v2\/posts"}],"about":[{"href":"https:\/\/www.europesays.com\/no\/wp-json\/wp\/v2\/types\/post"}],"author":[{"embeddable":true,"href":"https:\/\/www.europesays.com\/no\/wp-json\/wp\/v2\/users\/2"}],"replies":[{"embeddable":true,"href":"https:\/\/www.europesays.com\/no\/wp-json\/wp\/v2\/comments?post=330400"}],"version-history":[{"count":0,"href":"https:\/\/www.europesays.com\/no\/wp-json\/wp\/v2\/posts\/330400\/revisions"}],"wp:featuredmedia":[{"embeddable":true,"href":"https:\/\/www.europesays.com\/no\/wp-json\/wp\/v2\/media\/330401"}],"wp:attachment":[{"href":"https:\/\/www.europesays.com\/no\/wp-json\/wp\/v2\/media?parent=330400"}],"wp:term":[{"taxonomy":"category","embeddable":true,"href":"https:\/\/www.europesays.com\/no\/wp-json\/wp\/v2\/categories?post=330400"},{"taxonomy":"post_tag","embeddable":true,"href":"https:\/\/www.europesays.com\/no\/wp-json\/wp\/v2\/tags?post=330400"}],"curies":[{"name":"wp","href":"https:\/\/api.w.org\/{rel}","templated":true}]}}