{"id":33051,"date":"2025-09-11T23:25:08","date_gmt":"2025-09-11T23:25:08","guid":{"rendered":"https:\/\/www.europesays.com\/no\/33051\/"},"modified":"2025-09-11T23:25:08","modified_gmt":"2025-09-11T23:25:08","slug":"bolsonaro-domt-til-27-ar-fengsel-for-kuppforsok","status":"publish","type":"post","link":"https:\/\/www.europesays.com\/no\/33051\/","title":{"rendered":"Bolsonaro d\u00f8mt til 27 \u00e5r fengsel for kuppfors\u00f8k"},"content":{"rendered":"\n<p class=\"_lead_ew2ao_2 _lead_xtcu6_50 layout-component text-serif-m layout-normal text-serif-l layout-component layout-wide layout-padded _wide_17hqh_1 layout-padded\">Brasils h\u00f8yesterett har d\u00f8mt tidligere president Jair Bolsonaro til 27 \u00e5rs fengsel for kuppfors\u00f8k.<\/p>\n<p><img alt=\" Foto: MAURO PIMENTEL \/ AFP \/ NTB\" class=\"_image_qp4xg_65 layout-component layout-wide\" data-fullscreen- data-track-element-type=\"Article image fullscreen\" data-track-name=\"ImageFullscreen\" fetchpriority=\"high\" decoding=\"sync\" loading=\"eager\" height=\"3416\" itemprop=\"image\"  src=\"https:\/\/www.europesays.com\/no\/wp-content\/uploads\/2025\/09\/0a0108f8-cbe5-4555-b88e-869cba2d6cbd\"  style=\"object-position:0% 0%\" width=\"5120\"\/> Foto: MAURO PIMENTEL \/ AFP \/ NTB<\/p>\n<ul aria-hidden=\"true\" class=\"_images_1y6fe_106\">\n<li><a class=\"_link_1y6fe_111\" href=\"https:\/\/www.vg.no\/forfatter\/ntb\" style=\"z-index:1\" title=\"NTB\" rel=\"nofollow noopener\" target=\"_blank\"><img alt=\"Bilde av NTB\" class=\"_image_1y6fe_88\" fetchpriority=\"low\" loading=\"lazy\" decoding=\"async\" itemprop=\"image\"  src=\"https:\/\/www.europesays.com\/no\/wp-content\/uploads\/2025\/09\/1757633108_682_c33980b0-5d07-4027-84a1-813f90a7c8d6\"  width=\"480\"\/><\/a><\/li>\n<\/ul>\n<p> Oppdatert fredag 12. september kl. 01:01     <\/p>\n<p class=\"_paragraph_ew2ao_4 _paragraph_xtcu6_10 layout-component text-serif-m layout-normal text-serif-m layout-padded\">Dommen kom torsdag kveld, kort tid etter at den siste av de fem dommerne hadde stemt for \u00e5 d\u00f8mme Bolsonaro. En av dommerne gikk inn for frifinnelse, men det krevdes bare simpelt flertall for \u00e5 felle ekspresidenten.<\/p>\n<p class=\"_paragraph_ew2ao_4 _paragraph_xtcu6_10 layout-component text-serif-m layout-normal text-serif-m layout-padded\">Ogs\u00e5 sju andre personer ble funnet skyldige p\u00e5 alle tiltalepunktene.<\/p>\n<p>Trump overrasket over dommen<\/p>\n<p class=\"_paragraph_ew2ao_4 _paragraph_xtcu6_10 layout-component text-serif-m layout-normal text-serif-m layout-padded\">USAs president Donald Trump uttrykker overraskelse og misn\u00f8ye over dommen. Trump har tidligere kalt saken mot Bolsonaro en \u00abheksejakt\u00bb. Som en reaksjon p\u00e5 rettsprosessen har USA under Trumps ledelse innf\u00f8rt straffetiltak mot Brasil.<\/p>\n<p class=\"_paragraph_ew2ao_4 _paragraph_xtcu6_10 layout-component text-serif-m layout-normal text-serif-m layout-padded\">Bolsonaro, som var det latinamerikanske landets mektigste fra 2019 til 2022, kjennes skyldig i \u00e5 ha planlagt et statskupp etter valgtapet mot n\u00e5v\u00e6rende president Luiz Inacio Lula da Silva. Han skal ogs\u00e5 ha visst om planene om \u00e5 likvidere Lula og h\u00f8yesterettsjustitiarius Alexandre de Moraes, som n\u00e5 f\u00f8rer saken mot ham.<\/p>\n<p class=\"_paragraph_ew2ao_4 _paragraph_xtcu6_10 layout-component text-serif-m layout-normal text-serif-m layout-padded\">\u2013 Blant Bolsonaros tilhengere tror jeg det vil bli mye frustrasjon, sinne og kanskje protester. De som st\u00f8tter dagens regjering, og bredere dem som er opptatt av rettsstat og demokrati, vil feire dette som en seier, sier samfunnsgeograf og forfatter Torkjell Leira til NTB.<\/p>\n<p>F\u00f8rste dom for milit\u00e6rkupp<\/p>\n<p class=\"_paragraph_ew2ao_4 _paragraph_xtcu6_10 layout-component text-serif-m layout-normal text-serif-m layout-padded\">Han peker p\u00e5 at det er f\u00f8rste gang politikere eller milit\u00e6re ledere blir d\u00f8mt for milit\u00e6rkupp, eller fors\u00f8k p\u00e5 milit\u00e6rkupp, i Brasils historie \u2013 tross at det har v\u00e6rt mange slike kupp og kuppfors\u00f8k gjennom landets historie. Dommer Carmen Lucia sa blant annet i sin begrunnelse at Brasil med dommen \u00abm\u00f8ter sin fortid, n\u00e5tid og framtid\u00bb.<\/p>\n<p class=\"_paragraph_ew2ao_4 _paragraph_xtcu6_10 layout-component text-serif-m layout-normal text-serif-m layout-padded\">Tross at det er en historisk rettssak, har stemningen i hovedstaden Brasilia v\u00e6rt rolig, if\u00f8lge Leira. Han befinner seg i byen og beskriver et enormt sikkerhetsoppbud rundt h\u00f8yesterettsbygningen.<\/p>\n<p class=\"_paragraph_ew2ao_4 _paragraph_xtcu6_10 layout-component text-serif-m layout-normal text-serif-m layout-padded\">\u2013 Det har v\u00e6rt mindre demonstrasjoner b\u00e5de for og mot Bolsonaro ved huset hans like utenfor byen. Hver kveld har det ogs\u00e5 v\u00e6rt holdt en b\u00f8nnestund til st\u00f8tte for ham.<\/p>\n<p>Simpelt flertall<\/p>\n<p class=\"_paragraph_ew2ao_4 _paragraph_xtcu6_10 layout-component text-serif-m layout-normal text-serif-m layout-padded\">\u2013 Ordet kupp har aldri v\u00e6rt en del av mitt ordforr\u00e5d, svarte Bolsonaro underveis i rettssaken, if\u00f8lge nyhetsbyr\u00e5et AFP.<\/p>\n<p class=\"_paragraph_ew2ao_4 _paragraph_xtcu6_10 layout-component text-serif-m layout-normal text-serif-m layout-padded\">Tidligere hadde b\u00e5de de Moraes og h\u00f8yesterettsdommerne Fl\u00e1vio Dino og Cristiano Zanin funnet Bolsonaro skyldig, mens Luiz Fux stemte for \u00e5 frifinne ham. Fux fikk kj\u00f8lig behandling av sine kolleger i h\u00f8yesterett torsdag.<\/p>\n<p class=\"_paragraph_ew2ao_4 _paragraph_xtcu6_10 layout-component text-serif-m layout-normal text-serif-m layout-padded\">I rettssaken med fem dommere er det simpelt flertall som gjelder, derfor er Bolsonaro kjent skyldig allerede f\u00f8r den siste dommeren har kommet med sin stemme.<\/p>\n<p>Trolig ikke vanlig fengsel<\/p>\n<p class=\"_paragraph_ew2ao_4 _paragraph_xtcu6_10 layout-component text-serif-m layout-normal text-serif-m layout-padded\">Skulle Bolsonaro anke dommen, vil saken bli analysert av de seks resterende h\u00f8yesterettsdommerne som ikke er i dommerpanelet n\u00e5. De vil kun gjennomg\u00e5 spesifikke klager hvis det har v\u00e6rt uenighet i den innledende dommen, for eksempel p\u00e5 et tiltalepunkt eller i straffeutm\u00e5lingen.<\/p>\n<p class=\"_paragraph_ew2ao_4 _paragraph_xtcu6_10 layout-component text-serif-m layout-normal text-serif-m layout-padded\">Bolsonaro vil m\u00e5tte sone flere \u00e5r, men det er lite sannsynlig at han vil sitte i et vanlig fengsel. Som tidligere h\u00e6rkaptein har han rett til s\u00e6rskilt fengsling, som kan finne sted ved h\u00e6rens hovedkvarter i Bras\u00edlia eller i det f\u00f8derale politiets hovedbygning i samme by.<\/p>\n","protected":false},"excerpt":{"rendered":"Brasils h\u00f8yesterett har d\u00f8mt tidligere president Jair Bolsonaro til 27 \u00e5rs fengsel for kuppfors\u00f8k. Foto: MAURO PIMENTEL \/&hellip;\n","protected":false},"author":2,"featured_media":33052,"comment_status":"","ping_status":"","sticky":false,"template":"","format":"standard","meta":{"footnotes":""},"categories":[12],"tags":[3780,20,21,24,25,15,3779,22,23,13,30,28,29,14,16,26,27,42,43,44,45],"class_list":{"0":"post-33051","1":"post","2":"type-post","3":"status-publish","4":"format-standard","5":"has-post-thumbnail","7":"category-verden","8":"tag-brasil","9":"tag-breaking-news","10":"tag-breakingnews","11":"tag-featured-news","12":"tag-featurednews","13":"tag-headlines","14":"tag-jair-bolsonaro","15":"tag-latest-news","16":"tag-latestnews","17":"tag-news","18":"tag-no","19":"tag-norge","20":"tag-norway","21":"tag-nyheter","22":"tag-overskrifter","23":"tag-top-stories","24":"tag-topstories","25":"tag-verden","26":"tag-world","27":"tag-world-news","28":"tag-worldnews"},"share_on_mastodon":{"url":"","error":""},"_links":{"self":[{"href":"https:\/\/www.europesays.com\/no\/wp-json\/wp\/v2\/posts\/33051","targetHints":{"allow":["GET"]}}],"collection":[{"href":"https:\/\/www.europesays.com\/no\/wp-json\/wp\/v2\/posts"}],"about":[{"href":"https:\/\/www.europesays.com\/no\/wp-json\/wp\/v2\/types\/post"}],"author":[{"embeddable":true,"href":"https:\/\/www.europesays.com\/no\/wp-json\/wp\/v2\/users\/2"}],"replies":[{"embeddable":true,"href":"https:\/\/www.europesays.com\/no\/wp-json\/wp\/v2\/comments?post=33051"}],"version-history":[{"count":0,"href":"https:\/\/www.europesays.com\/no\/wp-json\/wp\/v2\/posts\/33051\/revisions"}],"wp:featuredmedia":[{"embeddable":true,"href":"https:\/\/www.europesays.com\/no\/wp-json\/wp\/v2\/media\/33052"}],"wp:attachment":[{"href":"https:\/\/www.europesays.com\/no\/wp-json\/wp\/v2\/media?parent=33051"}],"wp:term":[{"taxonomy":"category","embeddable":true,"href":"https:\/\/www.europesays.com\/no\/wp-json\/wp\/v2\/categories?post=33051"},{"taxonomy":"post_tag","embeddable":true,"href":"https:\/\/www.europesays.com\/no\/wp-json\/wp\/v2\/tags?post=33051"}],"curies":[{"name":"wp","href":"https:\/\/api.w.org\/{rel}","templated":true}]}}