{"id":330518,"date":"2026-08-22T08:48:12","date_gmt":"2026-08-22T08:48:12","guid":{"rendered":"https:\/\/www.europesays.com\/no\/330518\/"},"modified":"2026-08-22T08:48:12","modified_gmt":"2026-08-22T08:48:12","slug":"tog-vestfoldbanen-jordfeil-skapte-trobbel-for-togreisende-du-ma-regne-med-forsinkelser","status":"publish","type":"post","link":"https:\/\/www.europesays.com\/no\/330518\/","title":{"rendered":"Tog, Vestfoldbanen | Jordfeil skapte tr\u00f8bbel for togreisende: \u2013 Du m\u00e5 regne med forsinkelser"},"content":{"rendered":"\n<p>Passasjerer fra Vestfold m\u00e5tte belage seg p\u00e5 forsinkelser og mulige innstillinger. Feilen rammet alle tog som skulle inn og ut av Oslo S.<\/p>\n<p>Feilen ble f\u00f8rst meldt klokken 07.01. Bane NOR og togoperat\u00f8rene jobbet da med \u00e5 rette en feil p\u00e5 en sporveksel som hadde oppst\u00e5tt i kj\u00f8lvannet av jordfeilen.<\/p>\n<p>\u2013 Oslo S har f\u00e6rre spor i bruk. Du m\u00e5 regne med forsinkelser, og at noen tog kan bli innstilt, opplyste Vy i en trafikkoppdatering.<\/p>\n<p>Klokken 09.30 skal feilen v\u00e6re l\u00f8st.<\/p>\n","protected":false},"excerpt":{"rendered":"Passasjerer fra Vestfold m\u00e5tte belage seg p\u00e5 forsinkelser og mulige innstillinger. Feilen rammet alle tog som skulle inn&hellip;\n","protected":false},"author":2,"featured_media":330519,"comment_status":"","ping_status":"","sticky":false,"template":"","format":"standard","meta":{"footnotes":"","_share_on_mastodon":"0"},"categories":[10],"tags":[36,20,21,24,25,15,22,23,13,30,28,29,14,16,11748,1510,1923,26,27,3936],"class_list":["post-330518","post","type-post","status-publish","format-standard","has-post-thumbnail","category-norge","tag-art","tag-breaking-news","tag-breakingnews","tag-featured-news","tag-featurednews","tag-headlines","tag-latest-news","tag-latestnews","tag-news","tag-no","tag-norge","tag-norway","tag-nyheter","tag-overskrifter","tag-signalfeil","tag-story","tag-tog","tag-top-stories","tag-topstories","tag-vestfoldbanen"],"share_on_mastodon":{"url":"https:\/\/pubeurope.com\/@no\/117138299481676478","error":""},"_links":{"self":[{"href":"https:\/\/www.europesays.com\/no\/wp-json\/wp\/v2\/posts\/330518","targetHints":{"allow":["GET"]}}],"collection":[{"href":"https:\/\/www.europesays.com\/no\/wp-json\/wp\/v2\/posts"}],"about":[{"href":"https:\/\/www.europesays.com\/no\/wp-json\/wp\/v2\/types\/post"}],"author":[{"embeddable":true,"href":"https:\/\/www.europesays.com\/no\/wp-json\/wp\/v2\/users\/2"}],"replies":[{"embeddable":true,"href":"https:\/\/www.europesays.com\/no\/wp-json\/wp\/v2\/comments?post=330518"}],"version-history":[{"count":0,"href":"https:\/\/www.europesays.com\/no\/wp-json\/wp\/v2\/posts\/330518\/revisions"}],"wp:featuredmedia":[{"embeddable":true,"href":"https:\/\/www.europesays.com\/no\/wp-json\/wp\/v2\/media\/330519"}],"wp:attachment":[{"href":"https:\/\/www.europesays.com\/no\/wp-json\/wp\/v2\/media?parent=330518"}],"wp:term":[{"taxonomy":"category","embeddable":true,"href":"https:\/\/www.europesays.com\/no\/wp-json\/wp\/v2\/categories?post=330518"},{"taxonomy":"post_tag","embeddable":true,"href":"https:\/\/www.europesays.com\/no\/wp-json\/wp\/v2\/tags?post=330518"}],"curies":[{"name":"wp","href":"https:\/\/api.w.org\/{rel}","templated":true}]}}