{"id":330632,"date":"2026-08-22T11:16:16","date_gmt":"2026-08-22T11:16:16","guid":{"rendered":"https:\/\/www.europesays.com\/no\/330632\/"},"modified":"2026-08-22T11:16:16","modified_gmt":"2026-08-22T11:16:16","slug":"kultur-trysil-svein-skarpmo-70-er-i-festhumor-for-dansefesten-pa-paviljongen-i-sore-osen-haper-pa-300-400-deltakere","status":"publish","type":"post","link":"https:\/\/www.europesays.com\/no\/330632\/","title":{"rendered":"Kultur, Trysil | Svein Skarpmo (70) er i festhum\u00f8r f\u00f8r dansefesten p\u00e5 Paviljongen i S\u00f8re Osen: H\u00e5per p\u00e5 300-400 deltakere"},"content":{"rendered":"\n<p>Svein Skarpmo (70) sparer ikke p\u00e5 kruttet f\u00f8r den store sensommerfesten i Trysil-grenda.<\/p>\n<p>\u2013 I fjor hadde vi rundt 200 deltakere. N\u00e5 h\u00e5per vi p\u00e5 300-400, sier mannen som i flere ti\u00e5r har v\u00e6rt hovedmannen bak store arrangementer som Trysilsmellen og Coop Trysil Rulleskisprint.<\/p>\n<p>Sist helg var han med p\u00e5 \u00e5 arrangere <a href=\"https:\/\/www.ostlendingen.no\/niklas-dyrhaug-39-vant-trysillopet-sank-sammen-etter-malgang-jeg-kaster-nesten-opp-her\/s\/80-69-309886\" rel=\"Follow nofollow noopener\" target=\"_blank\">Trysill\u00f8pet<\/a> i Innbygda, der Niklas Dyrhaug vant etter \u00e5 ha gitt absolutt alt.<\/p>\n<p>N\u00e5r Ole Ivars Veteranene har g\u00e5tt av scenen p\u00e5 Paviljongen i S\u00f8re Osen natt til s\u00f8ndag, kan han endelig senke skuldrene.<\/p>\n<p>Men inntil da, gir han jernet.<\/p>\n<p>Tror p\u00e5 kjempefest<\/p>\n<p>Og han tror p\u00e5 en kjempefest.<\/p>\n<p>\u2013 Vi er veldig glade for at dansefestene p\u00e5 Paviljongen er tilbake. N\u00e5 er det viktig \u00e5 holde dette i gang, sier han.<\/p>\n<p>   <img decoding=\"async\" width=\"767\" height=\"714\" fetchpriority=\"low\"  loading=\"lazy\"  src=\"https:\/\/www.europesays.com\/no\/wp-content\/uploads\/2026\/08\/last ned (2).jpg\" alt=\"\" class=\"brick-c-cFOWSL\" style=\"--brick-image-ratio: 767 \/ 714;\"\/><\/p>\n<p>      SVINGTE SEG: Vilde og Sara Karsen-\u00d8stmo svingte seg p\u00e5 dansegulvet p\u00e5 Paviljongen i S\u00f8re Osen 30. august i fjor.<br \/>\n      Foto: Privat\n    <\/p>\n<p>Da det svenske dansebandet Lars-Kristerz spilte opp til dans p\u00e5 lokalet i S\u00f8re Osen for ganske n\u00f8yaktig ett \u00e5r siden, var det den f\u00f8rste dansefesten i grenda p\u00e5 14 \u00e5r.<\/p>\n<p>\u2013 Mange har savnet disse festene. Responsen i fjor bekreftet at det er liv laga for minst \u00e9n sommerfest i S\u00f8re Osen, sier Skarpmo.<\/p>\n<p>Dette blir den andre sommerfesten i grenda i \u00e5r.<\/p>\n<p>Kan bli to dansefester<\/p>\n<p>For en m\u00e5ned siden spilte det lokale countrybandet Woodlands p\u00e5 scenen p\u00e5 Paviljongen under de tradisjonelle grendedagene Sammarstreff.<\/p>\n<p>\u2013 Etter dansefesten i fjor lekte vi med tanken p\u00e5 \u00e5 arrangere to fester allerede i \u00e5r, men forel\u00f8pig blir det med den ene, sier Skarpmo.<\/p>\n<p>\u2013 Men p\u00e5 sikt blir det kanskje to. Det viktigste er \u00e5 videref\u00f8re tradisjonen som n\u00e5 er gjenopptatt.<\/p>\n<p>   <img decoding=\"async\" width=\"1596\" height=\"1734\" fetchpriority=\"low\"  loading=\"lazy\"  src=\"https:\/\/www.europesays.com\/no\/wp-content\/uploads\/2026\/08\/olei.png\" alt=\"\" class=\"brick-c-cFOWSL\" style=\"--brick-image-ratio: 1596 \/ 1734;\"\/><\/p>\n<p>      VETERANFEST: Ole Ivars Veteranene spiller opp til dans i S\u00f8re-Osen l\u00f8rdag.<br \/>\n      Foto: Aronsen Booking &amp; Management\n    <\/p>\n<p>Han har store forventninger til Ole Ivars Veteranene.<\/p>\n<p>\u2013 Ole Ivars var et av landets st\u00f8rste danseband. Tre av medlemmene i bandet som kommer til Paviljongen spilte i originalbandet. N\u00e5 h\u00e5per vi p\u00e5 en skikkelig god, gammeldags dansefest!<\/p>\n<p>Medlemmene i veteranbandet som spilte i originalbesetningen av Ole Ivars, er frontfiguren Lasse Johansen (gitar og vokal), Arne Willy Foss (saksofon) og gitaristen og multimusikeren Bj\u00f8rn Elvestad.<\/p>\n<p>Spilte for 3 176 tilskuere<\/p>\n<p>Opp gjennom \u00e5rene har store band og artister som DDE, Hellbillies, Ole Ivars, Vazelina Bilopph\u00f8ggers opptr\u00e5dt p\u00e5 scenen i S\u00f8re Osen.\u00a0<\/p>\n<p>Det svenske dansebandet Lasse Stefanz var der flere ganger.<\/p>\n<p>I 1996 satte vokalist Bjarne Br\u00f8ndbo og DDE en formidabel publikumsrekord med hele 3 176 betalende tilskuere p\u00e5 \u00e9n enkelt konsert.<\/p>\n<p>\u00c5 tangere et slikt vanvittig tall er nok neppe realistisk \u2013 verken i \u00e5r eller i \u00e5rene som kommer.<\/p>\n<p>Men at det er liv laga for grendefest p\u00e5 lokalet i S\u00f8re Osen, er det neppe noen tvil om.\u00a0<\/p>\n<p><a class=\"brick-c-hOTghF\" href=\"#skip-\">Hopp over karusellen.<\/a><\/p>\n<p data-static=\"\" class=\"brick-c-fgNmNC\" id=\"carousel-title-\">Innholdskarusell med 20 artikler.<\/p>\n<ul data-static=\"\" aria-label=\"Navigasjon for innholdskarusell\" class=\"carousel-nav\">\n<li>\n<\/li>\n<li>\n<\/li>\n<\/ul>\n","protected":false},"excerpt":{"rendered":"Svein Skarpmo (70) sparer ikke p\u00e5 kruttet f\u00f8r den store sensommerfesten i Trysil-grenda. \u2013 I fjor hadde vi&hellip;\n","protected":false},"author":2,"featured_media":330633,"comment_status":"","ping_status":"","sticky":false,"template":"","format":"standard","meta":{"footnotes":"","_share_on_mastodon":"0"},"categories":[58],"tags":[36,71,410,30,28,29,14,1510,2040,7984,72],"class_list":["post-330632","post","type-post","status-publish","format-standard","has-post-thumbnail","category-underholdning","tag-art","tag-entertainment","tag-kultur","tag-no","tag-norge","tag-norway","tag-nyheter","tag-story","tag-trysil","tag-trysil-og-engerdal","tag-underholdning"],"share_on_mastodon":{"url":"https:\/\/pubeurope.com\/@no\/117138881533199702","error":""},"_links":{"self":[{"href":"https:\/\/www.europesays.com\/no\/wp-json\/wp\/v2\/posts\/330632","targetHints":{"allow":["GET"]}}],"collection":[{"href":"https:\/\/www.europesays.com\/no\/wp-json\/wp\/v2\/posts"}],"about":[{"href":"https:\/\/www.europesays.com\/no\/wp-json\/wp\/v2\/types\/post"}],"author":[{"embeddable":true,"href":"https:\/\/www.europesays.com\/no\/wp-json\/wp\/v2\/users\/2"}],"replies":[{"embeddable":true,"href":"https:\/\/www.europesays.com\/no\/wp-json\/wp\/v2\/comments?post=330632"}],"version-history":[{"count":0,"href":"https:\/\/www.europesays.com\/no\/wp-json\/wp\/v2\/posts\/330632\/revisions"}],"wp:featuredmedia":[{"embeddable":true,"href":"https:\/\/www.europesays.com\/no\/wp-json\/wp\/v2\/media\/330633"}],"wp:attachment":[{"href":"https:\/\/www.europesays.com\/no\/wp-json\/wp\/v2\/media?parent=330632"}],"wp:term":[{"taxonomy":"category","embeddable":true,"href":"https:\/\/www.europesays.com\/no\/wp-json\/wp\/v2\/categories?post=330632"},{"taxonomy":"post_tag","embeddable":true,"href":"https:\/\/www.europesays.com\/no\/wp-json\/wp\/v2\/tags?post=330632"}],"curies":[{"name":"wp","href":"https:\/\/api.w.org\/{rel}","templated":true}]}}