{"id":330678,"date":"2026-08-22T12:07:11","date_gmt":"2026-08-22T12:07:11","guid":{"rendered":"https:\/\/www.europesays.com\/no\/330678\/"},"modified":"2026-08-22T12:07:11","modified_gmt":"2026-08-22T12:07:11","slug":"nyheter-bergen-brudehuset-legger-ned-etter-46-ar","status":"publish","type":"post","link":"https:\/\/www.europesays.com\/no\/330678\/","title":{"rendered":"Nyheter, Bergen | Brudehuset legger ned etter 46 \u00e5r"},"content":{"rendered":"\n<p>Brudekjolebutikken \u00abBrudehuset\u00bb i Jonsvollsgaten stenger d\u00f8rene etter 46 \u00e5r i byen.\u00a0<\/p>\n<p>Det skriver driverne Anne-Mari Eidsnes og Hilde Bruvik p\u00e5 Instagram.<\/p>\n<p>\u2013 Eventyret som startet i 1980 har n\u00e5 kommet til veis ende. Det er med blandede f\u00f8lelser vi lukker d\u00f8rene for siste gang, men mest av alt kjenner vi p\u00e5 en enorm takknemlighet, skriver de.\u00a0<\/p>\n<p>Driverne retter en s\u00e6rlig takk til alle brudene som har v\u00e6rt innom butikken i \u00e5renes l\u00f8p.\u00a0<\/p>\n<p><b>\u2013 Takk for utallige minner, samtaler og tilliten dere har vist oss gjennom nesten et halvt \u00e5rhundre, skriver de. <\/b><\/p>\n<p>   <img decoding=\"async\" width=\"6048\" height=\"4024\" fetchpriority=\"low\"  loading=\"lazy\"  src=\"https:\/\/www.europesays.com\/no\/wp-content\/uploads\/2026\/08\/BA85430.jpg\" alt=\"\" class=\"brick-c-cFOWSL\" style=\"--brick-image-ratio: 6048 \/ 4024;\"\/><\/p>\n<p>      Daglig leder av Brudehuset Hilde Bruvik. (Arkivfoto).<br \/>\n      Foto: EMIL WEATHERHEAD BREISTEIN\n    <\/p>\n<p>I februar ble Brudehuset rammet av en vannlekkasje, som f\u00f8rte til at <a rel=\"Follow nofollow noopener\" href=\"https:\/\/www.ba.no\/i-butikken-til-anne-mari-ble-over-170-brudekjoler-til-en-innkjopspris-pa-over-3-millioner-kroner-skadet-i-lekkasje\/s\/5-8-3302387\" target=\"_blank\">brudekjoler til over tre millioner kroner ble \u00f8delagt.<\/a>\u00a0<\/p>\n<p>BA har ikke lyktes \u00e5 komme i kontakt med Eidsnes eller Bruvik.\u00a0<\/p>\n","protected":false},"excerpt":{"rendered":"Brudekjolebutikken \u00abBrudehuset\u00bb i Jonsvollsgaten stenger d\u00f8rene etter 46 \u00e5r i byen.\u00a0 Det skriver driverne Anne-Mari Eidsnes og Hilde&hellip;\n","protected":false},"author":2,"featured_media":330679,"comment_status":"","ping_status":"","sticky":false,"template":"","format":"standard","meta":{"footnotes":"","_share_on_mastodon":"0"},"categories":[59],"tags":[36,444,62,30,28,29,14,83,82,1510],"class_list":["post-330678","post","type-post","status-publish","format-standard","has-post-thumbnail","category-sport","tag-art","tag-bergen","tag-naeringsliv","tag-no","tag-norge","tag-norway","tag-nyheter","tag-sport","tag-sports","tag-story"],"share_on_mastodon":{"url":"https:\/\/pubeurope.com\/@no\/117139082879138237","error":""},"_links":{"self":[{"href":"https:\/\/www.europesays.com\/no\/wp-json\/wp\/v2\/posts\/330678","targetHints":{"allow":["GET"]}}],"collection":[{"href":"https:\/\/www.europesays.com\/no\/wp-json\/wp\/v2\/posts"}],"about":[{"href":"https:\/\/www.europesays.com\/no\/wp-json\/wp\/v2\/types\/post"}],"author":[{"embeddable":true,"href":"https:\/\/www.europesays.com\/no\/wp-json\/wp\/v2\/users\/2"}],"replies":[{"embeddable":true,"href":"https:\/\/www.europesays.com\/no\/wp-json\/wp\/v2\/comments?post=330678"}],"version-history":[{"count":0,"href":"https:\/\/www.europesays.com\/no\/wp-json\/wp\/v2\/posts\/330678\/revisions"}],"wp:featuredmedia":[{"embeddable":true,"href":"https:\/\/www.europesays.com\/no\/wp-json\/wp\/v2\/media\/330679"}],"wp:attachment":[{"href":"https:\/\/www.europesays.com\/no\/wp-json\/wp\/v2\/media?parent=330678"}],"wp:term":[{"taxonomy":"category","embeddable":true,"href":"https:\/\/www.europesays.com\/no\/wp-json\/wp\/v2\/categories?post=330678"},{"taxonomy":"post_tag","embeddable":true,"href":"https:\/\/www.europesays.com\/no\/wp-json\/wp\/v2\/tags?post=330678"}],"curies":[{"name":"wp","href":"https:\/\/api.w.org\/{rel}","templated":true}]}}