{"id":330690,"date":"2026-08-22T12:22:13","date_gmt":"2026-08-22T12:22:13","guid":{"rendered":"https:\/\/www.europesays.com\/no\/330690\/"},"modified":"2026-08-22T12:22:13","modified_gmt":"2026-08-22T12:22:13","slug":"siim-kallas-77-er-dod","status":"publish","type":"post","link":"https:\/\/www.europesays.com\/no\/330690\/","title":{"rendered":"Siim Kallas (77) er d\u00f8d"},"content":{"rendered":"<p class=\"subtitle \" style=\"\">Estlands tidligere statsminister, far til EUs utenrikssjef Kaja Kallas &#8211; Siim Kallas &#8211; er d\u00f8d.<\/p>\n<p>\n    LANG KARRIERE: Siim Kallas hadde en rekke sentrale verv b\u00e5de hjemme i Estland og i EU. Foto: Ints Kalnins \/ Reuters \/ NTB\n  <\/p>\n<p> Siim Kallas d\u00f8de natt til l\u00f8rdag, 77 \u00e5r gammel. Det melder den estiske kringkasteren <a href=\"https:\/\/www.err.ee\/1610116660\/suri-siim-kallas\" rel=\"nofollow noopener\" target=\"_blank\">ERR<\/a>. <\/p>\n<p> Dattera bekrefter d\u00f8dsfallet. <\/p>\n<p> \u00abDet er med sorg jeg m\u00e5 meddele at min kj\u00e6re far, Siim Kallas, d\u00f8de i natt\u00bb, skriver Kaja Kallas p\u00e5 <a href=\"https:\/\/www.instagram.com\/p\/DcVJuAUM1f9\/?hl=nb\" rel=\"nofollow noopener\" target=\"_blank\">Instagram<\/a>, til et bilde av de to. <\/p>\n<p>En rekke fremtredende politikere har uttrykt kondolanse i kommentarfeltet, blant dem Danmarks statsminister Mette Frederiksen.<\/p>\n<p>Fra Tallinn til Brussel\t<\/p>\n<p> Siim Kallas var Estlands utenriksminister fra 1995 til 1996 og finansminister fra 1999 til 2002, f\u00f8r han ble statsminister fra 2002 til 2003. <\/p>\n<p> Da Estland ble medlem av b\u00e5de EU og Nato i 2004, tok Kallas steget fra nasjonal til europeisk politikk. <\/p>\n<p> Han ble landets f\u00f8rste EU-kommiss\u00e6r 1. mai 2004. <\/p>\n<p>I \u00e5ra som fulgte i EU-kommisjonen fikk han blant annet ansvar for \u00f8konomiske og monet\u00e6re sp\u00f8rsm\u00e5l, samt administrative sp\u00f8rsm\u00e5l, revisjon og bedrageribekjempelse.<\/p>\n<p>Han ble ogs\u00e5 en av visepresidentene i EU-kommisjonen under Jos\u00e9 Manuel Barroso, som ledet kommisjonen fra 2004 til 2014.<\/p>\n<p>Kallas vendte tilbake til Estland samme \u00e5r som dattera ble valgt inn i Europaparlamentet.<\/p>\n<p>        <img loading=\"lazy\" decoding=\"async\" src=\"https:\/\/www.europesays.com\/no\/wp-content\/uploads\/2026\/08\/85047920.webp\" width=\"688\" height=\"393\" alt=\"\" class=\"\" style=\"--aspect-ratio-image: 1.75; \"\/><\/p>\n<p>\n        FAR OG DATTER: Siim Kallas, ved siden av dattera Kaja, i 2016. Foto: Raigo Pajula \/ AFP \/ NTB\n    <\/p>\n<p>Fulgte i farens fotspor\t<\/p>\n<p>Siden har dattera selv tatt steget helt opp i europeisk toppolitikk. Etter \u00e5 ha v\u00e6rt Estlands statsminister fra 2021 til 2024, ble Kaja Kallas EUs utenrikssjef og visepresident i EU-kommisjonen.<\/p>\n<p>I den rollen har hun v\u00e6rt en av EUs tydeligste p\u00e5drivere for \u00e5 \u00f8ke presset mot Russland og skjerpe sanksjonene mot landet etter fullskalainvasjonen av Ukraina.<\/p>\n<p>Under Kallas har EU vedtatt flere nye sanksjonspakker rettet blant annet mot russisk energi, banker, milit\u00e6rindustrien og den s\u00e5kalte skyggefl\u00e5ten.<\/p>\n<p>    <a itemprop=\"url\" href=\"https:\/\/www.dagbladet.no\/nyheter\/planlegger-omfattende-sanksjoner\/85022310\" rel=\"nofollow noopener\" target=\"_blank\"><\/p>\n<p>        <img loading=\"lazy\" decoding=\"async\" src=\"https:\/\/www.europesays.com\/no\/wp-content\/uploads\/2026\/08\/85022316.webp\" width=\"147\" height=\"98\" alt=\"\" class=\"lazyload\" style=\"--aspect-ratio-image: 1.50; \"\/><\/p>\n<p>        Planlegger omfattende sanksjoner<\/p>\n<p>    <\/a><\/p>\n<p>Fortsatte i politikken\t<\/p>\n<p>Siim Kallas var en av grunnleggerne av Reformpartiet i 1994 og partiets mange\u00e5rige leder.<\/p>\n<p>Han stilte som kandidat, men lyktes ikke med \u00e5 bli valgt til Estlands president i 2016.<\/p>\n<p>I 2018 tok dattera over ledelsen av Reformpartiet.<\/p>\n<p>I mars 2019 vendte veteranen tilbake til rikspolitikken og ble valgt inn i den estiske nasjonalforsamlingen.<\/p>\n<p>To dager etter at dattera 26. januar 2021 ble Estlands f\u00f8rste kvinnelige statsminister, valgte den dav\u00e6rende 72-\u00e5ringen \u00e5 g\u00e5 av som visepresident i det estiske parlamentet, men fortsatte som medlem av nasjonalforsamlingen.<\/p>\n<p>I 2024 trakk han seg fra dette vervet av helsegrunner.<\/p>\n<p><script async src=\"\/\/www.instagram.com\/embed.js\"><\/script><\/p>\n","protected":false},"excerpt":{"rendered":"Estlands tidligere statsminister, far til EUs utenrikssjef Kaja Kallas &#8211; Siim Kallas &#8211; er d\u00f8d. LANG KARRIERE: Siim&hellip;\n","protected":false},"author":2,"featured_media":330691,"comment_status":"","ping_status":"","sticky":false,"template":"","format":"standard","meta":{"footnotes":"","_share_on_mastodon":"0"},"categories":[12],"tags":[20,21,3139,279,24,25,15,9077,22,23,13,30,28,29,14,16,25900,26,27,412,42,43,44,45],"class_list":["post-330690","post","type-post","status-publish","format-standard","has-post-thumbnail","category-verden","tag-breaking-news","tag-breakingnews","tag-estland","tag-eu","tag-featured-news","tag-featurednews","tag-headlines","tag-kaja-kallas","tag-latest-news","tag-latestnews","tag-news","tag-no","tag-norge","tag-norway","tag-nyheter","tag-overskrifter","tag-siim-kallas","tag-top-stories","tag-topstories","tag-utenriks","tag-verden","tag-world","tag-world-news","tag-worldnews"],"share_on_mastodon":{"url":"https:\/\/pubeurope.com\/@no\/117139141946749416","error":""},"_links":{"self":[{"href":"https:\/\/www.europesays.com\/no\/wp-json\/wp\/v2\/posts\/330690","targetHints":{"allow":["GET"]}}],"collection":[{"href":"https:\/\/www.europesays.com\/no\/wp-json\/wp\/v2\/posts"}],"about":[{"href":"https:\/\/www.europesays.com\/no\/wp-json\/wp\/v2\/types\/post"}],"author":[{"embeddable":true,"href":"https:\/\/www.europesays.com\/no\/wp-json\/wp\/v2\/users\/2"}],"replies":[{"embeddable":true,"href":"https:\/\/www.europesays.com\/no\/wp-json\/wp\/v2\/comments?post=330690"}],"version-history":[{"count":0,"href":"https:\/\/www.europesays.com\/no\/wp-json\/wp\/v2\/posts\/330690\/revisions"}],"wp:featuredmedia":[{"embeddable":true,"href":"https:\/\/www.europesays.com\/no\/wp-json\/wp\/v2\/media\/330691"}],"wp:attachment":[{"href":"https:\/\/www.europesays.com\/no\/wp-json\/wp\/v2\/media?parent=330690"}],"wp:term":[{"taxonomy":"category","embeddable":true,"href":"https:\/\/www.europesays.com\/no\/wp-json\/wp\/v2\/categories?post=330690"},{"taxonomy":"post_tag","embeddable":true,"href":"https:\/\/www.europesays.com\/no\/wp-json\/wp\/v2\/tags?post=330690"}],"curies":[{"name":"wp","href":"https:\/\/api.w.org\/{rel}","templated":true}]}}