{"id":330762,"date":"2026-08-22T14:06:20","date_gmt":"2026-08-22T14:06:20","guid":{"rendered":"https:\/\/www.europesays.com\/no\/330762\/"},"modified":"2026-08-22T14:06:20","modified_gmt":"2026-08-22T14:06:20","slug":"nyheter-trafikk-tok-denne-ruten-vi-anbefaler-ikke-noe-sant","status":"publish","type":"post","link":"https:\/\/www.europesays.com\/no\/330762\/","title":{"rendered":"Nyheter, Trafikk | Tok denne ruten: \u2013 Vi anbefaler ikke noe s\u00e5nt"},"content":{"rendered":"\n<p>\u2013 Vi anbefaler ikke noe s\u00e5nt, det er en smal, d\u00e5rlig vei, sier Ronny Sleire, trafikkoperat\u00f8r ved Vegtrafikksentralen vest.<\/p>\n<p>Det er Blindheimsvegen, som ligger like ved Arnavegen, de fleste bilistene valgte \u00e5 ta til da europaveien ble stengt like ved.\u00a0<\/p>\n<p>Klokken 1113 meldte BAs reportere p\u00e5 stedet at E16 Arnavegen var blitt \u00e5pnet igjen. Den hadde holdt stengt siden ulykken ble meldt ut fra politiet klokken 1022.<\/p>\n<p>Totalt ni personer var involvert i ulykken, og \u00e5tte personer ble sendt til Haukeland sykehus.\u00a0<\/p>\n<p>  <a href=\"https:\/\/www.ba.no\/80-8-4938\" class=\"related-teaser has-image article--c-MkAkR\" rel=\"nofollow noopener\" target=\"_blank\"><\/p>\n<p>    <img decoding=\"async\" width=\"155\"  loading=\"lazy\"  src=\"https:\/\/www.europesays.com\/no\/wp-content\/uploads\/2026\/08\/AK8_3178_sladdet (1).jpg\" alt=\"\" class=\"brick-c-cFOWSL\" style=\"\"\/><\/p>\n<p>\n            Les ogs\u00e5<\/p>\n<p>            Trafikkulykke p\u00e5 E16 i \u00c5sane: \u00c5tte personer fraktet til Haukeland\n        <\/p>\n<p>  <\/a><\/p>\n<p>Saken oppdateres. <\/p>\n","protected":false},"excerpt":{"rendered":"\u2013 Vi anbefaler ikke noe s\u00e5nt, det er en smal, d\u00e5rlig vei, sier Ronny Sleire, trafikkoperat\u00f8r ved Vegtrafikksentralen&hellip;\n","protected":false},"author":2,"featured_media":330763,"comment_status":"","ping_status":"","sticky":false,"template":"","format":"standard","meta":{"footnotes":"","_share_on_mastodon":"0"},"categories":[5],"tags":[36,444,20,21,24,25,15,19,22,23,17,18,13,30,28,29,14,16,1510,26,27,224],"class_list":["post-330762","post","type-post","status-publish","format-standard","has-post-thumbnail","category-overskrifter","tag-art","tag-bergen","tag-breaking-news","tag-breakingnews","tag-featured-news","tag-featurednews","tag-headlines","tag-hovedoppslag","tag-latest-news","tag-latestnews","tag-main-news","tag-mainnews","tag-news","tag-no","tag-norge","tag-norway","tag-nyheter","tag-overskrifter","tag-story","tag-top-stories","tag-topstories","tag-trafikk"],"share_on_mastodon":{"url":"https:\/\/pubeurope.com\/@no\/117139550607903580","error":""},"_links":{"self":[{"href":"https:\/\/www.europesays.com\/no\/wp-json\/wp\/v2\/posts\/330762","targetHints":{"allow":["GET"]}}],"collection":[{"href":"https:\/\/www.europesays.com\/no\/wp-json\/wp\/v2\/posts"}],"about":[{"href":"https:\/\/www.europesays.com\/no\/wp-json\/wp\/v2\/types\/post"}],"author":[{"embeddable":true,"href":"https:\/\/www.europesays.com\/no\/wp-json\/wp\/v2\/users\/2"}],"replies":[{"embeddable":true,"href":"https:\/\/www.europesays.com\/no\/wp-json\/wp\/v2\/comments?post=330762"}],"version-history":[{"count":0,"href":"https:\/\/www.europesays.com\/no\/wp-json\/wp\/v2\/posts\/330762\/revisions"}],"wp:featuredmedia":[{"embeddable":true,"href":"https:\/\/www.europesays.com\/no\/wp-json\/wp\/v2\/media\/330763"}],"wp:attachment":[{"href":"https:\/\/www.europesays.com\/no\/wp-json\/wp\/v2\/media?parent=330762"}],"wp:term":[{"taxonomy":"category","embeddable":true,"href":"https:\/\/www.europesays.com\/no\/wp-json\/wp\/v2\/categories?post=330762"},{"taxonomy":"post_tag","embeddable":true,"href":"https:\/\/www.europesays.com\/no\/wp-json\/wp\/v2\/tags?post=330762"}],"curies":[{"name":"wp","href":"https:\/\/api.w.org\/{rel}","templated":true}]}}