{"id":330962,"date":"2026-08-22T18:42:12","date_gmt":"2026-08-22T18:42:12","guid":{"rendered":"https:\/\/www.europesays.com\/no\/330962\/"},"modified":"2026-08-22T18:42:12","modified_gmt":"2026-08-22T18:42:12","slug":"hund-politi-chihuahua-dode-etter-a-ha-blitt-angrepet-av-husky","status":"publish","type":"post","link":"https:\/\/www.europesays.com\/no\/330962\/","title":{"rendered":"Hund, Politi | Chihuahua d\u00f8de etter \u00e5 ha blitt angrepet av husky"},"content":{"rendered":"\n<p>En chihuahua d\u00f8de etter \u00e5 ha blitt angrepet av en husky i Moss sent l\u00f8rdag ettermiddag, melder politiet.<\/p>\n<p>D\u00f8de av skadene<\/p>\n<p>Operasjonsleder Gisle Sveen i \u00d8st politidistrikt opplyser at politiet fikk melding om hendelsen ved 17.40-tiden l\u00f8rdag ettermiddag.<\/p>\n<p>\u2013 Vi fikk melding om en hendelse der en hund hadde g\u00e5tt til angrep p\u00e5 en mindre hund. Utfallet ble at den minste hunden d\u00f8de som f\u00f8lge av skader, melder operasjonslederen l\u00f8rdag kveld.<\/p>\n<p>Det var alts\u00e5 en husky som angrep en chihuahua.<\/p>\n<p>\u2013 Eierne preget av hendelsen<\/p>\n<p>\u2013 Eiere av begge hunder er preget av hendelsen. Hund er tatt i forvaring inntil det blir avklart videre tiltak, melder operasjonslederen.<\/p>\n<p>Han opplyser videre at politiet har opprettet sak etter hendelsen.<\/p>\n<p>\u2013 Opplysninger innhentet av patrulje tilsier at den st\u00f8rste hunden har klart \u00e5 slite b\u00e5ndet den var i, melder operasjonsleder Gisle Sveen klokka 19.15 l\u00f8rdag kveld.<\/p>\n<p><a class=\"brick-c-hOTghF\" href=\"#skip-\">Hopp over karusellen.<\/a><\/p>\n<p data-static=\"\" class=\"brick-c-fgNmNC\" id=\"carousel-title-\">Innholdskarusell med 20 artikler.<\/p>\n<ul data-static=\"\" aria-label=\"Navigasjon for innholdskarusell\" class=\"carousel-nav\">\n<li>\n<\/li>\n<li>\n<\/li>\n<\/ul>\n","protected":false},"excerpt":{"rendered":"En chihuahua d\u00f8de etter \u00e5 ha blitt angrepet av en husky i Moss sent l\u00f8rdag ettermiddag, melder politiet.&hellip;\n","protected":false},"author":2,"featured_media":330963,"comment_status":"","ping_status":"","sticky":false,"template":"","format":"standard","meta":{"footnotes":"","_share_on_mastodon":"0"},"categories":[12],"tags":[36,20,21,24,25,15,2078,22,23,116,13,30,28,29,14,16,254,1510,26,27,42,43,44,45],"class_list":["post-330962","post","type-post","status-publish","format-standard","has-post-thumbnail","category-verden","tag-art","tag-breaking-news","tag-breakingnews","tag-featured-news","tag-featurednews","tag-headlines","tag-hund","tag-latest-news","tag-latestnews","tag-moss","tag-news","tag-no","tag-norge","tag-norway","tag-nyheter","tag-overskrifter","tag-politi","tag-story","tag-top-stories","tag-topstories","tag-verden","tag-world","tag-world-news","tag-worldnews"],"share_on_mastodon":{"url":"https:\/\/pubeurope.com\/@no\/117140635470867116","error":""},"_links":{"self":[{"href":"https:\/\/www.europesays.com\/no\/wp-json\/wp\/v2\/posts\/330962","targetHints":{"allow":["GET"]}}],"collection":[{"href":"https:\/\/www.europesays.com\/no\/wp-json\/wp\/v2\/posts"}],"about":[{"href":"https:\/\/www.europesays.com\/no\/wp-json\/wp\/v2\/types\/post"}],"author":[{"embeddable":true,"href":"https:\/\/www.europesays.com\/no\/wp-json\/wp\/v2\/users\/2"}],"replies":[{"embeddable":true,"href":"https:\/\/www.europesays.com\/no\/wp-json\/wp\/v2\/comments?post=330962"}],"version-history":[{"count":0,"href":"https:\/\/www.europesays.com\/no\/wp-json\/wp\/v2\/posts\/330962\/revisions"}],"wp:featuredmedia":[{"embeddable":true,"href":"https:\/\/www.europesays.com\/no\/wp-json\/wp\/v2\/media\/330963"}],"wp:attachment":[{"href":"https:\/\/www.europesays.com\/no\/wp-json\/wp\/v2\/media?parent=330962"}],"wp:term":[{"taxonomy":"category","embeddable":true,"href":"https:\/\/www.europesays.com\/no\/wp-json\/wp\/v2\/categories?post=330962"},{"taxonomy":"post_tag","embeddable":true,"href":"https:\/\/www.europesays.com\/no\/wp-json\/wp\/v2\/tags?post=330962"}],"curies":[{"name":"wp","href":"https:\/\/api.w.org\/{rel}","templated":true}]}}