{"id":331006,"date":"2026-08-22T19:36:16","date_gmt":"2026-08-22T19:36:16","guid":{"rendered":"https:\/\/www.europesays.com\/no\/331006\/"},"modified":"2026-08-22T19:36:16","modified_gmt":"2026-08-22T19:36:16","slug":"hund-dode-etter-hastekeisersnitt-eier-kjemper-for-a-redde-valpene","status":"publish","type":"post","link":"https:\/\/www.europesays.com\/no\/331006\/","title":{"rendered":"Hund d\u00f8de etter hastekeisersnitt. Eier kjemper for \u00e5 redde valpene"},"content":{"rendered":"\n<p class=\"_lead_145nj_2 _lead_6fko5_53 layout-component text-serif-m layout-normal text-serif-l layout-component layout-wide layout-padded _wide_17hqh_1 layout-padded\">N\u00e5 kjemper eierne for \u00e5 redde de \u00e5tte valpene.<\/p>\n<p><img alt=\"Mummi startet amming like etter f\u00f8dselen Foto: Privat\" class=\"_image_jw3bv_65 layout-component layout-wide\" data-fullscreen- data-track-element-type=\"Article image fullscreen\" data-track-name=\"ImageFullscreen\" fetchpriority=\"high\" decoding=\"sync\" loading=\"eager\" height=\"3024\" itemprop=\"image\"  src=\"https:\/\/www.europesays.com\/no\/wp-content\/uploads\/2026\/08\/534fc5fa-93c2-3610-a9f8-82f0d2937dda.jpeg\"  style=\"object-position:0% 0%\" width=\"4032\"\/>Mummi startet amming like etter f\u00f8dselen Foto: Privat<\/p>\n<ul aria-hidden=\"true\" class=\"_images_ntbth_112\">\n<li><a class=\"_link_ntbth_117\" href=\"https:\/\/www.vg.no\/forfatter\/mona-langset\" style=\"z-index:1\" title=\"Mona Langset\" rel=\"nofollow noopener\" target=\"_blank\"><img alt=\"Bilde av Mona Langset\" class=\"_image_ntbth_93\" fetchpriority=\"low\" loading=\"lazy\" decoding=\"async\" itemprop=\"image\"  src=\"https:\/\/www.europesays.com\/no\/wp-content\/uploads\/2026\/08\/1787427375_939_a592f7b8-d654-4432-9d92-e2e2e0017167.jpeg\"  width=\"480\"\/><\/a><\/li>\n<\/ul>\n<p> Oppdatert l\u00f8rdag 22. august kl. 21:30    <\/p>\n<ul class=\"_list_145nj_3 _list_64s2r_85 _unordered_145nj_106 text-sans-m\">\n<li class=\"_item_145nj_30\">Ekteparet Hans St\u00f8vern og Lars Asker\u00f8d fra Fragletunet kennel i Hokksund mistet tispemoren Mummi rett etter f\u00f8dselen.<\/li>\n<li class=\"_item_145nj_30\">De kjemper n\u00e5 for \u00e5 redde de \u00e5tte nyf\u00f8dte valpene ved \u00e5 mate og stelle dem.<\/li>\n<li class=\"_item_145nj_30\">Hjelp har str\u00f8mmet inn fra hundevenner over hele Norge og Sverige.<\/li>\n<li class=\"_item_145nj_30\">Eiere har tilbudt amme til valpene, og det ser ut til at det skal g\u00e5 bra med dem.<\/li>\n<\/ul>\n<p>Vis mer <\/p>\n<p class=\"_paragraph_145nj_4 _paragraph_6fko5_10 layout-component text-serif-m layout-normal text-serif-m layout-padded\">\u2013 Vi har mistet det kj\u00e6reste vi hadde. N\u00e5 jobber vi hardt for at valpene skal ha en sjanse i livet, sier Hans St\u00f8vern fra Fragletunet kennel i Hokksund.<\/p>\n<p class=\"_paragraph_145nj_4 _paragraph_6fko5_10 layout-component text-serif-m layout-normal text-serif-m layout-padded\">Sammen med ektemann Lars Asker\u00f8d st\u00e5r han midt oppi alle oppdretteres verste mareritt.<\/p>\n<p class=\"_paragraph_145nj_4 _paragraph_6fko5_10 layout-component text-serif-m layout-normal text-serif-m layout-padded\">Den snart fem \u00e5r gamle Clumber spanieltispen Mummi d\u00f8de mens hun ammet de \u00e5tte valpene sine et halvt d\u00f8gn etter at de kom til verden.<\/p>\n<p><img alt=\"Hans St\u00f8vern med tre valper fra Mummis f\u00f8rste kull. Kullet hun fikk natt til l\u00f8rdag var hennes tredje, og det var planlagt \u00e5 v\u00e6re hennes siste kull.\" class=\"_image_jw3bv_65 layout-component layout-normal\" data-fullscreen- data-track-element-type=\"Article image fullscreen\" data-track-name=\"ImageFullscreen\" decoding=\"async\" loading=\"lazy\" height=\"960\" itemprop=\"image\"  src=\"https:\/\/www.europesays.com\/no\/wp-content\/uploads\/2026\/08\/8a936b42-68f5-37de-918d-bdb428016a5e.jpeg\"  style=\"object-position:0% 0%\" width=\"960\"\/>Hans St\u00f8vern med tre valper fra Mummis f\u00f8rste kull. Kullet hun fikk natt til l\u00f8rdag var hennes tredje, og det var planlagt \u00e5 v\u00e6re hennes siste kull.<\/p>\n<p class=\"_paragraph_145nj_4 _paragraph_6fko5_10 layout-component text-serif-m layout-normal text-serif-m layout-padded\">Det siste d\u00f8gnet har Hans og Lars gjort alt hundemammaen skulle ha gjort for de \u00e5tte valpene: Gitt dem mat annenhver time og vasket dem slik at maten ford\u00f8yes og kommer ut igjen p\u00e5 naturlig vis.  <\/p>\n<p class=\"_paragraph_145nj_4 _paragraph_6fko5_10 layout-component text-serif-m layout-normal text-serif-m layout-padded\">Alt mens de gr\u00e5ter over sin kj\u00e6re Mummi. <\/p>\n<p class=\"_paragraph_145nj_4 _paragraph_6fko5_10 layout-component text-serif-m layout-normal text-serif-m layout-padded\">Gleden over \u00e5tte friske valper ble snudd til sorg i l\u00f8pet av ti minutter natt til l\u00f8rdag.<\/p>\n<p><img alt=\"Mummi er dypt savnet.\" class=\"_image_jw3bv_65 layout-component layout-normal\" data-fullscreen- data-track-element-type=\"Article image fullscreen\" data-track-name=\"ImageFullscreen\" decoding=\"async\" loading=\"lazy\" height=\"1560\" itemprop=\"image\"  src=\"https:\/\/www.europesays.com\/no\/wp-content\/uploads\/2026\/08\/2e29a714-4ef1-33d1-803d-d21eb2a9aec1.jpeg\"  style=\"object-position:0% 0%\" width=\"1170\"\/>Mummi er dypt savnet.Hastekeisersnitt<\/p>\n<p class=\"_paragraph_145nj_4 _paragraph_6fko5_10 layout-component text-serif-m layout-normal text-serif-m layout-padded\">F\u00f8dselsprosessen startet torsdag ettermiddag. Hans forklarer hva som skjedde:<\/p>\n<p class=\"_paragraph_145nj_4 _paragraph_6fko5_10 layout-component text-serif-m layout-normal text-serif-m layout-padded\">\u2013 Utblokkingsfasen f\u00f8r hun var i aktiv f\u00f8dsel, tok 24 timer. Da f\u00f8dselskanalen \u00e5pnet seg, satte den ene valpen seg fast. Dermed m\u00e5tte vi til veterin\u00e6ren for hastekeisersnitt.<\/p>\n<p class=\"_paragraph_145nj_4 _paragraph_6fko5_10 layout-component text-serif-m layout-normal text-serif-m layout-padded\">\u2013 Veterin\u00e6r og dyrepleier gjorde en fantastisk innsats og reddet livet til b\u00e5de mor og valper, noe vi er s\u00e5 takknemlige for.<\/p>\n<p class=\"_paragraph_145nj_4 _paragraph_6fko5_10 layout-component text-serif-m layout-normal text-serif-m layout-padded\">De to eierne kunne reise hjem med \u00e5tte friske valper og en tispe som hadde overlevd operasjonen fint.<\/p>\n<p class=\"_paragraph_145nj_4 _paragraph_6fko5_10 layout-component text-serif-m layout-normal text-serif-m layout-padded\">Videoen er filmet like etter hjemkomst:<\/p>\n<p class=\"_paragraph_145nj_4 _paragraph_6fko5_10 layout-component text-serif-m layout-normal text-serif-m layout-padded\">Hjemme la hundemammaen seg til for \u00e5 amme mens eierne st\u00f8ttet med n\u00e6ring og smertestillende. De s\u00e5 ingenting som gjorde dem bekymret.<\/p>\n<p class=\"_paragraph_145nj_4 _paragraph_6fko5_10 layout-component text-serif-m layout-normal text-serif-m layout-padded\">Ikke f\u00f8r grytidlig l\u00f8rdag morgen da hun plutselig fikk kramper og mistet bevisstheten.<\/p>\n<p class=\"_paragraph_145nj_4 _paragraph_6fko5_10 layout-component text-serif-m layout-normal text-serif-m layout-padded\">De ringte veterin\u00e6ren, og fikk raskt svar selv om klokken var 05:15.<\/p>\n<p class=\"_paragraph_145nj_4 _paragraph_6fko5_10 layout-component text-serif-m layout-normal text-serif-m layout-padded\">\u2013 Men veterin\u00e6ren rakk ikke engang \u00e5 ta p\u00e5 seg sokkene f\u00f8r Mummi var d\u00f8d, forteller Hans.<\/p>\n<p>Mulig blodpropp<\/p>\n<p class=\"_paragraph_145nj_4 _paragraph_6fko5_10 layout-component text-serif-m layout-normal text-serif-m layout-padded\">N\u00e5 \u2013 et d\u00f8gn etter at valpene ble f\u00f8dt \u2013 har ekteparet enn\u00e5 problemer med \u00e5 ta innover seg det som skjedde.<\/p>\n<p class=\"_paragraph_145nj_4 _paragraph_6fko5_10 layout-component text-serif-m layout-normal text-serif-m layout-padded\">Til sammen har de 40\u201350 \u00e5r som hundeeiere. Begge har hatt hunder hele sitt voksne liv. <\/p>\n<p class=\"_paragraph_145nj_4 _paragraph_6fko5_10 layout-component text-serif-m layout-normal text-serif-m layout-padded\">\u2013 Dette er det verste vi noen gang har opplevd med hunder, sier Lars.<\/p>\n<p class=\"_paragraph_145nj_4 _paragraph_6fko5_10 layout-component text-serif-m layout-normal text-serif-m layout-padded\">Selv med deres lange hundeerfaring s\u00e5 de ikke at dette kunne skje.<\/p>\n<p class=\"_paragraph_145nj_4 _paragraph_6fko5_10 layout-component text-serif-m layout-normal text-serif-m layout-padded\">\u2013 Hun var s\u00e5 frisk. Mest sannsynlig var det blodpropp, sier Hans.<\/p>\n<p>Les veterin\u00e6rens vurdering her<\/p>\n<p class=\"_paragraph_145nj_4 _paragraph_6fko5_10 _paragraph_1kitn_11 layout-component text-serif-m layout-normal text-sans-m layout-padded\">Veterin\u00e6ren som utf\u00f8rte keisersnittet p\u00e5 Mummi skriver til VG:<\/p>\n<p class=\"_paragraph_145nj_4 _paragraph_6fko5_10 _paragraph_1kitn_11 layout-component text-serif-m layout-normal text-sans-m layout-padded\">Da Mummi kom inn p\u00e5 vakten i g\u00e5r hadde f\u00f8dselen hennes stoppet opp. Hun var en frisk og fin tispe i superform, men ultralydunders\u00f8kelse voste at valpene begynte \u00e5 bli stresset. Vi besluttet derfor \u00e5 ta keisersnitt p\u00e5 henne for \u00e5 redde b\u00e5de mor og valper.<\/p>\n<p class=\"_paragraph_145nj_4 _paragraph_6fko5_10 _paragraph_1kitn_11 layout-component text-serif-m layout-normal text-sans-m layout-padded\">Alt gikk veldig bra, og Mummi v\u00e5knet fint fra narkosen. F\u00f8r jeg la meg i g\u00e5r kveld fikk jeg oppdatering fra eiere om at hun hadde spist og drukket og tok seg av valpene som en god hundemor skal gj\u00f8re.<\/p>\n<p class=\"_paragraph_145nj_4 _paragraph_6fko5_10 _paragraph_1kitn_11 layout-component text-serif-m layout-normal text-sans-m layout-padded\">Det var derfor veldig sjokkerende da eier ringte og fortalte at Mummi kollapset og d\u00f8de br\u00e5tt l\u00f8rdag morgen.<\/p>\n<p class=\"_paragraph_145nj_4 _paragraph_6fko5_10 _paragraph_1kitn_11 layout-component text-serif-m layout-normal text-sans-m layout-padded\">Hun kan ha hatt en uventet reaksjon p\u00e5 narkosen, og\/eller f\u00e5tt en blodpropp med akutt sirkulasjonssvikt. Det var ikke tegn til indre bl\u00f8dninger ved unders\u00f8kelse av henne post mortem.<\/p>\n<p class=\"_paragraph_145nj_4 _paragraph_6fko5_10 _paragraph_1kitn_11 layout-component text-serif-m layout-normal text-sans-m layout-padded\">Dessverre er det en risiko for at slike forferdelige uforutsette komplikasjoner kan skje ved operasjoner, selv p\u00e5 hunder som i utgangspunktet er friske.<\/p>\n<p class=\"_paragraph_145nj_4 _paragraph_6fko5_10 _paragraph_1kitn_11 layout-component text-serif-m layout-normal text-sans-m layout-padded\">Som behandlende veterin\u00e6r er dette det aller verste som kan skje og jeg har gr\u00e5tt mine t\u00e5rer i dag.<\/p>\n<p class=\"_paragraph_145nj_4 _paragraph_6fko5_10 _paragraph_1kitn_11 layout-component text-serif-m layout-normal text-sans-m layout-padded\">Tankene mine er hos eierne som har mistet en \u00e5penbart h\u00f8yt elsket hund!<\/p>\n<p class=\"_paragraph_145nj_4 _paragraph_6fko5_10 _paragraph_1kitn_11 layout-component text-serif-m layout-normal text-sans-m layout-padded\"><strong class=\"_strong_145nj_25\">Veterin\u00e6r Heidi Magnus ved Kongsberg Veterin\u00e6rkontor<\/strong><\/p>\n<p>Vis merHjelp fra \u00abhele hundenorge\u00bb <\/p>\n<p class=\"_paragraph_145nj_4 _paragraph_6fko5_10 layout-component text-serif-m layout-normal text-serif-m layout-padded\">Midt i sorgen varmer det med all hjelpen som har str\u00f8mmet til fra hele landet.<\/p>\n<p class=\"_paragraph_145nj_4 _paragraph_6fko5_10 layout-component text-serif-m layout-normal text-serif-m layout-padded\">Natt til l\u00f8rdag delte de en etterlysning etter amme p\u00e5 sosiale medier, og hundevenner har meldt seg fra b\u00e5de Norge og Sverige.<\/p>\n<p class=\"_paragraph_145nj_4 _paragraph_6fko5_10 layout-component text-serif-m layout-normal text-serif-m layout-padded\">\u2013 I dag har vi sikkert f\u00e5tt 70 telefoner fra Lindesnes til Finnmark med tilbud om alt fra emosjonell st\u00f8tte til amme. Noen kommer hit i natt for \u00e5 hjelpe til med flaskemating, forteller hundeeierne takknemlige.<\/p>\n<p class=\"_paragraph_145nj_4 _paragraph_6fko5_10 layout-component text-serif-m layout-normal text-serif-m layout-padded\">For n\u00e5 r\u00f8yner det p\u00e5. De to har v\u00e5ket over tispen i to d\u00f8gn, fra utblokkingsfasen startet via keisersnittet til jobben som \u00abhundemamma\u00bb.<\/p>\n<p class=\"_paragraph_145nj_4 _paragraph_6fko5_10 layout-component text-serif-m layout-normal text-serif-m layout-padded\">Det ser ogs\u00e5 ut til at det kan ordne seg med en god amme. <\/p>\n<p class=\"_paragraph_145nj_4 _paragraph_6fko5_10 layout-component text-serif-m layout-normal text-serif-m layout-padded\">Vi ble kontaktet av eierne til en hund som skal ha \u00e9n valp, og den skal f\u00f8de i natt eller i morgen. Hvis hun aksepterer v\u00e5re valper, blir de der i fire uker f\u00f8r de kommer tilbake til oss, forteller Hans.<\/p>\n<p class=\"_paragraph_145nj_4 _paragraph_6fko5_10 layout-component text-serif-m layout-normal text-serif-m layout-padded\">De to hundeeierne er r\u00f8rt og glade over st\u00f8tten de har f\u00e5tt fra hundevenner i hele landet. <\/p>\n<p class=\"_paragraph_145nj_4 _paragraph_6fko5_10 layout-component text-serif-m layout-normal text-serif-m layout-padded\">\u2013 Mummi f\u00e5r vi aldri tilbake. Men det ser ut til at det skal g\u00e5 bra med alle valpene.<\/p>\n","protected":false},"excerpt":{"rendered":"N\u00e5 kjemper eierne for \u00e5 redde de \u00e5tte valpene. Mummi startet amming like etter f\u00f8dselen Foto: Privat Oppdatert&hellip;\n","protected":false},"author":2,"featured_media":331007,"comment_status":"","ping_status":"","sticky":false,"template":"","format":"standard","meta":{"footnotes":"","_share_on_mastodon":"0"},"categories":[10],"tags":[20,21,1279,24,25,15,2078,22,23,13,30,28,29,14,16,26,27,6497],"class_list":["post-331006","post","type-post","status-publish","format-standard","has-post-thumbnail","category-norge","tag-breaking-news","tag-breakingnews","tag-dyr","tag-featured-news","tag-featurednews","tag-headlines","tag-hund","tag-latest-news","tag-latestnews","tag-news","tag-no","tag-norge","tag-norway","tag-nyheter","tag-overskrifter","tag-top-stories","tag-topstories","tag-veterinaer"],"share_on_mastodon":{"url":"https:\/\/pubeurope.com\/@no\/117140848348210892","error":""},"_links":{"self":[{"href":"https:\/\/www.europesays.com\/no\/wp-json\/wp\/v2\/posts\/331006","targetHints":{"allow":["GET"]}}],"collection":[{"href":"https:\/\/www.europesays.com\/no\/wp-json\/wp\/v2\/posts"}],"about":[{"href":"https:\/\/www.europesays.com\/no\/wp-json\/wp\/v2\/types\/post"}],"author":[{"embeddable":true,"href":"https:\/\/www.europesays.com\/no\/wp-json\/wp\/v2\/users\/2"}],"replies":[{"embeddable":true,"href":"https:\/\/www.europesays.com\/no\/wp-json\/wp\/v2\/comments?post=331006"}],"version-history":[{"count":0,"href":"https:\/\/www.europesays.com\/no\/wp-json\/wp\/v2\/posts\/331006\/revisions"}],"wp:featuredmedia":[{"embeddable":true,"href":"https:\/\/www.europesays.com\/no\/wp-json\/wp\/v2\/media\/331007"}],"wp:attachment":[{"href":"https:\/\/www.europesays.com\/no\/wp-json\/wp\/v2\/media?parent=331006"}],"wp:term":[{"taxonomy":"category","embeddable":true,"href":"https:\/\/www.europesays.com\/no\/wp-json\/wp\/v2\/categories?post=331006"},{"taxonomy":"post_tag","embeddable":true,"href":"https:\/\/www.europesays.com\/no\/wp-json\/wp\/v2\/tags?post=331006"}],"curies":[{"name":"wp","href":"https:\/\/api.w.org\/{rel}","templated":true}]}}