{"id":331140,"date":"2026-08-22T22:27:23","date_gmt":"2026-08-22T22:27:23","guid":{"rendered":"https:\/\/www.europesays.com\/no\/331140\/"},"modified":"2026-08-22T22:27:23","modified_gmt":"2026-08-22T22:27:23","slug":"tim-kristian-om-bryllup-ga-ikke-mersmak-etter-forlovelsen-med-steffen-2","status":"publish","type":"post","link":"https:\/\/www.europesays.com\/no\/331140\/","title":{"rendered":"Tim Kristian om bryllup: \u2013 Ga ikke mersmak etter forlovelsen med Steffen"},"content":{"rendered":"<p class=\"kicker \" style=\"\">Tim Kristian:<\/p>\n<p class=\"subtitle \" style=\"\">Sommeren er h\u00f8ysesong for bryllup, men for TV-profilen har det absolutt ikke framskyndet egne gifteplaner.<\/p>\n<p>\n    FORLOVET OG GIFTEKLAR? Tim Kristian kunne i 2024 avsl\u00f8re at han hadde blitt forlovet.Foto: Andreas Fadum \/ Se og H\u00f8r\n  <\/p>\n<p>Det var i 2024 at influenser og TV-profil Tim Kristian (26) kunne avsl\u00f8re at han og kj\u00e6resten Steffen hadde forlovet seg.\u00a0<\/p>\n<p>Det var samme h\u00f8st han for f\u00f8rste gang viste frem kj\u00e6resten, da han dukket opp i\u00a0\u00abBloggerne\u00bb, etter \u00e5 ha holdt ham skjult i tre og et halvt \u00e5r.<\/p>\n<p>Torsdag dukket Tim Kristian opp p\u00e5 Vixens sommerfest p\u00e5 Hobo i Oslo. P\u00e5 fingeren hadde han naturligvis den gigantiske forlovelsesringen, og bryllup ble raskt et tema.\u00a0<\/p>\n<p>        VIXEN: Linni Meister er p\u00e5 Vixen og innr\u00f8mmer overfor Dagbladet at hun har hatt et tungt \u00e5r. Video: Skavhaug\/Rusov-Hansen, R\u00f8d L\u00f8per<\/p>\n<p>Men til tross for at han har v\u00e6rt forlovet i to \u00e5r, virker det ikke som at det er planlagt et bryllup i n\u00e6r fremtid. Og hvis influenseren f\u00e5r det som han vil, kommer det heller ikke til \u00e5 skje.<\/p>\n<p class=\"font-weight-bold m-font-weight-bold\" data-lab-font_weight=\"font-weight-bold\">&#8211; Jeg var i et bryllup i sommer og det ga ikke mersmak. Det var ikke helt for meg det, s\u00e5 jeg tror det blir en god stund til. Men forlovet er jeg, kunne han fortelle til Se og H\u00f8r.<\/p>\n<p>        <img loading=\"lazy\" decoding=\"async\" src=\"https:\/\/www.europesays.com\/no\/wp-content\/uploads\/2026\/08\/1787437642_359_85017340.webp\" width=\"686\" height=\"1482\" alt=\"\" class=\"\" style=\"--aspect-ratio-image: 0.46; \"\/><\/p>\n<p>\n        FRIERI: Tim Kristian og kj\u00e6resten Steffen forlovet seg I 2024. Foto: Skjermbilde: @tim_kristian \/ Snapchat\n    <\/p>\n<p>P\u00e5 sp\u00f8rsm\u00e5l om hva han ikke likte med bryllup, forteller han at det er uforutsigbarheten som ikke tiltaler ham.<\/p>\n<p>&#8211; Jeg m\u00e5 faktisk gj\u00f8re litt research, fordi det ga virkelig ikke mersmak. Man m\u00e5 planlegge s\u00e5 mye, ting kan g\u00e5 galt, v\u00e6ret kan g\u00e5 galt. Tenk om du har stelt i stand og planlagt s\u00e5 mye ett til to \u00e5r i forveien, og s\u00e5 blir det regn.\u00a0<\/p>\n<p>        VIXEN: Nate Kahungu brukte 12.000 kroner p\u00e5 en date, og n\u00e5r han har blitt nysingel vet han at R\u00f8d L\u00f8per er p\u00e5skrudd. Video: Skavhaug\/Grace-Rusov<\/p>\n<p class=\"font-weight-bold m-font-weight-bold\" data-lab-font_weight=\"font-weight-bold\">&#8211; Jeg bare liker ikke tanken p\u00e5 alle forberedelser, og s\u00e5 kan alt g\u00e5 ad undas.<\/p>\n<p class=\"italic m-italic\" data-lab-italic=\"italic\">&#8211; Hva med en bryllupsplanlegger?<\/p>\n<p>    <a itemprop=\"url\" href=\"https:\/\/www.dagbladet.no\/kjendis\/forklarer-dette\/85012135\" rel=\"nofollow noopener\" target=\"_blank\"><\/p>\n<p>        <img loading=\"lazy\" decoding=\"async\" src=\"https:\/\/www.europesays.com\/no\/wp-content\/uploads\/2026\/08\/1787437643_404_85012471.webp\" width=\"180\" height=\"81\" alt=\"\" class=\"lazyload\" style=\"--aspect-ratio-image: 2.22; \"\/><\/p>\n<p>        Forklarer dette<\/p>\n<p>    <\/a><\/p>\n<p>&#8211; Det kunne jo v\u00e6rt noe, men jeg liker \u00e5 ha ting p\u00e5 stell sj\u00e6l. En kontrollfrik, om du vil.\u00a0<\/p>\n<p>&#8211; Kanskje det blir et TV-program? Hvis de betaler godt nok, da, legger han til med et glis.<\/p>\n","protected":false},"excerpt":{"rendered":"Tim Kristian: Sommeren er h\u00f8ysesong for bryllup, men for TV-profilen har det absolutt ikke framskyndet egne gifteplaner. FORLOVET&hellip;\n","protected":false},"author":2,"featured_media":331141,"comment_status":"","ping_status":"","sticky":false,"template":"","format":"standard","meta":{"footnotes":"","_share_on_mastodon":"0"},"categories":[59],"tags":[183,479,2543,30,28,29,83,82,18949],"class_list":["post-331140","post","type-post","status-publish","format-standard","has-post-thumbnail","category-sport","tag-bryllup","tag-kjendis","tag-kjendisdesken","tag-no","tag-norge","tag-norway","tag-sport","tag-sports","tag-tim-kristian"],"share_on_mastodon":{"url":"https:\/\/pubeurope.com\/@no\/117141520584731952","error":""},"_links":{"self":[{"href":"https:\/\/www.europesays.com\/no\/wp-json\/wp\/v2\/posts\/331140","targetHints":{"allow":["GET"]}}],"collection":[{"href":"https:\/\/www.europesays.com\/no\/wp-json\/wp\/v2\/posts"}],"about":[{"href":"https:\/\/www.europesays.com\/no\/wp-json\/wp\/v2\/types\/post"}],"author":[{"embeddable":true,"href":"https:\/\/www.europesays.com\/no\/wp-json\/wp\/v2\/users\/2"}],"replies":[{"embeddable":true,"href":"https:\/\/www.europesays.com\/no\/wp-json\/wp\/v2\/comments?post=331140"}],"version-history":[{"count":0,"href":"https:\/\/www.europesays.com\/no\/wp-json\/wp\/v2\/posts\/331140\/revisions"}],"wp:featuredmedia":[{"embeddable":true,"href":"https:\/\/www.europesays.com\/no\/wp-json\/wp\/v2\/media\/331141"}],"wp:attachment":[{"href":"https:\/\/www.europesays.com\/no\/wp-json\/wp\/v2\/media?parent=331140"}],"wp:term":[{"taxonomy":"category","embeddable":true,"href":"https:\/\/www.europesays.com\/no\/wp-json\/wp\/v2\/categories?post=331140"},{"taxonomy":"post_tag","embeddable":true,"href":"https:\/\/www.europesays.com\/no\/wp-json\/wp\/v2\/tags?post=331140"}],"curies":[{"name":"wp","href":"https:\/\/api.w.org\/{rel}","templated":true}]}}