{"id":331176,"date":"2026-08-23T00:54:14","date_gmt":"2026-08-23T00:54:14","guid":{"rendered":"https:\/\/www.europesays.com\/no\/331176\/"},"modified":"2026-08-23T00:54:14","modified_gmt":"2026-08-23T00:54:14","slug":"skoleangrep-i-sverige-18-aringen-skal-ha-vaert-elev","status":"publish","type":"post","link":"https:\/\/www.europesays.com\/no\/331176\/","title":{"rendered":"Skoleangrep i Sverige: 18-\u00e5ringen skal ha v\u00e6rt elev"},"content":{"rendered":"\n<p class=\"_lead_145nj_2 _lead_6fko5_53 layout-component text-serif-m layout-normal text-serif-l layout-component layout-wide layout-padded _wide_17hqh_1 layout-padded\">18-\u00e5ringen var selv elev ved skolen. I avh\u00f8r skal han ha fortalt at han \u00f8nsket \u00e5 drepe flere, skriver svenske medier.<\/p>\n<p><img alt=\"Folk legger ned blomster ved skolen. Foto: Magnus Lejhall \/ EPA \/ NTB\" class=\"_image_jw3bv_65 layout-component layout-wide\" data-fullscreen- data-track-element-type=\"Article image fullscreen\" data-track-name=\"ImageFullscreen\" fetchpriority=\"high\" decoding=\"sync\" loading=\"eager\" height=\"5760\" itemprop=\"image\"  src=\"https:\/\/www.europesays.com\/no\/wp-content\/uploads\/2026\/08\/19cff734-ffe5-37b7-b645-3e8aac322372.jpeg\"  style=\"object-position:0% 0%\" width=\"8640\"\/>Folk legger ned blomster ved skolen. Foto: Magnus Lejhall \/ EPA \/ NTB<\/p>\n<ul aria-hidden=\"true\" class=\"_images_ntbth_112\">\n<li><a class=\"_link_ntbth_117\" href=\"https:\/\/www.vg.no\/forfatter\/aksel-hallan-halmoey\" style=\"z-index:1\" title=\"Aksel Hallan Halm\u00f8y\" rel=\"nofollow noopener\" target=\"_blank\"><img alt=\"Bilde av Aksel Hallan Halm\u00f8y\" class=\"_image_ntbth_93\" fetchpriority=\"low\" loading=\"lazy\" decoding=\"async\" itemprop=\"image\"  src=\"https:\/\/www.europesays.com\/no\/wp-content\/uploads\/2026\/08\/1787446452_267_4110b113-0bab-385a-9a91-742e12058ec0.jpeg\"  width=\"480\"\/><\/a><\/li>\n<\/ul>\n<p> Oppdatert s\u00f8ndag 23. august kl. 02:29    <\/p>\n<ul class=\"_list_145nj_3 _list_64s2r_85 _unordered_145nj_106 text-sans-m\">\n<li class=\"_item_145nj_30\">En 18-\u00e5ring er siktet for et sverdangrep p\u00e5 Brinellskolan i Fagersta, Sverige.<\/li>\n<li class=\"_item_145nj_30\">En 17 \u00e5r gammel jente d\u00f8de, og flere ble skadet.<\/li>\n<li class=\"_item_145nj_30\">Den mistenkte er elev ved skolen og hyller massemordere p\u00e5 TikTok, skriver svenske medier.<\/li>\n<li class=\"_item_145nj_30\">Han skal ha hatt en tr\u00f8blete oppvekst, preget av vold og neglisjering.<\/li>\n<\/ul>\n<p>Vis mer <\/p>\n<p class=\"_paragraph_145nj_4 _paragraph_6fko5_10 layout-component text-serif-m layout-normal text-serif-m layout-padded\">Fredag ettermiddag fikk svensk politi melding om \u00abp\u00e5g\u00e5ende d\u00f8delig vold\u00bb ved Brinellskolan i Fagersta. En 18 \u00e5r gammel mann skal ha g\u00e5tt til angrep med et sverd, og er p\u00e5grepet.<\/p>\n<p class=\"_paragraph_145nj_4 _paragraph_6fko5_10 layout-component text-serif-m layout-normal text-serif-m layout-padded\"><strong class=\"_strong_145nj_25\">En 17 \u00e5r gammel <a href=\"https:\/\/www.vg.no\/nyheter\/i\/k0ebRB\/tt-flere-saaret-av-mann-med-sverd-ved-skole-i-sverige-mann-skutt-av-politi\" data-track-element-type=\"Link\" data-track-id=\"link:k0ebRB\" class=\"_link_145nj_39\" rel=\"nofollow noopener\" target=\"_blank\">jente d\u00f8de under angrepet<\/a>, og tre gutter ble skadet. <\/strong><\/p>\n<p class=\"_paragraph_145nj_4 _paragraph_6fko5_10 layout-component text-serif-m layout-normal text-serif-m layout-padded\">Svenske medier kommer n\u00e5 med flere opplysninger om hvem den mistenkte er.<\/p>\n<p> Er elev p\u00e5 skolen<\/p>\n<p class=\"_paragraph_145nj_4 _paragraph_6fko5_10 layout-component text-serif-m layout-normal text-serif-m layout-padded\">18-\u00e5ringen er selv elev p\u00e5 skolen han angrep.<\/p>\n<p class=\"_paragraph_145nj_4 _paragraph_6fko5_10 layout-component text-serif-m layout-normal text-serif-m layout-padded\">Dermed hadde han en n\u00f8kkelbrikke som gjorde at han problemfritt kunne ta seg inn i skolens lokaler, skriver flere svenske medier.<\/p>\n<p class=\"_paragraph_145nj_4 _paragraph_6fko5_10 layout-component text-serif-m layout-normal text-serif-m layout-padded\">Skolesjefen Eeva-Liisa Purolainen bekrefter dette overfor <a href=\"https:\/\/www.sverigesradio.se\/artikel\/ekots-direktrapport-om-svardattacken-i-fagersta?utm_source=sdrn%3Aaftonbladet%3Aarticle%3A2pyJ8y\" class=\"_link_145nj_39\" rel=\"nofollow noopener\" target=\"_blank\">P4 V\u00e4stmanland i Sverige.<\/a><\/p>\n<p class=\"_paragraph_145nj_4 _paragraph_6fko5_10 layout-component text-serif-m layout-normal text-serif-m layout-padded\">\u2013 Personen g\u00e5r fremdeles p\u00e5 skolen, sier hun til <a href=\"https:\/\/www.aftonbladet.se\/nyheter\/a\/2pyJ8y\/liverapport-skolattack-i-fagersta\" class=\"_link_145nj_39\" rel=\"nofollow noopener\" target=\"_blank\">Aftonbladet.<\/a><\/p>\n<p class=\"_paragraph_145nj_4 _paragraph_6fko5_10 layout-component text-serif-m layout-normal text-serif-m layout-padded\">Den unge mannen anklages n\u00e5 for drap og tre drapsfors\u00f8k.<\/p>\n<p class=\"_paragraph_145nj_4 _paragraph_6fko5_10 layout-component text-serif-m layout-normal text-serif-m layout-padded\">Han skal ha v\u00e6rt bev\u00e6pnet med et sverd da han entret skolen sin og gikk til angrep.<\/p>\n<p><img alt=\"En jente er d\u00f8d og flere skadet etter skoleangrepet i Sverige.  Foto: FREDRIK SANDBERG \/ AFP\" class=\"_image_jw3bv_65 layout-component layout-normal\" data-fullscreen- data-track-element-type=\"Article image fullscreen\" data-track-name=\"ImageFullscreen\" decoding=\"async\" loading=\"lazy\" height=\"4548\" itemprop=\"image\"  src=\"https:\/\/www.europesays.com\/no\/wp-content\/uploads\/2026\/08\/d7828b70-8a49-38e2-8019-a662dcef59c5.jpeg\"  style=\"object-position:0% 0%\" width=\"6822\"\/>En jente er d\u00f8d og flere skadet etter skoleangrepet i Sverige.  Foto: FREDRIK SANDBERG \/ AFP Skal ha hyllet massemordere<\/p>\n<p class=\"_paragraph_145nj_4 _paragraph_6fko5_10 layout-component text-serif-m layout-normal text-serif-m layout-padded\">I avh\u00f8r skal 18-\u00e5ringen ha sagt at han \u00f8nsket \u00e5 drepe flere, <a href=\"https:\/\/www.aftonbladet.se\/nyheter\/a\/XMep6E\/uppgifter-fagersta-18-aringens-ord-i-forhor-hade-velat-doda-fler\" class=\"_link_145nj_39\" rel=\"nofollow noopener\" target=\"_blank\">skriver Aftonbladet.<\/a> <\/p>\n<p class=\"_paragraph_145nj_4 _paragraph_6fko5_10 layout-component text-serif-m layout-normal text-serif-m layout-padded\">Ofrene skal ha v\u00e6rt tilfeldige utvalgte. I avh\u00f8r skal mannen ha sagt at han gikk etter de \u00abf\u00f8rste og beste\u00bb, if\u00f8lge avisens opplysninger.<\/p>\n<p class=\"_paragraph_145nj_4 _paragraph_6fko5_10 layout-component text-serif-m layout-normal text-serif-m layout-padded\">Expressen, som har kartlagt 18-\u00e5ringens digitale liv, skriver at han har hyllet massemordere p\u00e5 TikTok. <\/p>\n<p><img alt=\"Foto: Fredrik Sandberg\/TT \/ TT Nyhetsbyr\u00e5n \/ NTB\" class=\"_image_jw3bv_65 layout-component layout-normal\" data-fullscreen- data-track-element-type=\"Article image fullscreen\" data-track-name=\"ImageFullscreen\" decoding=\"async\" loading=\"lazy\" height=\"5504\" itemprop=\"image\"  src=\"https:\/\/www.europesays.com\/no\/wp-content\/uploads\/2026\/08\/af535d1c-7a37-3ead-bec3-5ac544ee2dfc.jpeg\"  style=\"object-position:0% 0%\" width=\"8256\"\/>Foto: Fredrik Sandberg\/TT \/ TT Nyhetsbyr\u00e5n \/ NTB<\/p>\n<p class=\"_paragraph_145nj_4 _paragraph_6fko5_10 layout-component text-serif-m layout-normal text-serif-m layout-padded\">If\u00f8lge avisen viste 18-\u00e5ringen s\u00e6rlig interesse for den svenske skolemorderen Anton Lundin Pettersson, som drepte tre personer i Trollh\u00e4ttan i 2015.<\/p>\n<p class=\"_paragraph_145nj_4 _paragraph_6fko5_10 layout-component text-serif-m layout-normal text-serif-m layout-padded\">Han skal ha v\u00e6rt del av et milj\u00f8 p\u00e5 sosiale medier der skoleangrep glorifiseres, og fikk anerkjennelse for sine videoer. <\/p>\n<p class=\"_paragraph_145nj_4 _paragraph_6fko5_10 layout-component text-serif-m layout-normal text-serif-m layout-padded\">I de samme milj\u00f8ene blir han n\u00e5 hyllet, <a href=\"https:\/\/www.expressen.se\/nyheter\/krim\/skolattacken-i-fagersta-misstankta-mordarens-hemliga-liv-pa-natet\/\" class=\"_link_145nj_39\" rel=\"nofollow noopener\" target=\"_blank\">if\u00f8lge Expressen<\/a>. <\/p>\n<p class=\"_paragraph_145nj_4 _paragraph_6fko5_10 layout-component text-serif-m layout-normal text-serif-m layout-padded\">VG har f\u00e5tt tips om at mannen la ut et bilde av et sverd p\u00e5 sin TikTok-profil f\u00f8r han gikk til angrep p\u00e5 skolen. Flere svenske medier, blant annet Expressen, sl\u00e5r n\u00e5 fast at denne profilen tilh\u00f8rte siktede. <\/p>\n<p class=\"_paragraph_145nj_4 _paragraph_6fko5_10 layout-component text-serif-m layout-normal text-serif-m layout-padded\">Profilen er n\u00e5 stengt ned.<\/p>\n<p><img alt=\"Dette bildet ble publisert p\u00e5 mannens TikTok-profil, if\u00f8lge svenske medier.\" class=\"_image_jw3bv_65 layout-component layout-normal\" data-fullscreen- data-track-element-type=\"Article image fullscreen\" data-track-name=\"ImageFullscreen\" decoding=\"async\" loading=\"lazy\" height=\"474\" itemprop=\"image\"  src=\"https:\/\/www.europesays.com\/no\/wp-content\/uploads\/2026\/08\/dc7a59a4-3c22-3e67-ac55-23140d896237.png\"  style=\"object-position:0% 0%\" width=\"652\"\/>Dette bildet ble publisert p\u00e5 mannens TikTok-profil, if\u00f8lge svenske medier. Tr\u00f8blete oppvekst<\/p>\n<p class=\"_paragraph_145nj_4 _paragraph_6fko5_10 layout-component text-serif-m layout-normal text-serif-m layout-padded\">Aftonbladet skriver i en sak at den antatte gjerningsmannens oppvekst har v\u00e6rt preget av vold og trusler. <\/p>\n<p class=\"_paragraph_145nj_4 _paragraph_6fko5_10 layout-component text-serif-m layout-normal text-serif-m layout-padded\">Over tid skal han ha v\u00e6rt plassert i fosterhjem.<\/p>\n<p class=\"_paragraph_145nj_4 _paragraph_6fko5_10 layout-component text-serif-m layout-normal text-serif-m layout-padded\">F\u00f8r dette skal mannen ha v\u00e6rt vitne til vold i hjemmet og blitt tvunget til \u00e5 trene kampsport mot sin vilje, <a href=\"https:\/\/www.aftonbladet.se\/nyheter\/a\/JORrq4\/18-aringen-tvingades-trana-kampsport-och-fick-inga-glasogon\" class=\"_link_145nj_39\" rel=\"nofollow noopener\" target=\"_blank\">skriver avisen<\/a>. <\/p>\n<p class=\"_paragraph_145nj_4 _paragraph_6fko5_10 layout-component text-serif-m layout-normal text-serif-m layout-padded\">De viser til offentlige dokumenter som kilde for sine opplysninger.<\/p>\n<p class=\"_paragraph_145nj_4 _paragraph_6fko5_10 layout-component text-serif-m layout-normal text-serif-m layout-padded\">Da det i fjor ble bestemt at han skulle f\u00e5 omsorg etter den svenske loven LVULVUEn svensk lov som gir myndighetene adgang til \u00e5 gi personer under 21 \u00e5r omsorg med tvang n\u00e5r det er alvorlig risiko for deres helse eller utvikling, og frivillige tiltak ikke er tilstrekkelige., sto det i dokumenter at han i lang tid ikke hadde f\u00e5tt maten, kl\u00e6rne og den grunnleggende tryggheten han hadde behov for.<\/p>\n<p> Hang etter<\/p>\n<p class=\"_paragraph_145nj_4 _paragraph_6fko5_10 layout-component text-serif-m layout-normal text-serif-m layout-padded\">Han fikk ikke briller da han trengte det, som f\u00f8rte til at synet hans ble d\u00e5rligere, if\u00f8lge Aftonbladet.<\/p>\n<p class=\"_paragraph_145nj_4 _paragraph_6fko5_10 layout-component text-serif-m layout-normal text-serif-m layout-padded\">I dokumentene som avisen refererer til skal det st\u00e5 at gutten har gode l\u00e6reevner, men at det over flere \u00e5r ikke var noen som s\u00f8rget for at han fulgte opp skolegangen, som f\u00f8rte til at han ble hengende etter p\u00e5 skolen.<\/p>\n<p class=\"_paragraph_145nj_4 _paragraph_6fko5_10 layout-component text-serif-m layout-normal text-serif-m layout-padded\"><strong class=\"_strong_145nj_25\">Forvaltningsretten konkluderte med at 18-\u00e5ringens helse og utvikling var blitt alvorlig skadet som f\u00f8lge av oppveksten, skriver <a href=\"https:\/\/www.aftonbladet.se\/nyheter\/a\/JORrq4\/18-aringen-tvingades-trana-kampsport-och-fick-inga-glasogon\" class=\"_link_145nj_39\" rel=\"nofollow noopener\" target=\"_blank\">avisen.<\/a><\/strong><\/p>\n<p> Fyrte av skudd<\/p>\n<p class=\"_paragraph_145nj_4 _paragraph_6fko5_10 layout-component text-serif-m layout-normal text-serif-m layout-padded\">Motivet for angrepet er ikke kjent.<\/p>\n<p class=\"_paragraph_145nj_4 _paragraph_6fko5_10 layout-component text-serif-m layout-normal text-serif-m layout-padded\">Politiet har tidligere uttalt at mannen sannsynligvis ville ha fortsatt om de ikke stoppet ham.<\/p>\n<p class=\"_paragraph_145nj_4 _paragraph_6fko5_10 layout-component text-serif-m layout-normal text-serif-m layout-padded\">Politiet fyrte av et v\u00e5deskudd i forbindelse med p\u00e5gripelsen. Det skal ha <a href=\"https:\/\/www.vg.no\/nyheter\/i\/k0ebRB\/tt-flere-saaret-av-mann-med-sverd-ved-skole-i-sverige-mann-skutt-av-politi\" data-track-element-type=\"Link\" data-track-id=\"link:k0ebRB\" class=\"_link_145nj_39\" rel=\"nofollow noopener\" target=\"_blank\">ikke ha truffet mannen.<\/a><\/p>\n","protected":false},"excerpt":{"rendered":"18-\u00e5ringen var selv elev ved skolen. I avh\u00f8r skal han ha fortalt at han \u00f8nsket \u00e5 drepe flere,&hellip;\n","protected":false},"author":2,"featured_media":331177,"comment_status":"","ping_status":"","sticky":false,"template":"","format":"standard","meta":{"footnotes":"","_share_on_mastodon":"0"},"categories":[5],"tags":[20,21,24,25,15,19,148,22,23,17,18,13,30,28,29,14,16,1359,26,27],"class_list":["post-331176","post","type-post","status-publish","format-standard","has-post-thumbnail","category-overskrifter","tag-breaking-news","tag-breakingnews","tag-featured-news","tag-featurednews","tag-headlines","tag-hovedoppslag","tag-kriminalitet","tag-latest-news","tag-latestnews","tag-main-news","tag-mainnews","tag-news","tag-no","tag-norge","tag-norway","tag-nyheter","tag-overskrifter","tag-sverige","tag-top-stories","tag-topstories"],"share_on_mastodon":{"url":"https:\/\/pubeurope.com\/@no\/117142098617167626","error":""},"_links":{"self":[{"href":"https:\/\/www.europesays.com\/no\/wp-json\/wp\/v2\/posts\/331176","targetHints":{"allow":["GET"]}}],"collection":[{"href":"https:\/\/www.europesays.com\/no\/wp-json\/wp\/v2\/posts"}],"about":[{"href":"https:\/\/www.europesays.com\/no\/wp-json\/wp\/v2\/types\/post"}],"author":[{"embeddable":true,"href":"https:\/\/www.europesays.com\/no\/wp-json\/wp\/v2\/users\/2"}],"replies":[{"embeddable":true,"href":"https:\/\/www.europesays.com\/no\/wp-json\/wp\/v2\/comments?post=331176"}],"version-history":[{"count":0,"href":"https:\/\/www.europesays.com\/no\/wp-json\/wp\/v2\/posts\/331176\/revisions"}],"wp:featuredmedia":[{"embeddable":true,"href":"https:\/\/www.europesays.com\/no\/wp-json\/wp\/v2\/media\/331177"}],"wp:attachment":[{"href":"https:\/\/www.europesays.com\/no\/wp-json\/wp\/v2\/media?parent=331176"}],"wp:term":[{"taxonomy":"category","embeddable":true,"href":"https:\/\/www.europesays.com\/no\/wp-json\/wp\/v2\/categories?post=331176"},{"taxonomy":"post_tag","embeddable":true,"href":"https:\/\/www.europesays.com\/no\/wp-json\/wp\/v2\/tags?post=331176"}],"curies":[{"name":"wp","href":"https:\/\/api.w.org\/{rel}","templated":true}]}}