{"id":331178,"date":"2026-08-23T01:00:32","date_gmt":"2026-08-23T01:00:32","guid":{"rendered":"https:\/\/www.europesays.com\/no\/331178\/"},"modified":"2026-08-23T01:00:32","modified_gmt":"2026-08-23T01:00:32","slug":"meteorologen-kan-bli-det-kraftigste-pa-over-100-ar","status":"publish","type":"post","link":"https:\/\/www.europesays.com\/no\/331178\/","title":{"rendered":"Meteorologen: Kan bli det kraftigste p\u00e5 over 100 \u00e5r"},"content":{"rendered":"<p class=\"subtitle \" style=\"\">Den kommende v\u00e6rfenomenet El Ni\u00f1o kan bli det kraftigste i manns minne, if\u00f8lge analyser fra det britiske meteorologiske instituttet.<\/p>\n<p>\n    Urfolk f\u00e5r n\u00f8dhjelp langs Amazonaselva utenfor Leticia i Colombia under El Nino-t\u00f8rke h\u00f8sten 2024. Foto: Ivan Valencia \/ AP \/ NTB\n  <\/p>\n<p>\u2013 Vi venter den st\u00f8rste El Ni\u00f1o p\u00e5 over et \u00e5rhundre, som n\u00e5r toppen p\u00e5 over tre grader. Det er uh\u00f8rt i de moderne klimaregistrene, sier Adam Scaife, som er leder for langtidsvarsling ved det britiske meteorologiske instituttet Met Office.<\/p>\n<p>    <a itemprop=\"url\" href=\"https:\/\/sol.no\/nyheter\/flere-innstilte-flyavganger\/85044332\" rel=\"nofollow noopener\" target=\"_blank\"><\/p>\n<p>        <img loading=\"lazy\" decoding=\"async\" src=\"https:\/\/www.europesays.com\/no\/wp-content\/uploads\/2026\/08\/85044342.webp\" width=\"180\" height=\"81\" alt=\"\" class=\"lazyload\" style=\"--aspect-ratio-image: 2.22; \"\/><\/p>\n<p>        Flere innstilte flyavganger<\/p>\n<p>sol.no<\/p>\n<p>    <\/a><\/p>\n<p>\u2013 Jeg har aldri sett et s\u00e5 intenst El Ni\u00f1o-signal i prognosene v\u00e5re.<\/p>\n<p>De ansl\u00e5r ogs\u00e5 at 2027 kan passere 2024 n\u00e5r det gjelder det varmeste \u00e5ret registrert noensinne.<\/p>\n<p>V\u00e6rfenomenet oppst\u00e5r naturlig med 2\u20137 \u00e5rs mellomrom n\u00e5r overflatevannet i deler av Stillehavet blir unormalt varmt. Fenomenet varer vanligvis i en periode mellom ni og tolv m\u00e5neder og f\u00f8rer til store konsekvenser over hele verden.<\/p>\n<p>Verdens meteorologer har i lengre tid advart om at en super El Ni\u00f1o er under oppbygging.<\/p>\n","protected":false},"excerpt":{"rendered":"Den kommende v\u00e6rfenomenet El Ni\u00f1o kan bli det kraftigste i manns minne, if\u00f8lge analyser fra det britiske meteorologiske&hellip;\n","protected":false},"author":2,"featured_media":331179,"comment_status":"","ping_status":"","sticky":false,"template":"","format":"standard","meta":{"footnotes":"","_share_on_mastodon":"0"},"categories":[12],"tags":[20,21,20409,24,25,15,1310,4351,22,23,1396,13,30,28,29,14,16,26,27,42,43,44,45],"class_list":["post-331178","post","type-post","status-publish","format-standard","has-post-thumbnail","category-verden","tag-breaking-news","tag-breakingnews","tag-el-nino","tag-featured-news","tag-featurednews","tag-headlines","tag-hetebolge","tag-klimaendringer","tag-latest-news","tag-latestnews","tag-meteorolog","tag-news","tag-no","tag-norge","tag-norway","tag-nyheter","tag-overskrifter","tag-top-stories","tag-topstories","tag-verden","tag-world","tag-world-news","tag-worldnews"],"share_on_mastodon":{"url":"https:\/\/pubeurope.com\/@no\/117142122272213884","error":""},"_links":{"self":[{"href":"https:\/\/www.europesays.com\/no\/wp-json\/wp\/v2\/posts\/331178","targetHints":{"allow":["GET"]}}],"collection":[{"href":"https:\/\/www.europesays.com\/no\/wp-json\/wp\/v2\/posts"}],"about":[{"href":"https:\/\/www.europesays.com\/no\/wp-json\/wp\/v2\/types\/post"}],"author":[{"embeddable":true,"href":"https:\/\/www.europesays.com\/no\/wp-json\/wp\/v2\/users\/2"}],"replies":[{"embeddable":true,"href":"https:\/\/www.europesays.com\/no\/wp-json\/wp\/v2\/comments?post=331178"}],"version-history":[{"count":0,"href":"https:\/\/www.europesays.com\/no\/wp-json\/wp\/v2\/posts\/331178\/revisions"}],"wp:featuredmedia":[{"embeddable":true,"href":"https:\/\/www.europesays.com\/no\/wp-json\/wp\/v2\/media\/331179"}],"wp:attachment":[{"href":"https:\/\/www.europesays.com\/no\/wp-json\/wp\/v2\/media?parent=331178"}],"wp:term":[{"taxonomy":"category","embeddable":true,"href":"https:\/\/www.europesays.com\/no\/wp-json\/wp\/v2\/categories?post=331178"},{"taxonomy":"post_tag","embeddable":true,"href":"https:\/\/www.europesays.com\/no\/wp-json\/wp\/v2\/tags?post=331178"}],"curies":[{"name":"wp","href":"https:\/\/api.w.org\/{rel}","templated":true}]}}