{"id":331398,"date":"2026-08-23T09:02:14","date_gmt":"2026-08-23T09:02:14","guid":{"rendered":"https:\/\/www.europesays.com\/no\/331398\/"},"modified":"2026-08-23T09:02:14","modified_gmt":"2026-08-23T09:02:14","slug":"nyheter-bergen-vi-hadde-virkelig-ikke-forventet-dette-ikke-i-norge","status":"publish","type":"post","link":"https:\/\/www.europesays.com\/no\/331398\/","title":{"rendered":"Nyheter, Bergen | \u2013 Vi hadde virkelig ikke forventet dette. Ikke i Norge."},"content":{"rendered":"\n<p>Blant dem er italienske Tomas og Beatrice Pozzi, som egentlig skulle fly hjem til Italia l\u00f8rdag ettermiddag.\u00a0<\/p>\n<p>\u2013 Da vi fant ut at flyet var kansellert fikk vi helt panikk. Mannen min brukte mange timer p\u00e5 \u00e5 finne informasjon, nytt fly og et sted \u00e5 sove, forteller Beatrice.<\/p>\n<p>Da paret inns\u00e5 av alle hotell i Bergen var fullbooket, ble eneste l\u00f8sning \u00e5 tilbringe natten p\u00e5 flyplassen.<\/p>\n<p>\u2013 Vi fant f\u00f8rst bare en madrass, s\u00e5 mannen min var snill \u00e5 gav den til meg. Senere fant han heldigvis en seng til seg selv ogs\u00e5, sier hun.<\/p>\n<p>  <a href=\"https:\/\/www.ba.no\/80-8-5415\" class=\"related-teaser has-image article--c-MkAkR\" rel=\"nofollow noopener\" target=\"_blank\"><\/p>\n<p>    <img decoding=\"async\" width=\"155\"  loading=\"lazy\"  src=\"https:\/\/www.europesays.com\/no\/wp-content\/uploads\/2026\/08\/1787475733_502_AK8_3290.jpg\" alt=\"\" class=\"brick-c-cFOWSL\" style=\"\"\/><\/p>\n<p>\n            Les ogs\u00e5<\/p>\n<p>            Massekanselleringer og forsinkelser: Slik blir streiken s\u00f8ndag\n        <\/p>\n<p>  <\/a><br \/>\n  Overraskende positive<\/p>\n<p>Begge to er overraskende positive, tross omstendighetene.<\/p>\n<p>\u2013 Vi pr\u00f8ver \u00e5 v\u00e6re det. Vi hadde virkelig ikke forventet dette, ikke i Norge, sier hun.<\/p>\n<p>   <img decoding=\"async\" width=\"5712\" height=\"4284\" fetchpriority=\"low\"  loading=\"lazy\"  src=\"https:\/\/www.europesays.com\/no\/wp-content\/uploads\/2026\/08\/IMG_9709.jpg\" alt=\"\" class=\"brick-c-cFOWSL\" style=\"--brick-image-ratio: 5712 \/ 4284;\"\/><\/p>\n<p>Paret beskriver natten som helt grei.<\/p>\n<p>\u2013 Jeg sov ganske godt i soveposen, men feltsengen var verre.<\/p>\n<p>De vet enn\u00e5 ikke n\u00e5r de f\u00e5r kommet seg til Italia.<\/p>\n<p>\u2013 Jeg har booket oss et nytt fly til i morgen. Vi har ikke f\u00e5tt noe info, s\u00e5 vi f\u00e5r vente \u00e5 se. Jeg fant ogs\u00e5 heldigvis et ledig hotell i Bergen for i natt, s\u00e5 vi skal dra inn dit n\u00e5, forklarer Tomas.<\/p>\n<p>\u2013 Alt annen enn komfortabel <\/p>\n<p>Ogs\u00e5 Angelo Saperdi skulle egentlig fly til Italia i g\u00e5r. I stedet endte han og reisef\u00f8lget opp med \u00e5 tilbringe natten p\u00e5 flyplassen sammen med en rekke andre.<\/p>\n<p>\u2013 Det var ikke akkurat min beste natt noensinne, men vi fikk god hjelp. Vi klarte oss, men dette var ikke planen, forteller han.\u00a0<\/p>\n<p>Saperdi forklarer at de tildelte teppene og liggeunderlaget var til god hjelp gjennom natten.<\/p>\n<p>\u2013 Vi sover i hvert fall gratis, for det var ingen ledige hoteller. Mange barn og eldre hadde en verre situasjon enn oss. N\u00e5 har vi f\u00e5tt ombooket billettene til mandag og funnet et hotell i Bergen sentrum n\u00e5, s\u00e5 jeg skal dit.\u00a0<\/p>\n<p>Usikkerheten og mangelen p\u00e5 beskjeder har v\u00e6rt den st\u00f8rste p\u00e5kjenningen underveis, forteller de.\u00a0<\/p>\n<p><b>\u2013 Vi vet ikke hva som skjer og f\u00e5r altfor lite informasjon. Det er et stort problem for oss. Vi skj\u00f8nner jo at det er streik, men situasjonen er uansett alt annet enn komfortabel. Vi vet heller ikke om vi f\u00e5r dekket maten vi kj\u00f8per, sier Saperdi.<\/b><\/p>\n<p>   <img decoding=\"async\" width=\"5712\" height=\"4284\" fetchpriority=\"low\"  loading=\"lazy\"  src=\"https:\/\/www.europesays.com\/no\/wp-content\/uploads\/2026\/08\/IMG_9743.JPG\" alt=\"\" class=\"brick-c-cFOWSL\" style=\"--brick-image-ratio: 5712 \/ 4284;\"\/><\/p>\n<p>      F.v.: Angelo Saperdi, Francesco Volpato, Maria Teresa Martinelli og Filippo Rustichini skulle egentlig til Firence i g\u00e5r. Isteden ble natten tilbringet p\u00e5 Flesland.<br \/>\n      Foto: Nora Bang Flateby\n    <\/p>\n<p>  M\u00e5 bruke fridager p\u00e5 streik<\/p>\n<p>For flere i f\u00f8lge f\u00e5r forsinkelsene ogs\u00e5 praktiske konsekvenser hjemme.<\/p>\n<p>\u2013 Mange av oss skulle egentlig begynt p\u00e5 jobb i morgen og m\u00e5 ta permisjon. I Italia har du et fast antall dager du kan ta fri, s\u00e5 dette m\u00e5 vi ta av v\u00e5re egne fridager.<\/p>\n<p>Kj\u00e6resten hans var blant de heldige som kom seg av g\u00e5rde tidligere p\u00e5 dagen.<\/p>\n<p>\u2013 Hun fikk plass p\u00e5 et fly i dag morges. N\u00e5 vet vi at situasjonen blir bedre, s\u00e5 vi er likevel litt optimistiske. Natten er over, og vi f\u00e5r bare ta det som en opplevelse, avslutter Saperdi.<\/p>\n<p>Francesco Volpato, Maria Teresa Martinelli og Filippo Rustichini skulle ogs\u00e5 fly til Firence.\u00a0<\/p>\n<p>Martinelli beskriver natten som kald.\u00a0<\/p>\n<p>\u2013 Jeg er egentlig mest trist, sier hun.<\/p>\n<p>Da flyet ble kansellert ble de ombooket til Roma via K\u00f8benhavn s\u00f8ndag.<\/p>\n<p><b>\u2013 Vi f\u00e5r se om det flyet g\u00e5r, sier hun.<\/b><\/p>\n","protected":false},"excerpt":{"rendered":"Blant dem er italienske Tomas og Beatrice Pozzi, som egentlig skulle fly hjem til Italia l\u00f8rdag ettermiddag.\u00a0 \u2013&hellip;\n","protected":false},"author":2,"featured_media":331399,"comment_status":"","ping_status":"","sticky":false,"template":"","format":"standard","meta":{"footnotes":"","_share_on_mastodon":"0"},"categories":[5],"tags":[36,444,20,21,24,25,1872,15,19,22,23,17,18,13,30,28,29,14,16,1510,26,27],"class_list":["post-331398","post","type-post","status-publish","format-standard","has-post-thumbnail","category-overskrifter","tag-art","tag-bergen","tag-breaking-news","tag-breakingnews","tag-featured-news","tag-featurednews","tag-flesland","tag-headlines","tag-hovedoppslag","tag-latest-news","tag-latestnews","tag-main-news","tag-mainnews","tag-news","tag-no","tag-norge","tag-norway","tag-nyheter","tag-overskrifter","tag-story","tag-top-stories","tag-topstories"],"share_on_mastodon":{"url":"https:\/\/pubeurope.com\/@no\/117144017111086972","error":""},"_links":{"self":[{"href":"https:\/\/www.europesays.com\/no\/wp-json\/wp\/v2\/posts\/331398","targetHints":{"allow":["GET"]}}],"collection":[{"href":"https:\/\/www.europesays.com\/no\/wp-json\/wp\/v2\/posts"}],"about":[{"href":"https:\/\/www.europesays.com\/no\/wp-json\/wp\/v2\/types\/post"}],"author":[{"embeddable":true,"href":"https:\/\/www.europesays.com\/no\/wp-json\/wp\/v2\/users\/2"}],"replies":[{"embeddable":true,"href":"https:\/\/www.europesays.com\/no\/wp-json\/wp\/v2\/comments?post=331398"}],"version-history":[{"count":0,"href":"https:\/\/www.europesays.com\/no\/wp-json\/wp\/v2\/posts\/331398\/revisions"}],"wp:featuredmedia":[{"embeddable":true,"href":"https:\/\/www.europesays.com\/no\/wp-json\/wp\/v2\/media\/331399"}],"wp:attachment":[{"href":"https:\/\/www.europesays.com\/no\/wp-json\/wp\/v2\/media?parent=331398"}],"wp:term":[{"taxonomy":"category","embeddable":true,"href":"https:\/\/www.europesays.com\/no\/wp-json\/wp\/v2\/categories?post=331398"},{"taxonomy":"post_tag","embeddable":true,"href":"https:\/\/www.europesays.com\/no\/wp-json\/wp\/v2\/tags?post=331398"}],"curies":[{"name":"wp","href":"https:\/\/api.w.org\/{rel}","templated":true}]}}