{"id":331676,"date":"2026-08-23T14:52:42","date_gmt":"2026-08-23T14:52:42","guid":{"rendered":"https:\/\/www.europesays.com\/no\/331676\/"},"modified":"2026-08-23T14:52:42","modified_gmt":"2026-08-23T14:52:42","slug":"skandalekongen-juan-carlos-pastander-om-5000-elskerinner-og-sexvideo-skandale","status":"publish","type":"post","link":"https:\/\/www.europesays.com\/no\/331676\/","title":{"rendered":"Skandalekongen Juan Carlos: P\u00e5stander om 5000 elskerinner og sexvideo-skandale"},"content":{"rendered":"<p class=\"kicker \" style=\"\">Ekskong Juan Carlos:<\/p>\n<p class=\"subtitle \" style=\"\">Juan Carlos har f\u00e5tt oppmerksomhet for mye, men den brokete fortiden med et ukjent antall elskerinner har trolig vakt mest oppsikt.<\/p>\n<p>\n    I EKSIL: Juan Carlos har v\u00e6rt involvert i enormt mange skandaler. I 2014 abdiserte han tronen, og i 2020 dro han i eksil og bosatte seg i Abu Dhabi. Foto: Christian Hartmann \/ Reuters \/ NTB\n  <\/p>\n<p>De siste \u00e5rene har det v\u00e6rt mye snakk om skandalene i det norske kongehuset: Marius Borg H\u00f8iby-saken, prinsesse M\u00e4rtha Louises (54) kommersielle tittelbruk og kronprinsesse Mette-Marits (53) omgang og kontakt med overgrepsd\u00f8mte Jeffrey Epstein.<\/p>\n<p>Men selve \u00abskandalekongen\u00bb, som han s\u00e5 ofte omtales som, kommer fra Spania &#8211; og den noe negativt ladde tittelen har han b\u00e5ret i mange \u00e5r.<\/p>\n<p>    <a itemprop=\"url\" href=\"https:\/\/www.seher.no\/kongelig\/gjenforent-etter-hemmelig-skandalemiddag\/84964927\" rel=\"nofollow noopener\" target=\"_blank\"><\/p>\n<p>        <img loading=\"lazy\" decoding=\"async\" src=\"https:\/\/www.europesays.com\/no\/wp-content\/uploads\/2026\/08\/84964847.webp\" width=\"147\" height=\"98\" alt=\"\" class=\"lazyload\" style=\"--aspect-ratio-image: 1.50; \"\/><\/p>\n<p>        Gjenforent etter hemmelig skandalemiddag<\/p>\n<p>    <\/a><\/p>\n<p>Et slikt tilnavn f\u00e5r man nemlig ikke uten grunn.<\/p>\n<p class=\"font-weight-bold m-font-weight-bold\" data-lab-font_weight=\"font-weight-bold\">Den tidligere kongen av Spania, Juan Carlos (88), har v\u00e6rt anklaget for korrupsjon og bestikkelser, har f\u00e5tt passet sitt p\u00e5skrevet som f\u00f8lge av en elefantjakt i Botswana &#8211; men mest oppmerksomhet har han trolig f\u00e5tt for privatlivet sitt.<\/p>\n<p>Til tross for at han er gift med Sofia av Spania, har han hatt flere utenomekteskapelige forhold.<\/p>\n<p>        <img loading=\"lazy\" decoding=\"async\" src=\"https:\/\/www.europesays.com\/no\/wp-content\/uploads\/2026\/08\/85045781.webp\" width=\"667\" height=\"861\" alt=\"\" class=\"\" style=\"--aspect-ratio-image: 0.77; \"\/><\/p>\n<p>\n        PROFILERT: Corrina zu Sayn-Wittgenstein-Sayn er den mest kjente elskerinnen Juan Carlos har hatt. Foto: Mark Von Holden \/ Invision \/ AP, File \/ NTB\n    <\/p>\n<p>Kongehusforfatter Amadeo Martinez Ingles (90) har blant skrevet bok om dette &#8211; og har if\u00f8lge <a href=\"https:\/\/nypost.com\/2020\/08\/08\/ex-spanish-king-juan-carlos-had-nearly-5000-lovers-retired-colonel\/\" rel=\"nofollow noopener\" target=\"_blank\">New York Post<\/a> hevdet at Juan Carlos har hatt hele 5000 elskere i l\u00f8pet av livet &#8211; s\u00e5 langt, i alle fall.<\/p>\n<p>&#8211; Juan Carlos er sexavhengig i ordets rette forstand, og er en overgrepsmann. De vakreste stjerner og de mest spektakul\u00e6re representantene fra den spanske eliten, samt utenlandske kvinner, var innom senga hans for midlertidig samv\u00e6r, og han var ogs\u00e5 sv\u00e6rt respektl\u00f8s mot kvinner fra en mer beskjeden bakgrunn, har forfatteren uttalt.<\/p>\n<p>        MADRID: Under \u00e5rets feiring av Spanias nasjonaldag, er det ikke alle som f\u00e5r med seg at ogs\u00e5 prinsesse Leonor skal hilses p\u00e5. Video: X\/Youtube. Reporter: Kaja G. Tvetene<\/p>\n<p>S\u00f8nnen filmet samleiet\t<\/p>\n<p>Det er de f\u00e6rreste av disse angivelige sengepartnerne som har uttalt seg, men noen av hans elskerinner er offentlig kjent. Den f\u00f8rste man tenker p\u00e5 er trolig Corinna zu Sayn-Wittgenstein-Sayn (62) &#8211; elskerinnen som var med p\u00e5 elefantjakten i Botswana tilbake i 2012.<\/p>\n<p>Hun er den mest kjente &#8211; men den mest oppsiktsvekkende aff\u00e6ren den tidligere spanskekongen har hatt, var med Barbara Rey (76).<\/p>\n<p>Kvinnen med det passende navnet Rey &#8211; konge p\u00e5 spansk &#8211; var en kjent skuespiller og tidligere missedronning, og skal tilbake i 1994 ha invitert Juan Carlos hjem til seg, for \u00e5 gjenopplive en aff\u00e6re de hadde hatt for 20 \u00e5r siden, skriver <a href=\"https:\/\/www.tatler.com\/article\/king-juan-carlos-blackmail-video-affair-spain\" rel=\"nofollow noopener\" target=\"_blank\">Tatler<\/a>.<\/p>\n<p>        <img loading=\"lazy\" decoding=\"async\" src=\"https:\/\/www.europesays.com\/no\/wp-content\/uploads\/2026\/08\/85045769.webp\" width=\"686\" height=\"968\" alt=\"\" class=\"\" style=\"--aspect-ratio-image: 0.71; \"\/><\/p>\n<p>\n        FORHOLD: Skuespiller Barbara Rey hadde et forhold til tidligere kong Juan Carlos ved to anledninger. Her er hun avbildet i 2019. Foto: Angel Naval \/ Marina Press \/ REX \/ Shutterstock \/ NTB\n    <\/p>\n<p class=\"font-weight-bold m-font-weight-bold\" data-lab-font_weight=\"font-weight-bold\">Etter middag og en sv\u00f8mmetur, forf\u00f8rte Rey den dav\u00e6rende kongen &#8211; og bak kulissene hadde hun manipulert sin 13 \u00e5r gamle s\u00f8nn til \u00e5 filme seansen.<\/p>\n<p> Angel Cristo (45) var bare 13 \u00e5r gammel da moren begynte \u00e5 mishandle ham, forteller han. Hun skal aldri ha lagt en h\u00e5nd p\u00e5 han, men manipulerte og brukte ham for egen vinning.<\/p>\n<p> Da Rey innledet forholdet til Juan Carlos i 1994, hadde hun nylig g\u00e5tt gjennom en krevende skilsmisse, og sleit med spillavhengighet og flere \u00f8konomiske problemer, skriver avisen.<\/p>\n<p>    <a itemprop=\"url\" href=\"https:\/\/www.seher.no\/kongelig\/dukket-opp\/84460137\" rel=\"nofollow noopener\" target=\"_blank\"><\/p>\n<p>        <img loading=\"lazy\" decoding=\"async\" src=\"https:\/\/www.europesays.com\/no\/wp-content\/uploads\/2026\/08\/84460142.webp\" width=\"180\" height=\"81\" alt=\"\" class=\"lazyload\" style=\"--aspect-ratio-image: 2.22; \"\/><\/p>\n<p>        Dukket opp<\/p>\n<p>    <\/a><\/p>\n<p>L\u00f8sningen p\u00e5 problemet ble for henne \u00e5 presse Juan Carlos for penger &#8211; og videoen s\u00f8nnen filmet av hyrdestunden ble pressmiddelet.<\/p>\n<p>&#8211; Hun manipulerte meg\t<\/p>\n<p>Cristo har fortalt den britiske storavisen\u00a0<a href=\"https:\/\/www.telegraph.co.uk\/world-news\/2024\/10\/23\/angel-cristo-mother-barbara-rey-sex-with-juan-carlos\/\" rel=\"nofollow noopener\" target=\"_blank\">The Telegraph<\/a> om hendelsen.<\/p>\n<p>&#8211; Jeg var bare 13 \u00e5r gammel, men jeg var flink med kamera. Moren min sa: \u00abDet er synd at du er for ung til \u00e5 hjelpe meg med dette. Du kan ikke gj\u00f8re det til tross for det, kunne du?\u00bb.<\/p>\n<p>Han sier at han forsto at han ble spurt om \u00e5 gj\u00f8re noe som var galt, men hadde et \u00f8nske om \u00e5 hjelpe Rey med de \u00f8konomiske problemene hun hadde.<\/p>\n<p class=\"font-weight-bold m-font-weight-bold\" data-lab-font_weight=\"font-weight-bold\">&#8211; Hun fortsatte og fortsatte frem til jeg sa: \u00abJa, jeg gj\u00f8r det\u00bb. Hun manipulerte meg.<\/p>\n<p>        <img loading=\"lazy\" decoding=\"async\" src=\"https:\/\/www.europesays.com\/no\/wp-content\/uploads\/2026\/08\/85045625.webp\" width=\"686\" height=\"337\" alt=\"\" class=\"\" style=\"--aspect-ratio-image: 2.04; \"\/><\/p>\n<p>\n        TETT P\u00c5: Det nederlandske magasinet Priv\u00e9 publiserte bilder fra seansen. Foto: Faksimile Priv\u00e9\n    <\/p>\n<p>Og s\u00e5nn endte han opp med \u00e5 se moren sin ha samleie med den spanske kongen, en opplevelse han beskriver som \u00abtraumatiserende\u00bb.<\/p>\n<p>Rey sa til spanske myndigheter at hun skulle \u00f8delegge alt bevis av aff\u00e6ren, men s\u00f8nnen hevder at hun beholdt noen kopier likevel &#8211; og Cristo valgte \u00e5 selge bildene til det nederlandske magasinet Priv\u00e9.<\/p>\n<p>I dag har ikke Cristo kontakt med moren, fordi han oppfatter at han ble utsatt for barnemishandling.<\/p>\n<p>D\u00f8de br\u00e5tt\t<\/p>\n<p>En annen kvinne som skal ha hatt et forhold til Juan Carlos var den spanske skuespilleren Sandra Mozarowsky.<\/p>\n<p>        INNLAGT: Dagbladets kommentator Sigrid Hvidsten deler sine tanker om Kong Haralds innleggelse. Video: Karolina Grace\/R\u00f8d L\u00f8per, NTB. <\/p>\n<p>Spanske <a href=\"https:\/\/www.lecturas.com\/realeza\/mas-alla-corinna-larsen-sandra-mozarowsky-rumor-que-lleva-anos-persiguiendo-rey-juan-carlos_149603\" rel=\"nofollow noopener\" target=\"_blank\">Lecturas<\/a> skrev i fjor om henne &#8211; og ryktene som skal ha \u00abhjems\u00f8kt\u00bb Juan Carlos i \u00e5revis.<\/p>\n<p> Mozarowsky debuterte som skuespiller da hun var ti \u00e5r gammel, og ble etter hvert en s\u00e5kalt \u00abscream queen\u00bb &#8211; alts\u00e5 en skuespiller som medvirker i skrekkfilmer.<\/p>\n<p class=\"font-weight-bold m-font-weight-bold\" data-lab-font_weight=\"font-weight-bold\">Hun ble ansett som en ganske pikant skuespiller, og hun uttalte p\u00e5 et tidspunkt at \u00abflere personer \u00f8nsker \u00e5 skade meg\u00bb.<\/p>\n<p>        <img loading=\"lazy\" decoding=\"async\" src=\"https:\/\/www.europesays.com\/no\/wp-content\/uploads\/2026\/08\/85045775.webp\" width=\"688\" height=\"393\" alt=\"\" class=\"\" style=\"--aspect-ratio-image: 1.75; \"\/><\/p>\n<p>\n        SKUESPILLER: Sandra Mozarowsky var et kjent navn i Spania, og medvirket i flere filmer. Her fra \u00ab\u00c1ngel Negro\u00bb. Foto: IMBd\n    <\/p>\n<p>Den unge jenta var bare 18 \u00e5r da hun d\u00f8de, og det p\u00e5 tragisk vis.<\/p>\n<p>Hun falt fra en balkong i fjerde etasje, og tilbrakte hele 22 dager i koma, f\u00f8r hun d\u00f8de som f\u00f8lge av skadene.<\/p>\n<p>D\u00f8dsfallet ble ansett som selvmord, men flere har spekulert p\u00e5 om det ikke var tilfellet.<\/p>\n<p>I boken \u00abLadies of Spain\u00bb skriver forfatter Andrew Morton at det ble hevdet at selvmordet var orkestrert av noen som fryktet at hun ville sette det spanske kongehuset i en vanskelig posisjon.<\/p>\n<p>    <a itemprop=\"url\" href=\"https:\/\/www.seher.no\/kongelig\/drepte-sin-egen-lillebror\/84060822\" rel=\"nofollow noopener\" target=\"_blank\"><\/p>\n<p>        <img loading=\"lazy\" decoding=\"async\" src=\"https:\/\/www.europesays.com\/no\/wp-content\/uploads\/2026\/08\/84078691.webp\" width=\"147\" height=\"98\" alt=\"\" class=\"lazyload\" style=\"--aspect-ratio-image: 1.50; \"\/><\/p>\n<p>        Innr\u00f8mmer: Drepte broren<\/p>\n<p>    <\/a><\/p>\n<p>Det gikk lenge rykter om at Mozarowsky var gravid da hun gikk bort, og det med Juan Carlos&#8217; barn. De to skal ha hatt en hemmelig aff\u00e6re, og spekulasjonene gikk ut p\u00e5 at det ville v\u00e6re \u00f8deleggende for den tidligere kongen om hun f\u00f8dte barnet &#8211; og abort skal ha v\u00e6rt helt uaktuelt.<\/p>\n<p class=\"font-weight-bold m-font-weight-bold\" data-lab-font_weight=\"font-weight-bold\">Dette er imidlertid ikke bekreftet fra offisielt hold.<\/p>\n<p>Den spanske journalisten Javier Bleda hevdet i boken sin \u00abMario Conde\u00bb at Barbara Rey filmet sin aff\u00e6re med Juan Carlos, for \u00e5 unng\u00e5 samme skjebne som\u00a0Mozarowsky.<\/p>\n","protected":false},"excerpt":{"rendered":"Ekskong Juan Carlos: Juan Carlos har f\u00e5tt oppmerksomhet for mye, men den brokete fortiden med et ukjent antall&hellip;\n","protected":false},"author":2,"featured_media":331677,"comment_status":"","ping_status":"","sticky":false,"template":"","format":"standard","meta":{"footnotes":"","_share_on_mastodon":"0"},"categories":[5],"tags":[20,21,4249,576,24,25,15,19,10938,2543,76,22,23,17,18,13,30,28,29,14,16,26,27,4812],"class_list":["post-331676","post","type-post","status-publish","format-standard","has-post-thumbnail","category-overskrifter","tag-breaking-news","tag-breakingnews","tag-det-spanske-kongehuset","tag-dodsfall","tag-featured-news","tag-featurednews","tag-headlines","tag-hovedoppslag","tag-juan-carlos","tag-kjendisdesken","tag-kongelig","tag-latest-news","tag-latestnews","tag-main-news","tag-mainnews","tag-news","tag-no","tag-norge","tag-norway","tag-nyheter","tag-overskrifter","tag-top-stories","tag-topstories","tag-utroskap"],"share_on_mastodon":{"url":"https:\/\/pubeurope.com\/@no\/117145393351789421","error":""},"_links":{"self":[{"href":"https:\/\/www.europesays.com\/no\/wp-json\/wp\/v2\/posts\/331676","targetHints":{"allow":["GET"]}}],"collection":[{"href":"https:\/\/www.europesays.com\/no\/wp-json\/wp\/v2\/posts"}],"about":[{"href":"https:\/\/www.europesays.com\/no\/wp-json\/wp\/v2\/types\/post"}],"author":[{"embeddable":true,"href":"https:\/\/www.europesays.com\/no\/wp-json\/wp\/v2\/users\/2"}],"replies":[{"embeddable":true,"href":"https:\/\/www.europesays.com\/no\/wp-json\/wp\/v2\/comments?post=331676"}],"version-history":[{"count":0,"href":"https:\/\/www.europesays.com\/no\/wp-json\/wp\/v2\/posts\/331676\/revisions"}],"wp:featuredmedia":[{"embeddable":true,"href":"https:\/\/www.europesays.com\/no\/wp-json\/wp\/v2\/media\/331677"}],"wp:attachment":[{"href":"https:\/\/www.europesays.com\/no\/wp-json\/wp\/v2\/media?parent=331676"}],"wp:term":[{"taxonomy":"category","embeddable":true,"href":"https:\/\/www.europesays.com\/no\/wp-json\/wp\/v2\/categories?post=331676"},{"taxonomy":"post_tag","embeddable":true,"href":"https:\/\/www.europesays.com\/no\/wp-json\/wp\/v2\/tags?post=331676"}],"curies":[{"name":"wp","href":"https:\/\/api.w.org\/{rel}","templated":true}]}}