{"id":332130,"date":"2026-08-24T04:13:14","date_gmt":"2026-08-24T04:13:14","guid":{"rendered":"https:\/\/www.europesays.com\/no\/332130\/"},"modified":"2026-08-24T04:13:14","modified_gmt":"2026-08-24T04:13:14","slug":"flere-nokkelpersoner-forlater-trump-advarer-om-farlig-farvann-for-det-hvite-hus","status":"publish","type":"post","link":"https:\/\/www.europesays.com\/no\/332130\/","title":{"rendered":"Flere n\u00f8kkelpersoner forlater Trump: Advarer om farlig farvann for Det hvite hus"},"content":{"rendered":"<p class=\"subtitle \" style=\"\">Flere sentrale medarbeidere forlater Donald Trumps administrasjon samtidig. N\u00e5 advarer flere om en sv\u00e6rt krevende periode for presidenten.<\/p>\n<p>\n    N\u00c6R ALLIERT: Karoline Leavitt har v\u00e6rt en av Donald Trumps mest synlige og lojale medarbeidere i Det hvite hus. Her snakker hun med presidenten i Washington i juli. Foto: Jonathan Ernst \/ Reuters \/ NTB\n  <\/p>\n<p>Donald Trump g\u00e5r n\u00e5 inn i andre halvdel av presidentperioden med flere tomme stoler blant sine n\u00e6rmeste medarbeidere.<\/p>\n<p>P\u00e5 kort tid er det blitt kjent at pressesekret\u00e6r Karoline Leavitt og James Braid, Det hvite hus&#8217; viktigste bindeledd til Kongressen, forlater administrasjonen.<\/p>\n<p>Samtidig forsvinner to sentrale juridiske medarbeidere, Det hvite hus&#8217; juridiske r\u00e5dgiver Dave Warrington og ben\u00e5dningsadvokat Ed Martin.<\/p>\n<p>Det skriver <a href=\"https:\/\/www.politico.com\/news\/2026\/08\/23\/the-writing-on-the-wall-trumps-staff-departs-ahead-of-possible-turmoil-01046424\" target=\"_blank\" rel=\"nofollow noopener\">Politico<\/a>\u00a0s\u00f8ndag.<\/p>\n<p>Avisa beskriver avgangene som en ny usikkerhetsfaktor p\u00e5 et tidspunkt der Trump allerede st\u00e5r overfor en rekke utfordringer, b\u00e5de hjemme og utenlands.<\/p>\n<p>&#8211; Ser skriften p\u00e5 veggen\t<\/p>\n<p>En tidligere tjenesteperson fra Trumps f\u00f8rste presidentperiode mener tidspunktet ikke er tilfeldig.<\/p>\n<p>&#8211; Jeg tror folk ser skriften p\u00e5 veggen og tenker at republikanerne sannsynligvis ikke kommer til \u00e5 beholde Representantenes hus, og kanskje heller ikke Senatet, sier personen anonymt til Politico.<\/p>\n<p>    <a itemprop=\"url\" href=\"https:\/\/www.dagbladet.no\/nyheter\/vil-stille-meg-for-riksrett\/85047508\" rel=\"nofollow noopener\" target=\"_blank\"><\/p>\n<p>        <img loading=\"lazy\" decoding=\"async\" src=\"https:\/\/www.europesays.com\/no\/wp-content\/uploads\/2026\/08\/85047524.webp\" width=\"180\" height=\"81\" alt=\"\" class=\"lazyload\" style=\"--aspect-ratio-image: 2.22; \"\/><\/p>\n<p>        &#8211; Vil stille meg for riksrett<\/p>\n<p>    <\/a><\/p>\n<p>Mellomvalget i november kan f\u00e5 stor betydning for Trumps siste to \u00e5r som president.<\/p>\n<p>Dersom Demokratene f\u00e5r kontroll over ett eller begge kamrene i Kongressen, kan administrasjonen blant annet m\u00f8te langt t\u00f8ffere parlamentarisk kontroll, granskinger og stevninger.<\/p>\n<p>Politico peker ogs\u00e5 p\u00e5 at avgangene kan v\u00e6re spesielt merkbare fordi Trump har konsentrert mye makt hos en relativt liten krets av lojale medarbeidere.<\/p>\n<p>Civita-r\u00e5dgiver og USA-ekspert Eirik L\u00f8kke mener det likevel ikke er uvanlig at medarbeidere forlater Det hvite hus rundt halvveis i en presidentperiode.<\/p>\n<p>&#8211; Det kan v\u00e6re ekstremt krevende \u00e5 jobbe for presidenten, sier L\u00f8kke til Dagbladet.<\/p>\n<p>        <img loading=\"lazy\" decoding=\"async\" itemprop=\"image\" src=\"https:\/\/www.europesays.com\/no\/wp-content\/uploads\/2026\/08\/85040667.webp\" width=\"180\" height=\"180\" alt=\"\"\/><\/p>\n<p>                    Eirik L\u00f8kke<br \/>\n                        Eirik<br \/>\n                        L\u00f8kke<\/p>\n<p>                    Eirik L\u00f8kke<br \/>\n                        R\u00e5dgiver i Civita og USA-ekspert<\/p>\n<p>Foto: Javad Parsa \/ NTB<\/p>\n<p>Han mener det ikke er noen grunn til \u00e5 tro at Leavitts avgang skyldes noe annet enn familiesituasjonen. N\u00e5r det gjelder Braid, er han mer usikker.<\/p>\n<p>&#8211; Han har mye erfaring og har v\u00e6rt viktig for Trump, s\u00e5 det er ikke et godt tegn for Trump at han forsvinner n\u00e5.<\/p>\n<p>    <a itemprop=\"url\" href=\"https:\/\/www.dagbladet.no\/nyheter\/hvor-er-melania\/85026782\" rel=\"nofollow noopener\" target=\"_blank\"><\/p>\n<p>        <img loading=\"lazy\" decoding=\"async\" src=\"https:\/\/www.europesays.com\/no\/wp-content\/uploads\/2026\/08\/85046846.webp\" width=\"180\" height=\"81\" alt=\"\" class=\"lazyload\" style=\"--aspect-ratio-image: 2.22; \"\/><\/p>\n<p>        &#8211; Hvor er Melania?<\/p>\n<p>    <\/a><\/p>\n<p>L\u00f8kke mener ogs\u00e5 at tidspunktet gj\u00f8r avgangene mer krevende.<\/p>\n<p>&#8211; Tidspunktet er ekstra uheldig. Det hadde nok v\u00e6rt bedre for Trump om endringene kom etter mellomvalget, p\u00e5peker han.<\/p>\n<p>Forlater etter f\u00f8dsel\t<\/p>\n<p> Leavitt kunngjorde tidligere i august at hun slutter som pressesekret\u00e6r. Da hadde hun nylig kommet tilbake p\u00e5 jobb etter \u00e5 ha f\u00f8dt sitt andre barn. <\/p>\n<p>        <img loading=\"lazy\" decoding=\"async\" src=\"https:\/\/www.europesays.com\/no\/wp-content\/uploads\/2026\/08\/85050968.webp\" width=\"688\" height=\"393\" alt=\"\" class=\"\" style=\"--aspect-ratio-image: 1.75; \"\/><\/p>\n<p>\n        P\u00c5 VEI UT: Karoline Leavitt har fulgt Donald Trump tett som pressesekret\u00e6r. Her g\u00e5r de sammen til Air Force One 21. august, kort tid f\u00f8r hun varslet sin avgang. Foto: Saul Loeb \/ AFP\n    <\/p>\n<p>Hun har forklart at hun ikke f\u00f8ler hun kan v\u00e6re den mora hun \u00f8nsker \u00e5 v\u00e6re samtidig som hun legger ned tida og energien som kreves i jobben som pressesekret\u00e6r.<\/p>\n<p>Leavitt forlater imidlertid ikke Trump politisk. Hun har senere opplyst at hun skal tilbake til den Trump-st\u00f8ttende organisasjonen MAGA Inc.<\/p>\n<p>Det er forel\u00f8pig ikke kunngjort hvem som skal overta etter henne som pressesekret\u00e6r.<\/p>\n<p>&#8211; Farlig farvann\t<\/p>\n<p>Heller ikke erstatteren til James Braid er kjent. If\u00f8lge Politico har Braid sin siste arbeidsdag i Det hvite hus 30. september.<\/p>\n<p>        <img loading=\"lazy\" decoding=\"async\" src=\"https:\/\/www.europesays.com\/no\/wp-content\/uploads\/2026\/08\/85050976.webp\" width=\"688\" height=\"393\" alt=\"\" class=\"\" style=\"--aspect-ratio-image: 1.75; \"\/><\/p>\n<p>\n        FORLATER TRUMP: James Braid, til h\u00f8yre, har v\u00e6rt Det hvite hus&#8217; viktigste bindeledd til Kongressen. Her sammen med visepresident J.D. Vance, til venstre, og FTC-leder Andrew Ferguson tidligere i august. Foto: Kylie Cooper \/ Reuters \/ NTB\n    <\/p>\n<p>Ogs\u00e5 Ed Martin forlater administrasjonen, men skal fortsette arbeidet for Trumps politiske bevegelse. Trump har opplyst at Martin skal jobbe med juridiske sp\u00f8rsm\u00e5l knyttet til mellomvalget og presidentvalget i 2028.<\/p>\n<p>Politisk analytiker Chris Whipple mener utfordringene framover vil v\u00e6re store, uavhengig av hvem Trump erstatter de avg\u00e5tte medarbeiderne med.<\/p>\n<p>&#8211; Det er ingenting annet enn urolig og farlig farvann i vente, sier han til Politico.<\/p>\n","protected":false},"excerpt":{"rendered":"Flere sentrale medarbeidere forlater Donald Trumps administrasjon samtidig. N\u00e5 advarer flere om en sv\u00e6rt krevende periode for presidenten.&hellip;\n","protected":false},"author":2,"featured_media":332131,"comment_status":"","ping_status":"","sticky":false,"template":"","format":"standard","meta":{"footnotes":"","_share_on_mastodon":"0"},"categories":[12],"tags":[20,21,55,24,25,15,22,23,13,30,28,29,14,16,26,27,50,412,42,43,44,45],"class_list":["post-332130","post","type-post","status-publish","format-standard","has-post-thumbnail","category-verden","tag-breaking-news","tag-breakingnews","tag-donald-trump","tag-featured-news","tag-featurednews","tag-headlines","tag-latest-news","tag-latestnews","tag-news","tag-no","tag-norge","tag-norway","tag-nyheter","tag-overskrifter","tag-top-stories","tag-topstories","tag-usa","tag-utenriks","tag-verden","tag-world","tag-world-news","tag-worldnews"],"share_on_mastodon":{"url":"https:\/\/pubeurope.com\/@no\/117148543645313679","error":""},"_links":{"self":[{"href":"https:\/\/www.europesays.com\/no\/wp-json\/wp\/v2\/posts\/332130","targetHints":{"allow":["GET"]}}],"collection":[{"href":"https:\/\/www.europesays.com\/no\/wp-json\/wp\/v2\/posts"}],"about":[{"href":"https:\/\/www.europesays.com\/no\/wp-json\/wp\/v2\/types\/post"}],"author":[{"embeddable":true,"href":"https:\/\/www.europesays.com\/no\/wp-json\/wp\/v2\/users\/2"}],"replies":[{"embeddable":true,"href":"https:\/\/www.europesays.com\/no\/wp-json\/wp\/v2\/comments?post=332130"}],"version-history":[{"count":0,"href":"https:\/\/www.europesays.com\/no\/wp-json\/wp\/v2\/posts\/332130\/revisions"}],"wp:featuredmedia":[{"embeddable":true,"href":"https:\/\/www.europesays.com\/no\/wp-json\/wp\/v2\/media\/332131"}],"wp:attachment":[{"href":"https:\/\/www.europesays.com\/no\/wp-json\/wp\/v2\/media?parent=332130"}],"wp:term":[{"taxonomy":"category","embeddable":true,"href":"https:\/\/www.europesays.com\/no\/wp-json\/wp\/v2\/categories?post=332130"},{"taxonomy":"post_tag","embeddable":true,"href":"https:\/\/www.europesays.com\/no\/wp-json\/wp\/v2\/tags?post=332130"}],"curies":[{"name":"wp","href":"https:\/\/api.w.org\/{rel}","templated":true}]}}