{"id":332302,"date":"2026-08-24T08:21:14","date_gmt":"2026-08-24T08:21:14","guid":{"rendered":"https:\/\/www.europesays.com\/no\/332302\/"},"modified":"2026-08-24T08:21:14","modified_gmt":"2026-08-24T08:21:14","slug":"hadde-hemmelig-mote","status":"publish","type":"post","link":"https:\/\/www.europesays.com\/no\/332302\/","title":{"rendered":"Hadde hemmelig m\u00f8te"},"content":{"rendered":"<p class=\"kicker \" style=\"\">Trump-alliert m\u00f8tte demokrat-topp:<\/p>\n<p class=\"subtitle \" style=\"\">Midt i den knallharde valgkrigen m\u00f8ttes Donald Trumps svigers\u00f8nn Jared Kushner og demokratenes leder i Representantenes hus, Hakeem Jeffries, bak lukkede d\u00f8rer.<\/p>\n<p>\n    HEMMELIG M\u00d8TE: Donald Trump st\u00e5r midt i en intens valgkamp foran mellomvalget, samtidig som hans svigers\u00f8nn, Jared Kushner, har hatt kontakt med demokratenes ledelse. Foto: Giorgio Viera \/ AFP \/NTB\n  <\/p>\n<p>Mens republikanere og demokrater g\u00e5r til stadig hardere angrep p\u00e5 hverandre foran h\u00f8stens mellomvalg, har to sentrale personer fra hver sin side av amerikansk politikk hatt et privat hemmelig m\u00f8te i New York.<\/p>\n<p>Det skriver avisa <a href=\"https:\/\/www.nytimes.com\/2026\/08\/23\/us\/politics\/jeffries-kushner-private-meeting.html\" rel=\"nofollow noopener\" target=\"_blank\">New York Times.<\/a><\/p>\n<p>If\u00f8lge avisa m\u00f8ttes Trumps svigers\u00f8nn og n\u00e6re r\u00e5dgiver Jared Kushner og demokratenes leder i Representantenes hus, Hakeem Jeffries, for \u00e5 diskutere omr\u00e5der der de kan finne felles grunn.\u00a0<\/p>\n<p>        <img loading=\"lazy\" decoding=\"async\" src=\"https:\/\/www.europesays.com\/no\/wp-content\/uploads\/2026\/08\/85051699.webp\" width=\"667\" height=\"381\" alt=\"\" class=\"\" style=\"--aspect-ratio-image: 1.75; \"\/><\/p>\n<p>\n        KAN BLI SPEAKER: Hakeem Jeffries leder demokratene i Representantenes hus og kan bli speaker dersom partiet vinner flertall ved h\u00f8stens mellomvalg. Foto: J. Scott Applewhite \/ AP Photo \/ NTB\n    <\/p>\n<p>Kilder med kjennskap til m\u00f8tet opplyser til avisa at samtalen blant annet handlet om boligpolitikk, innvandring og \u00f8kte levekostnader.\u00a0<\/p>\n<p>Tidspunktet vekker oppsikt fordi m\u00e5lingene peker mot at demokratene kan vinne flertall i Representantenes hus ved mellomvalget. Dersom det skjer, ligger Jeffries an til \u00e5 bli speaker.<\/p>\n<p>En\u00a0\u00abb\u00f8lle\u00bb\t<\/p>\n<p>M\u00f8tet st\u00e5r i sterk kontrast til den offentlige retorikken mellom partiene.<\/p>\n<p>Trump har tidligere omtalt Jeffries som en b\u00f8lle og en person med lav IQ, if\u00f8lge avisa.<\/p>\n<p>    <a itemprop=\"url\" href=\"https:\/\/www.dagbladet.no\/nyheter\/nokkelpersoner-forlater-trump-ikke-et-godt-tegn\/85050908\" rel=\"nofollow noopener\" target=\"_blank\"><\/p>\n<p>        <img loading=\"lazy\" decoding=\"async\" src=\"https:\/\/www.europesays.com\/no\/wp-content\/uploads\/2026\/08\/85050970.webp\" width=\"180\" height=\"81\" alt=\"\" class=\"lazyload\" style=\"--aspect-ratio-image: 2.22; \"\/><\/p>\n<p>        N\u00f8kkelpersoner forlater Trump: &#8211; Ikke et godt tegn<\/p>\n<p>    <\/a><\/p>\n<p>Jeffries har p\u00e5 sin side gjentatte ganger anklaget Trump for korrupsjon og lovet \u00e5 holde ham ansvarlig dersom demokratene vinner kontroll over Kongresen.\u00a0<\/p>\n<p> Bakgrunnen gj\u00f8r m\u00f8tet mellom Kushner og Jeffries desto mer oppsiktsvekkende.\u00a0<\/p>\n<p>If\u00f8lge <a href=\"https:\/\/apnews.com\/article\/jeffries-kushner-trump-congress-midterms-democrats-58d74003d07ef8bb150677c0040bf9ab\" rel=\"nofollow noopener\" target=\"_blank\">AP<\/a> har Trump bare m\u00f8tt Jeffries \u00e9n gang siden han returnerte til Det hvite hus, og forholdet har v\u00e6rt preget av gjensidige angrep.\u00a0<\/p>\n<p>Etter det m\u00f8tet publiserte Trump blant annet et manipulert bilde av Jeffries og Chuck Schumer som ble kritisert for \u00e5 spille p\u00e5 rasistiske stereotypier. <\/p>\n<p>        MELANIA: USAs f\u00f8rstedame Melania Trump m\u00f8tte i offentligheten for f\u00f8rste gang p\u00e5 over en m\u00e5ned. Video: AP \/ NTB. Reporter: Nicolai Alcaniz.<\/p>\n<p>Ingen av hovedpersonene har \u00f8nsket \u00e5 kommentere det hemmelige m\u00f8tet direkte.<\/p>\n<p>I en uttalelse til avisa signaliserer imidlertid Jeffries at demokratene er \u00e5pne for samarbeid dersom republikanerne beveger seg i deres retning i saker som handler om folks \u00f8konomi.\u00a0<\/p>\n<p>&#8211; Gjennom hele denne kongressperioden har republikanerne styrt etter prinsippet om at det er deres vei eller ingen vei, og det har g\u00e5tt ut over det amerikanske folket, sier Jeffries.\u00a0<\/p>\n<p>    <a itemprop=\"url\" href=\"https:\/\/borsen.dagbladet.no\/nyheter\/full-kollaps-vi-ble-angrepet\/85049444\" rel=\"nofollow noopener\" target=\"_blank\"><\/p>\n<p>        <img loading=\"lazy\" decoding=\"async\" src=\"https:\/\/www.europesays.com\/no\/wp-content\/uploads\/2026\/08\/85049451.webp\" width=\"180\" height=\"81\" alt=\"\" class=\"lazyload\" style=\"--aspect-ratio-image: 2.22; \"\/><\/p>\n<p>        Full kollaps: &#8211; Vi ble angrepet<\/p>\n<p>    <\/a><\/p>\n<p>Han legger til:\u00a0<\/p>\n<p>&#8211; I alle v\u00e5re samtaler med Trump-administrasjonen vil vi fortsette \u00e5 understreke at den \u00f8konomiske pressede hverdagen folk opplever ikke er innbilning, og at det trengs grunnleggende politiske endringer. Vi kjemper for et mer overkommelig Amerika. Sp\u00f8rsm\u00e5let er om republikanerne vil v\u00e6re med p\u00e5 det. <\/p>\n<p>        <img loading=\"lazy\" decoding=\"async\" src=\"https:\/\/www.europesays.com\/no\/wp-content\/uploads\/2026\/08\/85051697.webp\" width=\"688\" height=\"393\" alt=\"\" class=\"\" style=\"--aspect-ratio-image: 1.75; \"\/><\/p>\n<p>\n        BAK LUKKEDE D\u00d8RER: Kushner skal ha diskutert blant annet boligpolitikk, innvandring og levekostnader med demokratenes leder i Representantenes hus. Foto: URS FLUEELER \/ POOL \/ AFP\n    <\/p>\n<p>If\u00f8lge New York Times skal Kushner ha foresl\u00e5tt at Jeffries m\u00f8ter Trumps stabssjef Susie Wiles.<\/p>\n<p>&#8211; En hyggelig fyr\t<\/p>\n<p>Dersom demokratene vinner flertall i Representantenes hus, vil Jeffries havne under press fra partiets venstrefl\u00f8y om \u00e5 bruke makten til \u00e5 utfordre Trump gjennom granskninger og mulig riksrett.<\/p>\n<p>        F\u00c5R OPPMERKSOMHET: Donald Trumps personlige assistent Natalie Harp f\u00e5r stadig mer oppmerksomhet. Reporter: Jostein Sletten \/ Dagbladet<\/p>\n<p>Trump selv har imidlertid nylig gitt uttrykk for at forholdet til Jeffries kan fungere bedre enn mange tror.\u00a0<\/p>\n<p>&#8211; Jeg synes han er en hyggelig fyr. Jeg ville sannsynligvis kommet veldig godt overens med ham, sa Trump i et nylig intervju med Punchbowl News da han ble spurt om Jeffries.\u00a0<\/p>\n","protected":false},"excerpt":{"rendered":"Trump-alliert m\u00f8tte demokrat-topp: Midt i den knallharde valgkrigen m\u00f8ttes Donald Trumps svigers\u00f8nn Jared Kushner og demokratenes leder i&hellip;\n","protected":false},"author":2,"featured_media":332303,"comment_status":"","ping_status":"","sticky":false,"template":"","format":"standard","meta":{"footnotes":"","_share_on_mastodon":"0"},"categories":[12],"tags":[20,21,24,25,15,22,23,13,30,28,29,14,16,26,27,412,42,43,44,45],"class_list":["post-332302","post","type-post","status-publish","format-standard","has-post-thumbnail","category-verden","tag-breaking-news","tag-breakingnews","tag-featured-news","tag-featurednews","tag-headlines","tag-latest-news","tag-latestnews","tag-news","tag-no","tag-norge","tag-norway","tag-nyheter","tag-overskrifter","tag-top-stories","tag-topstories","tag-utenriks","tag-verden","tag-world","tag-world-news","tag-worldnews"],"share_on_mastodon":{"url":"https:\/\/pubeurope.com\/@no\/117149518833063528","error":""},"_links":{"self":[{"href":"https:\/\/www.europesays.com\/no\/wp-json\/wp\/v2\/posts\/332302","targetHints":{"allow":["GET"]}}],"collection":[{"href":"https:\/\/www.europesays.com\/no\/wp-json\/wp\/v2\/posts"}],"about":[{"href":"https:\/\/www.europesays.com\/no\/wp-json\/wp\/v2\/types\/post"}],"author":[{"embeddable":true,"href":"https:\/\/www.europesays.com\/no\/wp-json\/wp\/v2\/users\/2"}],"replies":[{"embeddable":true,"href":"https:\/\/www.europesays.com\/no\/wp-json\/wp\/v2\/comments?post=332302"}],"version-history":[{"count":0,"href":"https:\/\/www.europesays.com\/no\/wp-json\/wp\/v2\/posts\/332302\/revisions"}],"wp:featuredmedia":[{"embeddable":true,"href":"https:\/\/www.europesays.com\/no\/wp-json\/wp\/v2\/media\/332303"}],"wp:attachment":[{"href":"https:\/\/www.europesays.com\/no\/wp-json\/wp\/v2\/media?parent=332302"}],"wp:term":[{"taxonomy":"category","embeddable":true,"href":"https:\/\/www.europesays.com\/no\/wp-json\/wp\/v2\/categories?post=332302"},{"taxonomy":"post_tag","embeddable":true,"href":"https:\/\/www.europesays.com\/no\/wp-json\/wp\/v2\/tags?post=332302"}],"curies":[{"name":"wp","href":"https:\/\/api.w.org\/{rel}","templated":true}]}}