{"id":332454,"date":"2026-08-24T10:56:11","date_gmt":"2026-08-24T10:56:11","guid":{"rendered":"https:\/\/www.europesays.com\/no\/332454\/"},"modified":"2026-08-24T10:56:11","modified_gmt":"2026-08-24T10:56:11","slug":"shelley-fabares-er-dod-coach-og-the-donna-reed-show-stjernen-ble-82-ar","status":"publish","type":"post","link":"https:\/\/www.europesays.com\/no\/332454\/","title":{"rendered":"Shelley Fabares er d\u00f8d \u2013 \u00abCoach\u00bb- og \u00abThe Donna Reed Show\u00bb-stjernen ble 82 \u00e5r"},"content":{"rendered":"<p class=\"kicker \" style=\"\">Shelley Fabares:<\/p>\n<p class=\"subtitle \" style=\"\">Den kjente skuespilleren og artisten er d\u00f8d &#8211; etter en eventyrlig karriere.<\/p>\n<p>\n    SPILTE MOT ELVIS: I filmene \u00abGirl Happy\u00bb, \u00abSpinout\u00bb og \u00abClambake\u00bb spilte Shelley Faberes mot Elvis Presley. Foto: Bei \/ REX \/ NTB\n  <\/p>\n<p>Skuespiller Shelley Fabares er d\u00f8d, det skriver blant andre <a href=\"https:\/\/people.com\/shelley-fabares-dead-actress-donna-reed-show-coach-8682907\" rel=\"nofollow noopener\" target=\"_blank\">People<\/a>,\u00a0<a href=\"https:\/\/www.dailymail.com\/tvshowbiz\/article-16074683\/shelley-fabares-dead-82-coach-donna-reed-elvis-presley.html?ns_mchannel=rss&amp;ns_campaign=1490&amp;ito=1490\" rel=\"nofollow noopener\" target=\"_blank\">Daily Mail<\/a> og <a href=\"https:\/\/pagesix.com\/2026\/08\/23\/celebrity-news\/shelley-fabares-star-of-coach-and-the-donna-reed-show-dead-at-82\/\" rel=\"nofollow noopener\" target=\"_blank\">Page Six<\/a>.<\/p>\n<p>Shelley gikk bort 22. august, og ble 82 \u00e5r gammel.<\/p>\n<p>    <a itemprop=\"url\" href=\"https:\/\/www.seher.no\/kjendis\/hjerteskjaerende-intense-smerter\/85051590\" rel=\"nofollow noopener\" target=\"_blank\"><\/p>\n<p>        <img loading=\"lazy\" decoding=\"async\" src=\"https:\/\/www.europesays.com\/no\/wp-content\/uploads\/2026\/08\/85051700.webp\" width=\"147\" height=\"98\" alt=\"\" class=\"lazyload\" style=\"--aspect-ratio-image: 1.50; \"\/><\/p>\n<p>        Hjerteskj\u00e6rende: Intense smerter<\/p>\n<p>    <\/a><\/p>\n<p>Hun var b\u00e5de skuespiller og artist, men er trolig best kjent for \u00e5 ha spilt i \u00abCoach\u00bb og \u00abThe Donna Reed Show\u00bb. I tillegg spilte hun i hele tre filmer sammen med Elvis Presley, samt medvirket i \u00abMork &amp; Mindy\u00bb med Robin Williams.<\/p>\n<p>        Skapte enorme overskrifter \u2013 n\u00e5 er det stille \/\/ Foto: NTB \/\/ Stemme: AI \/\/ Klipp: Nico Aagaard<\/p>\n<p>Hun hadde med andre ord en eventyrlig karriere f\u00f8r hun gikk bort.<\/p>\n<p>        <img loading=\"lazy\" decoding=\"async\" src=\"https:\/\/www.europesays.com\/no\/wp-content\/uploads\/2026\/08\/85052347.webp\" width=\"686\" height=\"570\" alt=\"\" class=\"\" style=\"--aspect-ratio-image: 1.20; \"\/><\/p>\n<p>\n        \u00abCLAMBAKE\u00bb: Shelley under innspilingen av filmen \u00abClambake\u00bb. Foto: Snap Stills \/ REX \/ NTB\n    <\/p>\n<p>Det er Shelleys familie som har bekreftet d\u00f8dsfallet overfor People, og hun skal ha g\u00e5tt bort i Los Angeles med sine n\u00e6rmeste rundt seg.<\/p>\n<p>Hun etterlater seg en ektemann, stebarn og resten av familien.<\/p>\n<p>&#8211; Shelley var en kilde av kj\u00e6rlighet, styrke, latter og tr\u00f8st. Hun var en dedikert kone, en fantastisk stemor, datter, s\u00f8ster, niese, tante, familiemedlem og en lojal venn hvis varme, sjener\u00f8sitet, humor og mildhet gjorde en stor forskjell i livet til dem som kjente henne. Hun hadde en enest\u00e5ende egenskap til \u00e5 f\u00e5 folk til \u00e5 f\u00f8le seg velkommen, satt pris p\u00e5 og tatt vare p\u00e5, heter det i familiens uttalelse.<\/p>\n<p>        IKKE IMPONERT: KKs moteredakt\u00f8r er ikke like begeistret for alle valgene kronprinsesse Mette-Marit og prinsesse Ingrid Alexandra har tatt. Foto: Programleder: Caroline Vagle \/\/ Foto: NTB \/\/ Produsent og klipp: Sofia Bj\u00f6rlin<\/p>\n<p>De sier videre at Shelley for millioner vil huskes som en fremragende skuespiller, men at det for familien er de personlige og private minnene som betyr noe.<\/p>\n<p>&#8211; Kj\u00e6rligheten hun ga s\u00e5 fritt, vennskapene hun satte s\u00e5 pris p\u00e5, og familieb\u00e5ndene hun holdt s\u00e5 tett til hjertet.<\/p>\n<p>    <a itemprop=\"url\" href=\"https:\/\/www.seher.no\/kjendis\/ikke-skjedd-pa-30-ar\/85024445\" rel=\"nofollow noopener\" target=\"_blank\"><\/p>\n<p>        <img loading=\"lazy\" decoding=\"async\" src=\"https:\/\/www.europesays.com\/no\/wp-content\/uploads\/2026\/08\/1787568971_51_85023705.webp\" width=\"147\" height=\"98\" alt=\"\" class=\"lazyload\" style=\"--aspect-ratio-image: 1.50; \"\/><\/p>\n<p>        Ikke skjedd p\u00e5 30 \u00e5r<\/p>\n<p>    <\/a><\/p>\n<p>Familien sier videre at de kommer til \u00e5 savne henne dypt, b\u00e5de som artist, men ogs\u00e5 som den ekstraordin\u00e6re personen hun var for dem.<\/p>\n<p>&#8211; Vi er s\u00f8nderknuste etter d\u00f8dsfallet, men enormt takknemlige for \u00e5rene vi hadde med henne, og for gleden, omsorgen og kj\u00e6rligheten hun ga til s\u00e5 mange.<\/p>\n<p>Videre ber familien om privatliv mens de s\u00f8rger.<\/p>\n","protected":false},"excerpt":{"rendered":"Shelley Fabares: Den kjente skuespilleren og artisten er d\u00f8d &#8211; etter en eventyrlig karriere. SPILTE MOT ELVIS: I&hellip;\n","protected":false},"author":2,"featured_media":332455,"comment_status":"","ping_status":"","sticky":false,"template":"","format":"standard","meta":{"footnotes":"","_share_on_mastodon":"0"},"categories":[12],"tags":[20,21,576,24,25,15,479,22,23,13,30,28,29,14,16,25948,3318,26,27,42,43,44,45],"class_list":["post-332454","post","type-post","status-publish","format-standard","has-post-thumbnail","category-verden","tag-breaking-news","tag-breakingnews","tag-dodsfall","tag-featured-news","tag-featurednews","tag-headlines","tag-kjendis","tag-latest-news","tag-latestnews","tag-news","tag-no","tag-norge","tag-norway","tag-nyheter","tag-overskrifter","tag-shelley-fabares","tag-skuespiller","tag-top-stories","tag-topstories","tag-verden","tag-world","tag-world-news","tag-worldnews"],"share_on_mastodon":{"url":"https:\/\/pubeurope.com\/@no\/117150128279804181","error":""},"_links":{"self":[{"href":"https:\/\/www.europesays.com\/no\/wp-json\/wp\/v2\/posts\/332454","targetHints":{"allow":["GET"]}}],"collection":[{"href":"https:\/\/www.europesays.com\/no\/wp-json\/wp\/v2\/posts"}],"about":[{"href":"https:\/\/www.europesays.com\/no\/wp-json\/wp\/v2\/types\/post"}],"author":[{"embeddable":true,"href":"https:\/\/www.europesays.com\/no\/wp-json\/wp\/v2\/users\/2"}],"replies":[{"embeddable":true,"href":"https:\/\/www.europesays.com\/no\/wp-json\/wp\/v2\/comments?post=332454"}],"version-history":[{"count":0,"href":"https:\/\/www.europesays.com\/no\/wp-json\/wp\/v2\/posts\/332454\/revisions"}],"wp:featuredmedia":[{"embeddable":true,"href":"https:\/\/www.europesays.com\/no\/wp-json\/wp\/v2\/media\/332455"}],"wp:attachment":[{"href":"https:\/\/www.europesays.com\/no\/wp-json\/wp\/v2\/media?parent=332454"}],"wp:term":[{"taxonomy":"category","embeddable":true,"href":"https:\/\/www.europesays.com\/no\/wp-json\/wp\/v2\/categories?post=332454"},{"taxonomy":"post_tag","embeddable":true,"href":"https:\/\/www.europesays.com\/no\/wp-json\/wp\/v2\/tags?post=332454"}],"curies":[{"name":"wp","href":"https:\/\/api.w.org\/{rel}","templated":true}]}}