{"id":332508,"date":"2026-08-24T11:58:15","date_gmt":"2026-08-24T11:58:15","guid":{"rendered":"https:\/\/www.europesays.com\/no\/332508\/"},"modified":"2026-08-24T11:58:15","modified_gmt":"2026-08-24T11:58:15","slug":"jakob-ingebrigtsen-og-josh-kerr-motes-til-duell-pa-1500-meter-i-ultimate-championship","status":"publish","type":"post","link":"https:\/\/www.europesays.com\/no\/332508\/","title":{"rendered":"Jakob Ingebrigtsen og Josh Kerr m\u00f8tes til duell p\u00e5 1500 meter i Ultimate Championship"},"content":{"rendered":"\n<p class=\"_lead_145nj_2 _lead_6fko5_53 layout-component text-serif-m layout-normal text-serif-l layout-component layout-wide layout-padded _wide_17hqh_1 layout-padded\">De to erkerivalene har f\u00e5tt spesialinvitasjon til \u00e5 l\u00f8pe 1500 meter i Ultimate Championship.<\/p>\n<p><img alt=\" Foto: Mike Egerton \/ Pa Photos \/ NTB\" class=\"_image_jw3bv_65 layout-component layout-wide\" data-fullscreen- data-track-element-type=\"Article image fullscreen\" data-track-name=\"ImageFullscreen\" fetchpriority=\"high\" decoding=\"sync\" loading=\"eager\" height=\"4000\" itemprop=\"image\"  src=\"https:\/\/www.europesays.com\/no\/wp-content\/uploads\/2026\/08\/abc2acf6-2481-361d-8115-17eee8841c27.jpeg\"  style=\"object-position:0% 0%\" width=\"6000\"\/> Foto: Mike Egerton \/ Pa Photos \/ NTB<\/p>\n<ul aria-hidden=\"true\" class=\"_images_ntbth_112\">\n<li><a class=\"_link_ntbth_117\" href=\"https:\/\/www.vg.no\/forfatter\/helene-husvik\" style=\"z-index:1\" title=\"Helene Husvik\" rel=\"nofollow noopener\" target=\"_blank\"><img alt=\"Bilde av Helene Husvik\" class=\"_image_ntbth_93\" fetchpriority=\"low\" loading=\"lazy\" decoding=\"async\" itemprop=\"image\"  src=\"https:\/\/www.europesays.com\/no\/wp-content\/uploads\/2026\/08\/1787572695_826_a3928b48-9cc9-4de6-95d7-c5a5e63b6a91.jpeg\"  width=\"480\"\/><\/a><\/li>\n<\/ul>\n<p> Oppdatert mandag 24. august kl. 13:43     <\/p>\n<p class=\"_paragraph_145nj_4 _paragraph_6fko5_10 layout-component text-serif-m layout-normal text-serif-m layout-padded\">Rivaliseringen mellom <a href=\"https:\/\/www.vg.no\/tag\/jakob-ingebrigtsen?utm_source=vg-article&amp;utm_medium=auto-tagger&amp;utm_campaign=2pXl0r\" class=\"_link_145nj_39\" rel=\"nofollow noopener\" target=\"_blank\">Jakob Ingebrigtsen<\/a> og Josh Kerr fortsetter. <\/p>\n<p class=\"_paragraph_145nj_4 _paragraph_6fko5_10 layout-component text-serif-m layout-normal text-serif-m layout-padded\">N\u00e5 er det klart at begge stiller til start p\u00e5 1500 meter under Ultimate Championship i Budapest 11.\u201313. september,\u00a0<a href=\"https:\/\/worldathletics.org\/competitions\/world-athletics-ultimate-championship\/2026\/news\/press-releases\/exceptional-invitations-ultimate-championship\" class=\"_link_145nj_39\" rel=\"nofollow noopener\" target=\"_blank\">skriver World Athletics i en pressemelding<\/a>.<\/p>\n<p class=\"_paragraph_145nj_4 _paragraph_6fko5_10 layout-component text-serif-m layout-normal text-serif-m layout-padded\">De to har lenge kranglet b\u00e5de p\u00e5 banen og i mediene. Kerr, som ble verdensmester i 2023, satte verdensrekord p\u00e5 engelsk mil i London i juli med tiden 3.42,66. Ingebrigtsen er olympisk mester p\u00e5 1500 meter i 2021.<\/p>\n<p class=\"_paragraph_145nj_4 _paragraph_6fko5_10 layout-component text-serif-m layout-normal text-serif-m layout-padded\">\u2013 Jeg er spent p\u00e5 \u00e5 l\u00f8pe 1500-meteren i Ultimate Championship. Jeg har tatt noen valg denne sesongen som har skapt mye st\u00f8y, men jeg har alltid \u00f8nsket \u00e5 bevise meg i de st\u00f8rste l\u00f8pene, mot de beste i verden, sier Kerr i pressemeldingen.<\/p>\n<p class=\"_paragraph_145nj_4 _paragraph_6fko5_10 layout-component text-serif-m layout-normal text-serif-m layout-padded\">Ingebrigtsen var allerede kvalifisert til 5000 meter som regjerende olympisk mester. N\u00e5 l\u00f8per han begge distansene.<\/p>\n<p class=\"_paragraph_145nj_4 _paragraph_6fko5_10 layout-component text-serif-m layout-normal text-serif-m layout-padded\">\u2013 Jeg elsker \u00e5 konkurrere og pr\u00f8ver \u00e5 gj\u00f8re s\u00e5 mye jeg kan. Jeg gleder meg til \u00e5 l\u00f8pe i Budapest, sier Ingebrigtsen.<\/p>\n<p class=\"_paragraph_145nj_4 _paragraph_6fko5_10 layout-component text-serif-m layout-normal text-serif-m layout-padded\">Feltet p\u00e5 1500 meter blir utvidet til 13 l\u00f8pere for \u00e5 f\u00e5 plass til begge. Der venter ogs\u00e5 OL-vinner Cole Hocker fra USA og regjerende verdensmester Isaac Nader fra Portugal. Mesterskapet har en samlet premiepott p\u00e5 hele 10 millioner dollar.<\/p>\n","protected":false},"excerpt":{"rendered":"De to erkerivalene har f\u00e5tt spesialinvitasjon til \u00e5 l\u00f8pe 1500 meter i Ultimate Championship. Foto: Mike Egerton \/&hellip;\n","protected":false},"author":2,"featured_media":332509,"comment_status":"","ping_status":"","sticky":false,"template":"","format":"standard","meta":{"footnotes":"","_share_on_mastodon":"0"},"categories":[59],"tags":[423,422,24441,30,28,29,83,82],"class_list":["post-332508","post","type-post","status-publish","format-standard","has-post-thumbnail","category-sport","tag-friidrett","tag-jakob-ingebrigtsen","tag-josh-kerr","tag-no","tag-norge","tag-norway","tag-sport","tag-sports"],"share_on_mastodon":{"url":"https:\/\/pubeurope.com\/@no\/117150371447852662","error":""},"_links":{"self":[{"href":"https:\/\/www.europesays.com\/no\/wp-json\/wp\/v2\/posts\/332508","targetHints":{"allow":["GET"]}}],"collection":[{"href":"https:\/\/www.europesays.com\/no\/wp-json\/wp\/v2\/posts"}],"about":[{"href":"https:\/\/www.europesays.com\/no\/wp-json\/wp\/v2\/types\/post"}],"author":[{"embeddable":true,"href":"https:\/\/www.europesays.com\/no\/wp-json\/wp\/v2\/users\/2"}],"replies":[{"embeddable":true,"href":"https:\/\/www.europesays.com\/no\/wp-json\/wp\/v2\/comments?post=332508"}],"version-history":[{"count":0,"href":"https:\/\/www.europesays.com\/no\/wp-json\/wp\/v2\/posts\/332508\/revisions"}],"wp:featuredmedia":[{"embeddable":true,"href":"https:\/\/www.europesays.com\/no\/wp-json\/wp\/v2\/media\/332509"}],"wp:attachment":[{"href":"https:\/\/www.europesays.com\/no\/wp-json\/wp\/v2\/media?parent=332508"}],"wp:term":[{"taxonomy":"category","embeddable":true,"href":"https:\/\/www.europesays.com\/no\/wp-json\/wp\/v2\/categories?post=332508"},{"taxonomy":"post_tag","embeddable":true,"href":"https:\/\/www.europesays.com\/no\/wp-json\/wp\/v2\/tags?post=332508"}],"curies":[{"name":"wp","href":"https:\/\/api.w.org\/{rel}","templated":true}]}}