{"id":332524,"date":"2026-08-24T12:11:18","date_gmt":"2026-08-24T12:11:18","guid":{"rendered":"https:\/\/www.europesays.com\/no\/332524\/"},"modified":"2026-08-24T12:11:18","modified_gmt":"2026-08-24T12:11:18","slug":"tidligere-statsminister-siim-kallas-er-dod","status":"publish","type":"post","link":"https:\/\/www.europesays.com\/no\/332524\/","title":{"rendered":"Tidligere statsminister Siim Kallas er d\u00f8d"},"content":{"rendered":"<p class=\"kicker text-red color_mobile_text-red hasTextColor hasTextColorMobile\" style=\"\">Estland:<\/p>\n<p class=\"subtitle \" style=\"\">Tidligere statsminister i Estland og langvarig EU-kommiss\u00e6r Siim Kallas er d\u00f8d, 77 \u00e5r gammel.<\/p>\n<p>\n    Siim Kallas da han var EU-kommiss\u00e6r for samferdsel i 2013. Foto: Yves Logghe \/ AP \/ NTB\n  <\/p>\n<p>\u2013 Det er med dyp sorg at jeg m\u00e5 meddele at min kj\u00e6re far Siim Kallas d\u00f8de i natt, skriver hans datter Kaja Kallas, som er EUs utenrikssjef, i sosiale medier l\u00f8rdag.<\/p>\n<p>Kallas spilte en st\u00f8rre rolle i estisk politikk enn nesten noen andre siden Estlands selvstendighet i 1991.<\/p>\n<p>Han var etter hvert b\u00e5de statsminister, utenriksminister, finansminister og sentralbanksjef, og etter at Estland ble medlem av EU i 2004, var han i mange \u00e5r EU-kommiss\u00e6r.<\/p>\n<p>Han stilte som presidentkandidat i 2016, men vant ikke, og i 2019 ble han valgt til medlem av nasjonalforsamlingen, et verv han trakk seg fra i 2024 av helsegrunner.<\/p>\n","protected":false},"excerpt":{"rendered":"Estland: Tidligere statsminister i Estland og langvarig EU-kommiss\u00e6r Siim Kallas er d\u00f8d, 77 \u00e5r gammel. Siim Kallas da&hellip;\n","protected":false},"author":2,"featured_media":332525,"comment_status":"","ping_status":"","sticky":false,"template":"","format":"standard","meta":{"footnotes":"","_share_on_mastodon":"0"},"categories":[12],"tags":[20,21,576,3139,24,25,15,479,22,23,13,30,28,29,14,16,41,26,27,42,43,44,45],"class_list":["post-332524","post","type-post","status-publish","format-standard","has-post-thumbnail","category-verden","tag-breaking-news","tag-breakingnews","tag-dodsfall","tag-estland","tag-featured-news","tag-featurednews","tag-headlines","tag-kjendis","tag-latest-news","tag-latestnews","tag-news","tag-no","tag-norge","tag-norway","tag-nyheter","tag-overskrifter","tag-politikk","tag-top-stories","tag-topstories","tag-verden","tag-world","tag-world-news","tag-worldnews"],"share_on_mastodon":{"url":"https:\/\/pubeurope.com\/@no\/117150422837811602","error":""},"_links":{"self":[{"href":"https:\/\/www.europesays.com\/no\/wp-json\/wp\/v2\/posts\/332524","targetHints":{"allow":["GET"]}}],"collection":[{"href":"https:\/\/www.europesays.com\/no\/wp-json\/wp\/v2\/posts"}],"about":[{"href":"https:\/\/www.europesays.com\/no\/wp-json\/wp\/v2\/types\/post"}],"author":[{"embeddable":true,"href":"https:\/\/www.europesays.com\/no\/wp-json\/wp\/v2\/users\/2"}],"replies":[{"embeddable":true,"href":"https:\/\/www.europesays.com\/no\/wp-json\/wp\/v2\/comments?post=332524"}],"version-history":[{"count":0,"href":"https:\/\/www.europesays.com\/no\/wp-json\/wp\/v2\/posts\/332524\/revisions"}],"wp:featuredmedia":[{"embeddable":true,"href":"https:\/\/www.europesays.com\/no\/wp-json\/wp\/v2\/media\/332525"}],"wp:attachment":[{"href":"https:\/\/www.europesays.com\/no\/wp-json\/wp\/v2\/media?parent=332524"}],"wp:term":[{"taxonomy":"category","embeddable":true,"href":"https:\/\/www.europesays.com\/no\/wp-json\/wp\/v2\/categories?post=332524"},{"taxonomy":"post_tag","embeddable":true,"href":"https:\/\/www.europesays.com\/no\/wp-json\/wp\/v2\/tags?post=332524"}],"curies":[{"name":"wp","href":"https:\/\/api.w.org\/{rel}","templated":true}]}}