{"id":33257,"date":"2025-09-12T07:21:10","date_gmt":"2025-09-12T07:21:10","guid":{"rendered":"https:\/\/www.europesays.com\/no\/33257\/"},"modified":"2025-09-12T07:21:10","modified_gmt":"2025-09-12T07:21:10","slug":"domenenavnet-ser-ut-til-a-bekrefte-tittelen-pa-oppfolgeren-til-the-super-mario-bros-movie-the-super-mario-bros-movie-2","status":"publish","type":"post","link":"https:\/\/www.europesays.com\/no\/33257\/","title":{"rendered":"Domenenavnet ser ut til \u00e5 bekrefte tittelen p\u00e5 oppf\u00f8lgeren til The Super Mario Bros. Movie &#8211; The Super Mario Bros. Movie 2"},"content":{"rendered":"<p>Det er nok en enorm dag for Nintendo-fans, for i ettermiddag, klokken 14:00 BST\/15:00 CEST <a href=\"https:\/\/www.gamereactor.no\/nintendo-direct-kunngjort-for-fredag-12-september-pa-nintendo-today-1860603\/\" target=\"_blank\" title=\"Nintendo Direct kunngjort for fredag 12. september\" rel=\"nofollow noopener\">, vil den neste Nintendo Direct finne sted<\/a>. Vi vet at det blir et 60-minutters show, og siden det skjer nesten p\u00e5 dagen 40 \u00e5r etter at Super Mario Bros. ble lansert, m\u00e5 vi anta at det ogs\u00e5 kommer til \u00e5 fungere som en liten feiringsstr\u00f8m for den enorme milep\u00e6len.<\/p>\n<p>Fans har lurt p\u00e5 om dette betyr at vi er i vente for noen Mario-overraskelser, og selv om vi ikke vil vite det f\u00f8r showet skjer, har en godbit allerede blitt bortskjemt av tingenes utseende.<\/p>\n<p>Som lagt merke til av Necrolipe f\u00f8rst og utvidet av Wario64, har et domenenavn blitt registrert for det som helt klart vil v\u00e6re oppf\u00f8lgeren til The Super Mario Bros. Movie. P\u00e5 samme m\u00e5te som Universal registrerte &laquo;thesupermariobros.movie&raquo; som et domene for den originale filmen, har n\u00e5 et domene kalt &laquo;supermariogalaxy.movie&raquo; ogs\u00e5 blitt registrert.<\/p>\n<blockquote class=\"twitter-tweet\" data-theme=\"dark\"><p><a href=\"https:\/\/twitter.com\/necrolipe\/status\/1966196994575315449?ref_src=twsrc%5Etfw\" rel=\"nofollow noopener\" target=\"_blank\"><\/p><\/blockquote>\n<blockquote class=\"twitter-tweet\" data-theme=\"dark\"><p><a href=\"https:\/\/twitter.com\/wario64\/status\/1966207156522254476?ref_src=twsrc%5Etfw\" rel=\"nofollow noopener\" target=\"_blank\"><\/p><\/blockquote>\n<p>S\u00e5 tilsynelatende vil oppf\u00f8lgerfilmen v\u00e6re Super Mario Galaxy, som tar r\u00f8rleggeren med r\u00f8d hatt p\u00e5 et eventyr i kosmos. At denne informasjonen kommer ut n\u00e5r den har gjort det, tyder ogs\u00e5 p\u00e5 at vi f\u00f8rst vil m\u00f8te prosjektet i ettermiddag p\u00e5 Direct, selv om det fortsatt er uklart om det er i form av en trailer eller bare en kunngj\u00f8ring fra Shigeru Miyamoto.<\/p>\n<p>N\u00e5r det gjelder premieredato, vil filmen debutere 3. april 2026.<\/p>\n<p><img loading=\"lazy\" decoding=\"async\" id=\"img-1861903-204417\" data-fullsize=\"\/media\/44\/supermariogalaxy_204417b.jpg\" data-lazy=\"\" src=\"https:\/\/www.gamereactor.nohttps:\/\/www.gamereactor.no\/media\/44\/supermariogalaxy_204417_650x.jpg\" width=\"650\" onclick=\"if (!window.__cfRLUnblockHandlers) return false; gallery_openmodal('1861903','204417',false,'2a5e1c52752a71a87c5c2cc5d594dfc0');\" height=\"369\" alt=\"The Super Mario Bros. Movie 2\" class=\"rwd_col_content lazy\" data-cf-modified-7e144e347185e6a0db10098f-=\"\"\/><script async src=\"https:\/\/platform.twitter.com\/widgets.js\" charset=\"utf-8\"><\/script><\/p>\n","protected":false},"excerpt":{"rendered":"Det er nok en enorm dag for Nintendo-fans, for i ettermiddag, klokken 14:00 BST\/15:00 CEST , vil den&hellip;\n","protected":false},"author":2,"featured_media":33258,"comment_status":"","ping_status":"","sticky":false,"template":"","format":"standard","meta":{"footnotes":""},"categories":[57],"tags":[30,28,29,65,63,64,66,70,69,67,68],"class_list":{"0":"post-33257","1":"post","2":"type-post","3":"status-publish","4":"format-standard","5":"has-post-thumbnail","7":"category-vitenskap-og-teknologi","8":"tag-no","9":"tag-norge","10":"tag-norway","11":"tag-science","12":"tag-science-and-technology","13":"tag-scienceandtechnology","14":"tag-technology","15":"tag-teknologi","16":"tag-vitenskap","17":"tag-vitenskap-og-teknologi","18":"tag-vitenskapteknologi"},"share_on_mastodon":{"url":"","error":""},"_links":{"self":[{"href":"https:\/\/www.europesays.com\/no\/wp-json\/wp\/v2\/posts\/33257","targetHints":{"allow":["GET"]}}],"collection":[{"href":"https:\/\/www.europesays.com\/no\/wp-json\/wp\/v2\/posts"}],"about":[{"href":"https:\/\/www.europesays.com\/no\/wp-json\/wp\/v2\/types\/post"}],"author":[{"embeddable":true,"href":"https:\/\/www.europesays.com\/no\/wp-json\/wp\/v2\/users\/2"}],"replies":[{"embeddable":true,"href":"https:\/\/www.europesays.com\/no\/wp-json\/wp\/v2\/comments?post=33257"}],"version-history":[{"count":0,"href":"https:\/\/www.europesays.com\/no\/wp-json\/wp\/v2\/posts\/33257\/revisions"}],"wp:featuredmedia":[{"embeddable":true,"href":"https:\/\/www.europesays.com\/no\/wp-json\/wp\/v2\/media\/33258"}],"wp:attachment":[{"href":"https:\/\/www.europesays.com\/no\/wp-json\/wp\/v2\/media?parent=33257"}],"wp:term":[{"taxonomy":"category","embeddable":true,"href":"https:\/\/www.europesays.com\/no\/wp-json\/wp\/v2\/categories?post=33257"},{"taxonomy":"post_tag","embeddable":true,"href":"https:\/\/www.europesays.com\/no\/wp-json\/wp\/v2\/tags?post=33257"}],"curies":[{"name":"wp","href":"https:\/\/api.w.org\/{rel}","templated":true}]}}