{"id":332658,"date":"2026-08-24T14:41:35","date_gmt":"2026-08-24T14:41:35","guid":{"rendered":"https:\/\/www.europesays.com\/no\/332658\/"},"modified":"2026-08-24T14:41:35","modified_gmt":"2026-08-24T14:41:35","slug":"far-dieselsjokk-pa-over-100-000-i-maneden-ta-til-fornuft-og-snu-adressa-no","status":"publish","type":"post","link":"https:\/\/www.europesays.com\/no\/332658\/","title":{"rendered":"F\u00e5r dieselsjokk p\u00e5 over 100 000 i m\u00e5neden: \u2013 Ta til fornuft og snu &#8211; adressa.no"},"content":{"rendered":"<ol>\n<li><a href=\"https:\/\/news.google.com\/rss\/articles\/CBMiuAFBVV95cUxPdWdELVplU3NaTE15TGxINW9US2Jrc205Q2VwcEZIbE83eFR3T0NGcUdSSkMwTk1hY1A1dXlycTNJZ0JOTmFPM3pPVnBWUWkzVm16UGh5Q0Y3eFFCR0xIN3h0WGJpbWxaQzFqRTEwR0FkM2NYOV9JY0c2SGs3eVZNM0lNb2RONEluYlFXbjdYUUJMaVgxMnY5TUV6aEpjN19oeWxGcHdoV29nMTF1c2gyWXNaSThyaWJF?oc=5\" target=\"_blank\" rel=\"nofollow noopener\">F\u00e5r dieselsjokk p\u00e5 over 100 000 i m\u00e5neden: \u2013 Ta til fornuft og snu<\/a>&nbsp;&nbsp;adressa.no<\/li>\n<li><a href=\"https:\/\/news.google.com\/rss\/articles\/CBMilwFBVV95cUxOVzQ3VU5UeU5UZG4tcGRtYl94Mjk0SC1pc25XWXBVOVk4bXQ1U1BXUmNKc0VtSnBSaEM2azRLdjJYNktoU3N1eTZPRFUxbDczX3FCd1dqdFVvbGU2UnFoQ0tfd243V01hVWRGNVdXMHRVUmVqaGJKRWo1cEVBV1B3MHJUdXlteUMtMUNqdWR1OHRFekNOWlFB?oc=5\" target=\"_blank\" rel=\"nofollow noopener\">10 nye kommuner st\u00f8tter oppropet mot H\u00f8yre-ledelsen<\/a>&nbsp;&nbsp;VG<\/li>\n<li><a href=\"https:\/\/news.google.com\/rss\/articles\/CBMirAFBVV95cUxOeDdaSUpFeFVVNjZCWi1FMzNkUHZFX21DVHN1OE5UM19ER3lZZUtJQWZib0Jna0pLNGh1QTlKUlI5ZGJkYTY3eV85ZXN2TWZHb0htcjRyX21EaWQ0OFhjQ010MGpSV05TNkkwVGgzeEdKdkthSlJBUDBmUTU1emh5X25oUDc0UXBscHZQZGtsdVU4cGZfdEI1aUJnc216blBtVzN2RFRCOHRIa0VE?oc=5\" target=\"_blank\" rel=\"nofollow noopener\">N\u00e5r andre snur, st\u00e5r Senterpartiet p\u00e5 for distriktene<\/a>&nbsp;&nbsp;Nationen<\/li>\n<li><a href=\"https:\/\/news.google.com\/rss\/articles\/CBMingFBVV95cUxORXBqTTJkSmxTWXd3TDZHd1JyakRlSjlkSjhuZVU2cnhJR2RKWE5HdGJsbDZ1cllNcXZwZmswcXRteU83TUZGaEdwRGVzc3o2eGZQcV9iNjRzUW1adWRnU2VDUEtVajZSUVR0TEVic19neE1ESDVaS2puM29tamZmTENWQk9HWW80N2xJMEFRY0FuYS1IZHhBNzRlQm1Ddw?oc=5\" target=\"_blank\" rel=\"nofollow noopener\">Hammerfest H\u00f8yre st\u00f8tter oppropet mot partiledelsen<\/a>&nbsp;&nbsp;NRK<\/li>\n<li><a href=\"https:\/\/news.google.com\/rss\/articles\/CBMiiwFBVV95cUxNY2xrbmtPMFA2cXk4bVRmNGNkci1ka3JuNW5SdU92eW9kdjlpa2IxX3N0dWxJbmRMZTY5LXdHeUVjMjRhRlYzWWZLcFUwOFZpQkVBX256MDlpQUlRV2xTZGdtTWNvVXlvMzZHSWx0QU1hSUVHZkFPN2VZaWNGMWNZVEJUc0NFNHVmanFV?oc=5\" target=\"_blank\" rel=\"nofollow noopener\">Drivstoffprisene: \u2013 Det holder ikke med gode kronikker<\/a>&nbsp;&nbsp;ht.no<\/li>\n<\/ol>\n","protected":false},"excerpt":{"rendered":"F\u00e5r dieselsjokk p\u00e5 over 100 000 i m\u00e5neden: \u2013 Ta til fornuft og snu&nbsp;&nbsp;adressa.no 10 nye kommuner st\u00f8tter&hellip;\n","protected":false},"author":2,"featured_media":332659,"comment_status":"","ping_status":"","sticky":false,"template":"","format":"standard","meta":{"footnotes":"","_share_on_mastodon":"0"},"categories":[5],"tags":[20,21,12026,24,25,15,19,22,23,17,18,13,30,28,29,14,16,41,333,26,27,270],"class_list":["post-332658","post","type-post","status-publish","format-standard","has-post-thumbnail","category-overskrifter","tag-breaking-news","tag-breakingnews","tag-diesel","tag-featured-news","tag-featurednews","tag-headlines","tag-hovedoppslag","tag-latest-news","tag-latestnews","tag-main-news","tag-mainnews","tag-news","tag-no","tag-norge","tag-norway","tag-nyheter","tag-overskrifter","tag-politikk","tag-stortinget","tag-top-stories","tag-topstories","tag-trondelag"],"share_on_mastodon":{"url":"https:\/\/pubeurope.com\/@no\/117151012371555362","error":""},"_links":{"self":[{"href":"https:\/\/www.europesays.com\/no\/wp-json\/wp\/v2\/posts\/332658","targetHints":{"allow":["GET"]}}],"collection":[{"href":"https:\/\/www.europesays.com\/no\/wp-json\/wp\/v2\/posts"}],"about":[{"href":"https:\/\/www.europesays.com\/no\/wp-json\/wp\/v2\/types\/post"}],"author":[{"embeddable":true,"href":"https:\/\/www.europesays.com\/no\/wp-json\/wp\/v2\/users\/2"}],"replies":[{"embeddable":true,"href":"https:\/\/www.europesays.com\/no\/wp-json\/wp\/v2\/comments?post=332658"}],"version-history":[{"count":0,"href":"https:\/\/www.europesays.com\/no\/wp-json\/wp\/v2\/posts\/332658\/revisions"}],"wp:featuredmedia":[{"embeddable":true,"href":"https:\/\/www.europesays.com\/no\/wp-json\/wp\/v2\/media\/332659"}],"wp:attachment":[{"href":"https:\/\/www.europesays.com\/no\/wp-json\/wp\/v2\/media?parent=332658"}],"wp:term":[{"taxonomy":"category","embeddable":true,"href":"https:\/\/www.europesays.com\/no\/wp-json\/wp\/v2\/categories?post=332658"},{"taxonomy":"post_tag","embeddable":true,"href":"https:\/\/www.europesays.com\/no\/wp-json\/wp\/v2\/tags?post=332658"}],"curies":[{"name":"wp","href":"https:\/\/api.w.org\/{rel}","templated":true}]}}