{"id":332666,"date":"2026-08-24T14:55:16","date_gmt":"2026-08-24T14:55:16","guid":{"rendered":"https:\/\/www.europesays.com\/no\/332666\/"},"modified":"2026-08-24T14:55:16","modified_gmt":"2026-08-24T14:55:16","slug":"kong-charles-og-dronning-camillas-uvanlige-helgerutine-avslort","status":"publish","type":"post","link":"https:\/\/www.europesays.com\/no\/332666\/","title":{"rendered":"Kong Charles og dronning Camillas uvanlige helgerutine avsl\u00f8rt"},"content":{"rendered":"<p class=\"kicker \" style=\"\">Kong Charles og dronning Camilla:\u00a0<\/p>\n<p class=\"subtitle \" style=\"\">N\u00e5 pekes det p\u00e5 \u00e9n spesiell detalj ved kongeparets forhold som kan v\u00e6re en av hemmelighetene bak det langvarige ekteskapet.<\/p>\n<p>\n    HEMMELIGHETEN: Den kongelige redakt\u00f8ren i den britiske avisen Daily Mail avsl\u00f8rer n\u00e5 hva hun mener er hemmeligheten bak kong Charles og dronning Camillas lange ekteskap. Foto: NTB\n  <\/p>\n<p>Kong Charles (74) og dronning Camilla (79) har v\u00e6rt gift i over 21 \u00e5r. N\u00e5 pekes det p\u00e5 \u00e9n spesiell detalj som kan v\u00e6re en av hemmelighetene bak det langvarige ekteskapet.<\/p>\n<p>    <a itemprop=\"url\" href=\"https:\/\/www.seher.no\/kongelig\/dette-skjer-med-silvia-nar-victoria-blir-dronning\/85054696\" rel=\"nofollow noopener\" target=\"_blank\"><\/p>\n<p>        <img loading=\"lazy\" decoding=\"async\" src=\"https:\/\/www.europesays.com\/no\/wp-content\/uploads\/2026\/08\/74287933.webp\" width=\"147\" height=\"98\" alt=\"\" class=\"lazyload\" style=\"--aspect-ratio-image: 1.50; \"\/><\/p>\n<p>        Dette skjer med Silvia n\u00e5r Victoria blir dronning<\/p>\n<p>    <\/a><\/p>\n<p>For selv om det kanskje h\u00f8res utradisjonelt ut, skal ekteparet v\u00e6re sv\u00e6rt komfortable med \u00e5 tilbringe tid hver for seg.<\/p>\n<p class=\"font-weight-bold m-font-weight-bold\" data-lab-font_weight=\"font-weight-bold\">Kongelig redakt\u00f8r Rebecca English i <a href=\"https:\/\/www.dailymail.com\/news\/royals\/article-16027935\/king-charles-queen-camilla-weekends-apart-ray-palace-confidential.html\" rel=\"nofollow noopener\" target=\"_blank\">Daily Mail<\/a> trekker frem parets noks\u00e5 uvanlige helgerutine som en mulig suksessfaktor.<\/p>\n<p>        <img loading=\"lazy\" decoding=\"async\" src=\"https:\/\/www.europesays.com\/no\/wp-content\/uploads\/2026\/08\/84991795.webp\" width=\"667\" height=\"447\" alt=\"\" class=\"\" style=\"--aspect-ratio-image: 1.49; \"\/><\/p>\n<p>\n        KONGENS FRISTED: Highgrove House er kong Charles&#8217; landsted i Gloucestershire, hvor han gjerne tilbringer helgene. Foto: NTB\n    <\/p>\n<p>Mens Charles ofte trekker seg tilbake til landstedet Highgrove House i Gloucestershire, reiser Camilla gjerne til sitt eget landsted, Ray Mill House i Wiltshire.<\/p>\n<p>Det har hun eid siden 1990-tallet, etter skilsmissen fra sin f\u00f8rste ektemann, Andrew Parker Bowles. Da hun giftet seg med Charles i 2005, var det ogs\u00e5 sp\u00f8rsm\u00e5l om hun skulle beholde huset.<\/p>\n<p>        REAGERER: En av kong Charles&#8217; livvakter g\u00e5r viralt p\u00e5 sosiale medier grunnet en oppsiktvekkende detalj. Video: Sanne Holt\/ R\u00f8d L\u00f8per, Tiktok\/ @kernowking1\/ @uktravel\/ @spokenwords, Skjermbilde\/ Reuters<\/p>\n<p class=\"font-weight-bold m-font-weight-bold\" data-lab-font_weight=\"font-weight-bold\">Det var hun bestemt p\u00e5.<\/p>\n<p>English forteller at Camilla gjorde det klart at hun \u00f8nsket \u00e5 beholde Ray Mill, til tross for at det ville medf\u00f8re ekstra kostnader og sikkerhetstiltak.<\/p>\n<p>    <a itemprop=\"url\" href=\"https:\/\/www.seher.no\/kongelig\/onsker-det-ikke\/85050836\" rel=\"nofollow noopener\" target=\"_blank\"><\/p>\n<p>        <img loading=\"lazy\" decoding=\"async\" src=\"https:\/\/www.europesays.com\/no\/wp-content\/uploads\/2026\/08\/85054173.webp\" width=\"180\" height=\"81\" alt=\"\" class=\"lazyload\" style=\"--aspect-ratio-image: 2.22; \"\/><\/p>\n<p>        &#8211; \u00d8nsker det ikke<\/p>\n<p>    <\/a><\/p>\n<p>&#8211; Jeg kan forst\u00e5 hvorfor det ser litt rart ut for folk, men det fungerer faktisk for dem, sier English.<\/p>\n<p>If\u00f8lge den kongelige redakt\u00f8ren har paret alltid v\u00e6rt vant til \u00e5 leve relativt selvstendige liv. De var kj\u00e6rester i flere \u00e5r f\u00f8r de giftet seg, uten \u00e5 bo sammen.<\/p>\n<p>        <img loading=\"lazy\" decoding=\"async\" src=\"https:\/\/www.europesays.com\/no\/wp-content\/uploads\/2026\/08\/84991797.webp\" width=\"667\" height=\"441\" alt=\"\" class=\"\" style=\"--aspect-ratio-image: 1.51; \"\/><\/p>\n<p>\n        DRONNINGENS FRISTED: Ray Mill House i Wiltshire er dronning Camillas private landsted, som hun har eid siden 1990-tallet. Foto: NTB\n    <\/p>\n<p>Og n\u00e5r Camilla er p\u00e5 Ray Mill, f\u00e5r hun v\u00e6re langt unna det formelle livet som f\u00f8lger med rollen som dronning. Her kan hun blant annet ha bes\u00f8k av barn og barnebarn.<\/p>\n<p>Kongelig biograf Robert Hardman mener ogs\u00e5 at landstedet gir familien et sted hvor de kan senke skuldrene.<\/p>\n<p>        <img loading=\"lazy\" decoding=\"async\" src=\"https:\/\/www.europesays.com\/no\/wp-content\/uploads\/2026\/08\/84993061.webp\" width=\"686\" height=\"549\" alt=\"\" class=\"\" style=\"--aspect-ratio-image: 1.25; \"\/><\/p>\n<p>\n        STOR OPPGAVE: Siden Camilla giftet seg med Charles, har det hvilt store oppgaver p\u00e5 hennes skuldre. Men hjemme kan hun senke skuldrene, legge bort de kongelige pliktene, og bare v\u00e6re Camilla. Foto: NTB\n    <\/p>\n<p>&#8211; N\u00e5r de er hos bestemor, er det bestemors hus, sier han.<\/p>\n<p>Samtidig betyr ikke helgene hver for seg at forholdet er mindre n\u00e6rt.<\/p>\n<p>Kongelig historiker Catherine Mayer beskriver tvert imot Camillas p\u00e5virkning p\u00e5 Charles som sv\u00e6rt sterk. If\u00f8lge henne kan kongen g\u00e5 fra \u00e5 v\u00e6re sliten og tydelig ute av form til \u00e5 \u00ablyse opp\u00bb n\u00e5r Camilla kommer inn i rommet.<\/p>\n<p>        AVSL\u00d8RER MATCH: Sophie Elise er for tiden aktuells om programleder for \u00abLove Island Norge\u00bb, n\u00e5 avsl\u00f8rer hun hvordan det g\u00e5r p\u00e5 egen datingfront.<br \/>\nVideo: Sanne Holt \/ R\u00f8d L\u00f8per. Redigering: Maja Walberg Klev \/ Dagbladet<\/p>\n<p>Det er med andre ord ikke n\u00f8dvendigvis det \u00e5 v\u00e6re sammen hele tiden som holder forholdet sterkt.<\/p>\n<p>For Charles og Camilla kan litt avstand v\u00e6re selve oppskriften.<\/p>\n","protected":false},"excerpt":{"rendered":"Kong Charles og dronning Camilla:\u00a0 N\u00e5 pekes det p\u00e5 \u00e9n spesiell detalj ved kongeparets forhold som kan v\u00e6re&hellip;\n","protected":false},"author":2,"featured_media":332667,"comment_status":"","ping_status":"","sticky":false,"template":"","format":"standard","meta":{"footnotes":"","_share_on_mastodon":"0"},"categories":[58],"tags":[1893,3868,71,479,2543,3994,30,28,29,72],"class_list":["post-332666","post","type-post","status-publish","format-standard","has-post-thumbnail","category-underholdning","tag-det-britiske-kongehuset","tag-dronning-camilla","tag-entertainment","tag-kjendis","tag-kjendisdesken","tag-kong-charles","tag-no","tag-norge","tag-norway","tag-underholdning"],"share_on_mastodon":{"url":"https:\/\/pubeurope.com\/@no\/117151067717290495","error":""},"_links":{"self":[{"href":"https:\/\/www.europesays.com\/no\/wp-json\/wp\/v2\/posts\/332666","targetHints":{"allow":["GET"]}}],"collection":[{"href":"https:\/\/www.europesays.com\/no\/wp-json\/wp\/v2\/posts"}],"about":[{"href":"https:\/\/www.europesays.com\/no\/wp-json\/wp\/v2\/types\/post"}],"author":[{"embeddable":true,"href":"https:\/\/www.europesays.com\/no\/wp-json\/wp\/v2\/users\/2"}],"replies":[{"embeddable":true,"href":"https:\/\/www.europesays.com\/no\/wp-json\/wp\/v2\/comments?post=332666"}],"version-history":[{"count":0,"href":"https:\/\/www.europesays.com\/no\/wp-json\/wp\/v2\/posts\/332666\/revisions"}],"wp:featuredmedia":[{"embeddable":true,"href":"https:\/\/www.europesays.com\/no\/wp-json\/wp\/v2\/media\/332667"}],"wp:attachment":[{"href":"https:\/\/www.europesays.com\/no\/wp-json\/wp\/v2\/media?parent=332666"}],"wp:term":[{"taxonomy":"category","embeddable":true,"href":"https:\/\/www.europesays.com\/no\/wp-json\/wp\/v2\/categories?post=332666"},{"taxonomy":"post_tag","embeddable":true,"href":"https:\/\/www.europesays.com\/no\/wp-json\/wp\/v2\/tags?post=332666"}],"curies":[{"name":"wp","href":"https:\/\/api.w.org\/{rel}","templated":true}]}}