{"id":332715,"date":"2026-08-24T15:46:11","date_gmt":"2026-08-24T15:46:11","guid":{"rendered":"https:\/\/www.europesays.com\/no\/332715\/"},"modified":"2026-08-24T15:46:11","modified_gmt":"2026-08-24T15:46:11","slug":"man-blir-jo-inspirert-2","status":"publish","type":"post","link":"https:\/\/www.europesays.com\/no\/332715\/","title":{"rendered":"&#8211; Man blir jo inspirert"},"content":{"rendered":"<p class=\"kicker \" style=\"\">Erling Braut Haaland:<\/p>\n<p class=\"subtitle t30\" style=\"\">Erling Braut Haaland sammenlignes med David Beckham etter stilforandringen, og kjendisstylistene elsker det. N\u00e5 har ogs\u00e5 hotellkongen latt seg inspirere til \u00e5 gj\u00f8re det samme.<\/p>\n<p>Siste: Hotellkongen Petter Stordalen (63) deler et bilde av seg selv s\u00f8ndag kveld. Bildet viser at ogs\u00e5 han har f\u00e5tt ny sveis.\u00a0<\/p>\n<p>\u00abNice, Erling Haaland \u2026 man blir jo inspirert\u00bb, skriver han til bildet.\u00a0<\/p>\n<p>Han er blant Norges mest profilerte fris\u00f8rer og stylister, og n\u00e5 hyller Jan Thomas Erling Braut Haalands overraskende grep.<\/p>\n<p>&#8211; Jeg elsker den nye sveisen! utbryter han.<\/p>\n<p>    <a itemprop=\"url\" href=\"https:\/\/www.seher.no\/sport\/sjokkbilder-er-det-ekte\/85049889\" rel=\"nofollow noopener\" target=\"_blank\"><\/p>\n<p>        <img loading=\"lazy\" decoding=\"async\" src=\"https:\/\/www.europesays.com\/no\/wp-content\/uploads\/2026\/08\/1787586368_570_85049879.webp\" width=\"147\" height=\"98\" alt=\"\" class=\"lazyload\" style=\"--aspect-ratio-image: 1.50; \"\/><\/p>\n<p>        Sjokkbilder: &#8211; Er det ekte?<\/p>\n<p>    <\/a><\/p>\n<p>S\u00f8ndag formiddag, like f\u00f8r han entret banen for sesongens f\u00f8rste Premier League-kamp, viste han frem et skinnet hode til sine nesten 80 millioner Instagram-f\u00f8lgere.<\/p>\n<p>Og ekspertene? De hyller ham.<\/p>\n<p>&#8211; Krever mot\t<\/p>\n<p>&#8211;\u00a0\u00a0Jeg synes faktisk Haaland er utrolig kledelig med s\u00e5 kort h\u00e5r. Det er maskulint, sexy, moderne og ikke minst utrolig lettstelt. For meg er dette terningkast seks, fastsl\u00e5r Jan Thomas.<\/p>\n<p>        <img loading=\"lazy\" decoding=\"async\" src=\"https:\/\/www.europesays.com\/no\/wp-content\/uploads\/2026\/08\/1787586368_183_85050592.webp\" width=\"686\" height=\"913\" alt=\"\" class=\"\" style=\"--aspect-ratio-image: 0.75; \"\/><\/p>\n<p>\n        BORTE VEKK: Erling Haalands lange, blonde lokker er historie. Foto: Skjermbilde Instagram\n    <\/p>\n<p>Haaland har nesten hele sin proffkarriere v\u00e6rt kjent for sine lange, lyse lokker. S\u00e5pass ikonisk var sveisen at til og med h\u00e5rstrikkene han benyttet seg av under kamp fikk massiv oppmerksomhet.<\/p>\n<p>Jan Thomas mener derfor at valget om \u00e5 kvitte seg med looken totalt, sier mye om fotballstjernen.<\/p>\n<p class=\"font-weight-bold m-font-weight-bold\" data-lab-font_weight=\"font-weight-bold\">&#8211; Han er uredd, framoverlent og t\u00f8r \u00e5 gj\u00f8re store forandringer med et uttrykk som etter hvert har blitt en del av varemerket hans. Det krever faktisk litt mot \u00e5 klippe av alt n\u00e5r hele verden har en mening om hvordan du ser ut.<\/p>\n<p>        <img loading=\"lazy\" decoding=\"async\" src=\"https:\/\/www.europesays.com\/no\/wp-content\/uploads\/2026\/08\/1787586369_477_85050540.webp\" width=\"686\" height=\"1029\" alt=\"\" class=\"\" style=\"--aspect-ratio-image: 0.67; \"\/><\/p>\n<p>\n        Kjendisstylist Jan Thomas. Foto: Andreas Fadum \/ Se og H\u00f8r\n    <\/p>\n<p>&#8211; Og nei, jeg tror ikke Zlatan har rett i at styrken sitter i h\u00e5ret. Haalands styrke sitter i et helt eksepsjonelt talent og i det faktum at han er en av verdens beste fotballspillere. H\u00e5ret kan vokse ut igjen, talentet forsvinner ikke, mener kjendisstylisten.<\/p>\n<p>    <a itemprop=\"url\" href=\"https:\/\/www.seher.no\/kjendis\/slik-lurte-de-hele-verden\/85006205\" rel=\"nofollow noopener\" target=\"_blank\"><\/p>\n<p>        <img loading=\"lazy\" decoding=\"async\" src=\"https:\/\/www.europesays.com\/no\/wp-content\/uploads\/2026\/08\/1787586370_758_85005899.webp\" width=\"180\" height=\"81\" alt=\"\" class=\"lazyload\" style=\"--aspect-ratio-image: 2.22; \"\/><\/p>\n<p>        Slik lurte de \u00abhele\u00bb verden<\/p>\n<p>    <\/a><\/p>\n<p>Han trekker sammenligninger til en tidligere fotballstjerne som ogs\u00e5 fikk mye oppmerksomhet for frisyren(e).<\/p>\n<p class=\"font-weight-bold m-font-weight-bold\" data-lab-font_weight=\"font-weight-bold\">&#8211; Vi har sett det samme med David Beckham gjennom \u00e5rene. Han har stadig forandret h\u00e5r og uttrykk, og flere av frisyrene hans endte med \u00e5 bli kopiert over hele verden. Haaland har den samme p\u00e5virkningskraften.<\/p>\n<p>Jan Thomas har sin egen fris\u00f8rsalong, og forteller at det hver eneste dag kommer gutter innom som vil ha\u00a0\u00abHaaland-h\u00e5r\u00bb.<\/p>\n<p>&#8211; Jeg heier p\u00e5 ham. Han er uredd, han g\u00e5r sine egne veier, og enten han \u00f8nsker det eller ikke, er han en trendsetter.<\/p>\n<p>        \u00c6RLIG: Erling Braut Haaland innr\u00f8mmer at sjalusien kommer krypende da han ser kj\u00e6resten prate med en verdenskjent skuespiller. Video: Karolina Grace\/R\u00f8d L\u00f8per, @erlinghaaland\/Youtube. <\/p>\n<p>&#8211; En helt ny Haaland\t<\/p>\n<p>H\u00e5rinfluenser Isabella Schack stiller seg bak bransjekollegaen.<\/p>\n<p>&#8211; Jeg synes faktisk det er skikkelig g\u00f8y med en rebranding! Og jeg synes det er ganske sinnssykt at han g\u00e5r for s\u00e5 kort h\u00e5r akkurat n\u00e5. Haaland er jo kanskje mer aktuell enn noen gang etter VM, og akkurat n\u00e5 f\u00f8lger hele verden med p\u00e5 ham. Denne sveisen kommer ikke akkurat til \u00e5 gj\u00f8re at han f\u00e5r mindre oppmerksomhet, sier hun til Se og H\u00f8r.\u00a0<\/p>\n<p>    <a itemprop=\"url\" href=\"https:\/\/www.seher.no\/kjendis\/her-festet-haaland-full-galskap\/85021026\" rel=\"nofollow noopener\" target=\"_blank\"><\/p>\n<p>        <img loading=\"lazy\" decoding=\"async\" src=\"https:\/\/www.europesays.com\/no\/wp-content\/uploads\/2026\/08\/1787586370_134_85020967.webp\" width=\"180\" height=\"81\" alt=\"\" class=\"lazyload\" style=\"--aspect-ratio-image: 2.22; \"\/><\/p>\n<p>        Her festet Haaland: &#8211; Full galskap<\/p>\n<p>    <\/a><\/p>\n<p class=\"font-weight-bold m-font-weight-bold\" data-lab-font_weight=\"font-weight-bold\">&#8211; Det blir spennende \u00e5 se hvordan den nye sveisen p\u00e5virker uttrykket hans.\u00a0H\u00e5ret har v\u00e6rt en s\u00e5 stor del av identiteten og looken hans at n\u00e5r han plutselig klipper det s\u00e5 kort, blir det nesten som en helt ny Haaland.<\/p>\n<p>        <img loading=\"lazy\" decoding=\"async\" src=\"https:\/\/www.europesays.com\/no\/wp-content\/uploads\/2026\/08\/1787586371_938_85050542.webp\" width=\"686\" height=\"1187\" alt=\"\" class=\"\" style=\"--aspect-ratio-image: 0.58; \"\/><\/p>\n<p>\n        H\u00e5rinfluenser Isabella Schack. Foto: Andreas Fadum\n    <\/p>\n<p>Schack poengterer at han tidligere har v\u00e6rt lett \u00e5 kjenne gjen, og at h\u00e5ret ga ham en ganske s\u00e6rpreget karakter. Hun mener det korte h\u00e5ret kan gj\u00f8re ham mer\u00a0\u00abmainstream\u00bb.<\/p>\n<p>&#8211; Jeg vil gi sveisen terningkast fem-seks. Den er clean, fresh og veldig 2026 &#8211; men jeg kommer nok til \u00e5 savne vikingh\u00e5ret litt! Og jeg synes at han kunne beholdt litt mer lengde p\u00e5 toppen istedenfor \u00e5 ha kort piggsveis, mener Schack.<\/p>\n","protected":false},"excerpt":{"rendered":"Erling Braut Haaland: Erling Braut Haaland sammenlignes med David Beckham etter stilforandringen, og kjendisstylistene elsker det. N\u00e5 har&hellip;\n","protected":false},"author":2,"featured_media":332716,"comment_status":"","ping_status":"","sticky":false,"template":"","format":"standard","meta":{"footnotes":"","_share_on_mastodon":"0"},"categories":[5],"tags":[20,21,810,24,25,15,19,25950,2286,479,2543,22,23,17,18,13,30,28,29,14,16,1934,26,27],"class_list":["post-332715","post","type-post","status-publish","format-standard","has-post-thumbnail","category-overskrifter","tag-breaking-news","tag-breakingnews","tag-erling-braut-haaland","tag-featured-news","tag-featurednews","tag-headlines","tag-hovedoppslag","tag-isabella-schack","tag-jan-thomas","tag-kjendis","tag-kjendisdesken","tag-latest-news","tag-latestnews","tag-main-news","tag-mainnews","tag-news","tag-no","tag-norge","tag-norway","tag-nyheter","tag-overskrifter","tag-petter-stordalen","tag-top-stories","tag-topstories"],"share_on_mastodon":{"url":"https:\/\/pubeurope.com\/@no\/117151268873991569","error":""},"_links":{"self":[{"href":"https:\/\/www.europesays.com\/no\/wp-json\/wp\/v2\/posts\/332715","targetHints":{"allow":["GET"]}}],"collection":[{"href":"https:\/\/www.europesays.com\/no\/wp-json\/wp\/v2\/posts"}],"about":[{"href":"https:\/\/www.europesays.com\/no\/wp-json\/wp\/v2\/types\/post"}],"author":[{"embeddable":true,"href":"https:\/\/www.europesays.com\/no\/wp-json\/wp\/v2\/users\/2"}],"replies":[{"embeddable":true,"href":"https:\/\/www.europesays.com\/no\/wp-json\/wp\/v2\/comments?post=332715"}],"version-history":[{"count":0,"href":"https:\/\/www.europesays.com\/no\/wp-json\/wp\/v2\/posts\/332715\/revisions"}],"wp:featuredmedia":[{"embeddable":true,"href":"https:\/\/www.europesays.com\/no\/wp-json\/wp\/v2\/media\/332716"}],"wp:attachment":[{"href":"https:\/\/www.europesays.com\/no\/wp-json\/wp\/v2\/media?parent=332715"}],"wp:term":[{"taxonomy":"category","embeddable":true,"href":"https:\/\/www.europesays.com\/no\/wp-json\/wp\/v2\/categories?post=332715"},{"taxonomy":"post_tag","embeddable":true,"href":"https:\/\/www.europesays.com\/no\/wp-json\/wp\/v2\/tags?post=332715"}],"curies":[{"name":"wp","href":"https:\/\/api.w.org\/{rel}","templated":true}]}}