{"id":332769,"date":"2026-08-24T16:56:13","date_gmt":"2026-08-24T16:56:13","guid":{"rendered":"https:\/\/www.europesays.com\/no\/332769\/"},"modified":"2026-08-24T16:56:13","modified_gmt":"2026-08-24T16:56:13","slug":"falt-ut-av-arbeidslivet-det-er-mye-skam-som-deles-ut-e24","status":"publish","type":"post","link":"https:\/\/www.europesays.com\/no\/332769\/","title":{"rendered":"Falt ut av arbeidslivet: \u2013 Det er mye skam som deles ut \u2013 E24"},"content":{"rendered":"\n<p class=\"_textTheme_1yhmn_1 _lead_16k26_2 _lead_3ue4t_18 layout-component layout-wide layout-padded _lead_o6m9k_5 body-large _wide_o6m9k_9\">Marthe Sandven Richardsen (44) mistet arbeidsevnen etter femten \u00e5r i arbeidslivet. Hun reagerer p\u00e5 tonen i debatten om sykefrav\u00e6r og deltagelse i arbeidslivet. <\/p>\n<p><img alt=\"EKSTRA BELASTNING: Marthe Sandven Richardsen mener samfunnsdebatten om arbeidsdeltagelse og sykefrav\u00e6r legger stein til byrden for de som ikke er i stand til \u00e5 delta i arbeidslivet.\" class=\"_image_1jxax_84 layout-component layout-wide\" data-fullscreen- data-track-element-type=\"Article image fullscreen\" data-track-name=\"ImageFullscreen\" fetchpriority=\"high\" decoding=\"sync\" loading=\"eager\" height=\"4200\" itemprop=\"image\"  src=\"https:\/\/www.europesays.com\/no\/wp-content\/uploads\/2026\/08\/ef2a187d-c3c7-3a4d-a318-a0e6b94f5811.jpeg\"  style=\"object-position:50.51587301587301% 37.333333333333336%\" width=\"6300\"\/>EKSTRA BELASTNING: Marthe Sandven Richardsen mener samfunnsdebatten om arbeidsdeltagelse og sykefrav\u00e6r legger stein til byrden for de som ikke er i stand til \u00e5 delta i arbeidslivet.  Foto: Siv DolmenVis mer<a class=\"_link_1lr5y_108\" href=\"https:\/\/e24.no\/forfatter\/katrine-gramnaes\" title=\"Katrine Gramn\u00e6s\" rel=\"nofollow noopener\" target=\"_blank\"><img alt=\"Bilde av Katrine Gramn\u00e6s\" class=\"_image_1lr5y_85\" fetchpriority=\"low\" decoding=\"async\" itemprop=\"image\" loading=\"lazy\"  src=\"https:\/\/www.europesays.com\/no\/wp-content\/uploads\/2026\/08\/1a2e6999-acbd-38ec-95e7-7afc4cc7d834.jpeg\"  width=\"480\"\/><\/a>        <\/p>\n<p>Oppsummeringen er laget med kunstig intelligens og kvalitetssikret av E24s journalister.<\/p>\n<ul class=\"_list_16k26_3 _list_tj395_103 _unordered_16k26_103 _textTheme_1yhmn_1 body-small\">\n<li class=\"_item_16k26_63\">Marthe Sandven Richardsen, som st\u00e5r utenfor arbeidslivet p\u00e5 grunn av sykdom, mener debatten om sykefrav\u00e6r p\u00e5f\u00f8rer ekstra skam til de som ikke kan jobbe.<\/li>\n<li class=\"_item_16k26_63\">Hun opplever at spr\u00e5kbruken fra politikere og i media bidrar til mistenkeliggj\u00f8ring.<\/li>\n<li class=\"_item_16k26_63\">Richardsen er enig i m\u00e5let om at de som er i stand til det skal jobbe, men mener man m\u00e5 skille mellom vilje og evne. <\/li>\n<\/ul>\n<p>Vis mer  <\/p>\n<p class=\"_textTheme_1yhmn_1 _paragraph_16k26_4 _paragraph_3ue4t_27 layout-component layout-normal layout-padded body-medium\">Da Marthe Sandven Richardsen gikk fra full jobb til \u00e5 havne utenfor arbeidslivet, fikk hun oppleve at det var mer enn bare inntekten som forsvant.<\/p>\n<p class=\"_textTheme_1yhmn_1 _paragraph_16k26_4 _paragraph_3ue4t_27 layout-component layout-normal layout-padded body-medium\">\u2013 Jeg mistet ikke bare arbeidsevnen, jeg f\u00f8lte jeg mistet min verdi, sier hun. <\/p>\n<p class=\"_textTheme_1yhmn_1 _paragraph_16k26_4 _paragraph_3ue4t_27 layout-component layout-normal layout-padded body-medium\">Richardsen mener spr\u00e5kbruken om arbeidsdeltakelse og sykefrav\u00e6r fra politikerne og i avisenes kommentarfelt legger stein til byrden for de som ikke er i stand til \u00e5 delta i arbeidslivet.<\/p>\n<p class=\"_textTheme_1yhmn_1 _paragraph_16k26_4 _paragraph_3ue4t_27 layout-component layout-normal layout-padded body-medium\">\u2013 Det tyngste er ikke sykdommen, det er skammen, sier hun.<\/p>\n<p> <a class=\"_link_12q07_20\" data-track-id=\"teaser:e7qgxQ\" data-track-impression=\"true\" data-track-name=\"Ansatte mister gnisten\" data-track-element-size=\"small\" data-track-element-type=\"Teaser\" data-track-image-url=\"https:\/\/www.europesays.com\/no\/wp-content\/uploads\/2026\/08\/1787590571_984_966ee9a8-05c8-387c-9b05-2984e7dff972.jpeg\" data-track-layout-name=\"image:right\" data-track-position-source=\"related-article\" href=\"https:\/\/e24.no\/karriere-og-ledelse\/i\/e7qgxQ\/rekordlav-jobbmotivasjon-vigdis-34-fant-sin-droemmehverdag\" rel=\"nofollow noopener\" target=\"_blank\"><img decoding=\"async\" alt=\"\" class=\"_image_12q07_77\" height=\"3202\" loading=\"lazy\"  src=\"https:\/\/www.europesays.com\/no\/wp-content\/uploads\/2026\/08\/1787590571_984_966ee9a8-05c8-387c-9b05-2984e7dff972.jpeg\"  width=\"4803\"\/><\/p>\n<p class=\"label-small _kicker_12q07_98\">Les ogs\u00e5<\/p>\n<p>Ansatte mister gnisten<\/a> \u2013 Elsket \u00e5 jobbe <\/p>\n<p class=\"_textTheme_1yhmn_1 _paragraph_16k26_4 _paragraph_3ue4t_27 layout-component layout-normal layout-padded body-medium\">Richardsen har gjennom karrieren jobbet med rekruttering og HR. <\/p>\n<p class=\"_textTheme_1yhmn_1 _paragraph_16k26_4 _paragraph_3ue4t_27 layout-component layout-normal layout-padded body-medium\">\u2013 Jeg elsket \u00e5 jobbe og \u00e5 ha mange jern i ilden, sier hun.<\/p>\n<p class=\"_textTheme_1yhmn_1 _paragraph_16k26_4 _paragraph_3ue4t_27 layout-component layout-normal layout-padded body-medium\">Men for fire \u00e5r siden ble tilv\u00e6relsen snudd p\u00e5 hodet.<\/p>\n<p class=\"_textTheme_1yhmn_1 _paragraph_16k26_4 _paragraph_3ue4t_27 layout-component layout-normal layout-padded body-medium\">En kveld hun var p\u00e5 T-banen p\u00e5 vei til teater med en venninne, br\u00f8t kroppen plutselig sammen. Hjertet begynte \u00e5 hamre. Det f\u00f8ltes som om hun ikke fikk puste. Til slutt kastet hun opp p\u00e5 gulvet i vognen. <\/p>\n<p> <img alt=\"GLAD I JOBBEN: Marthe Sandven Richardsen elsket \u00e5 jobbe og \u00e5 ha mange jern i ilden.\" class=\"_image_1jxax_84 layout-component layout-normal\" data-fullscreen- data-track-element-type=\"Article image fullscreen\" data-track-name=\"ImageFullscreen\" decoding=\"async\" loading=\"lazy\" height=\"4200\" itemprop=\"image\"  src=\"https:\/\/www.europesays.com\/no\/wp-content\/uploads\/2026\/08\/cec1ab12-2336-3929-a6c8-d62d50e68290.jpeg\"  style=\"object-position:48.714285714285715% 28.78571428571429%\" width=\"6300\"\/>GLAD I JOBBEN: Marthe Sandven Richardsen elsket \u00e5 jobbe og \u00e5 ha mange jern i ilden. Foto: Siv DolmenVis mer <\/p>\n<p class=\"_textTheme_1yhmn_1 _paragraph_16k26_4 _paragraph_3ue4t_27 layout-component layout-normal layout-padded body-medium\">Med diagnosen kompleks posttraumatisk stresslidelse er kroppen hennes i en kronisk alarmberedskap. <\/p>\n<p class=\"_textTheme_1yhmn_1 _paragraph_16k26_4 _paragraph_3ue4t_27 layout-component layout-normal layout-padded body-medium\">Erfaringen med \u00e5 st\u00e5 utenfor arbeidslivet har endret perspektivet hennes p\u00e5 hvordan sykdom og arbeidsdeltagelse omtales i offentligheten. <\/p>\n<p> \u2013 Mye skam som deles ut <\/p>\n<p class=\"_textTheme_1yhmn_1 _paragraph_16k26_4 _paragraph_3ue4t_27 layout-component layout-normal layout-padded body-medium\">Over 670.000 personer i Norge har redusert arbeidsevne p\u00e5 grunn av helsen og mottar sykepenger, arbeidsavklaringspenger eller uf\u00f8retrygd, if\u00f8lge <a href=\"https:\/\/www.nav.no\/no\/nav-og-samfunn\/kunnskap\/analyser-fra-nav\/nyheter\/90-000-flere-mottar-helseytelser-fra-nav\" class=\"_link_16k26_32\" rel=\"nofollow noopener\" target=\"_blank\">Nav<\/a>.<\/p>\n<p class=\"_textTheme_1yhmn_1 _paragraph_16k26_4 _paragraph_3ue4t_27 layout-component layout-normal layout-padded body-medium\">Richardsen opplever at samfunnsdebatten om deltagelse i arbeidslivet gj\u00f8r vondt verre for de som st\u00e5r utenfor arbeidslivet.<\/p>\n<p class=\"_textTheme_1yhmn_1 _paragraph_16k26_4 _paragraph_3ue4t_27 layout-component layout-normal layout-padded body-medium\">\u2013 Det er mye skam som deles ut i mediene, sier hun. <\/p>\n<p class=\"_textTheme_1yhmn_1 _paragraph_16k26_4 _paragraph_3ue4t_27 layout-component layout-normal layout-padded body-medium\">Spr\u00e5kbruken fra politikerne og i avisenes kommentarfelt bidrar etter hennes mening til mistenkeliggj\u00f8ring. <\/p>\n<p class=\"_textTheme_1yhmn_1 _paragraph_16k26_4 _paragraph_3ue4t_27 layout-component layout-normal layout-padded body-medium\">\u2013 Man blir omtalt som en samfunnskostnad og noen bruker ord som \u00abnaver\u00bb og \u00absnylter\u00bb. Det gir en f\u00f8lelse av \u00e5 v\u00e6re et annenrangs menneske.<\/p>\n<p class=\"_textTheme_1yhmn_1 _paragraph_16k26_4 _paragraph_3ue4t_27 layout-component layout-normal layout-padded body-medium\">\u2013 Skam skaper ikke arbeidsevne, sier hun. <\/p>\n<p class=\"_textTheme_1yhmn_1 _paragraph_16k26_4 _paragraph_3ue4t_27 layout-component layout-normal layout-padded body-medium\">Richardsen synes ogs\u00e5 det gis et inntrykk av at det er lett \u00e5 f\u00e5 uf\u00f8retrygd og at de som mottar ytelser selv har valgt \u00e5 ikke jobbe.<\/p>\n<p class=\"_textTheme_1yhmn_1 _paragraph_16k26_4 _paragraph_3ue4t_27 layout-component layout-normal layout-padded body-medium\">\u2013 Ingen velger alvorlig fysisk eller psykisk sykdom, sier hun.<\/p>\n<p> Bare plass til hundre prosent <\/p>\n<p class=\"_textTheme_1yhmn_1 _paragraph_16k26_4 _paragraph_3ue4t_27 layout-component layout-normal layout-padded body-medium\">Richardsen reagerer ogs\u00e5 p\u00e5 hvordan politikerne snakker om at alle skal bruke \u00abrestarbeidsevnen\u00bb sin, hvis de ikke kan jobbe fullt. <\/p>\n<p class=\"_textTheme_1yhmn_1 _paragraph_16k26_4 _paragraph_3ue4t_27 layout-component layout-normal layout-padded body-medium\">Hun mener at det \u00e5 f\u00e5 innpass i arbeidslivet med hull i CV-en eller redusert arbeidsevne i dag er sv\u00e6rt vanskelig.<\/p>\n<p> <img alt=\"IKKE ET VALG: \u2013 Ingen velger alvorlig fysisk eller psykisk sykdom, sier Richardsen.\" class=\"_image_1jxax_84 layout-component layout-normal\" data-fullscreen- data-track-element-type=\"Article image fullscreen\" data-track-name=\"ImageFullscreen\" decoding=\"async\" loading=\"lazy\" height=\"3271\" itemprop=\"image\"  src=\"https:\/\/www.europesays.com\/no\/wp-content\/uploads\/2026\/08\/9e96e846-df01-3dee-b4c5-dfaa4328dd6b.jpeg\"  style=\"object-position:61.76110884631064% 37.847752980739834%\" width=\"4906\"\/>IKKE ET VALG: \u2013 Ingen velger alvorlig fysisk eller psykisk sykdom, sier Richardsen. Foto: Siv DolmenVis mer <\/p>\n<p class=\"_textTheme_1yhmn_1 _paragraph_16k26_4 _paragraph_3ue4t_27 layout-component layout-normal layout-padded body-medium\">\u2013 Arbeidslivet tilbyr f\u00f8rst og fremst plass til dem som kan levere hundre prosent, sier hun.<\/p>\n<p class=\"_textTheme_1yhmn_1 _paragraph_16k26_4 _paragraph_3ue4t_27 layout-component layout-normal layout-padded body-medium\">Dersom alle skal kunne bruke den arbeidsevnen de har, mener hun det p\u00e5 en helt annen m\u00e5te m\u00e5 legges til rette for at folk skal kunne pr\u00f8ve seg ogs\u00e5 i mindre stillingsbr\u00f8ker.<\/p>\n<p> Gj\u00f8r ikke folk friske <\/p>\n<p class=\"_textTheme_1yhmn_1 _paragraph_16k26_4 _paragraph_3ue4t_27 layout-component layout-normal layout-padded body-medium\">Richardsen st\u00f8tter \u00abarbeidslinjen\u00bb. Hun er enig i at de som er i stand til det skal jobbe, og at det skal \u00abl\u00f8nne seg \u00e5 v\u00e6re i arbeid\u00bb. <\/p>\n<p class=\"_textTheme_1yhmn_1 _paragraph_16k26_4 _paragraph_3ue4t_27 layout-component layout-normal layout-padded body-medium\">\u2013 Men man m\u00e5 skille mellom vilje og evne. \u00d8konomiske insentiver kan p\u00e5virke valg, men ikke reparere sykdom.<\/p>\n<p class=\"_textTheme_1yhmn_1 _paragraph_16k26_4 _paragraph_3ue4t_27 layout-component layout-normal layout-padded body-medium\">Hun mener det er helt legitimt \u00e5 diskutere kostnader og misbruk av ytelser, men at det handler om m\u00e5ten det gj\u00f8res p\u00e5.<\/p>\n<p class=\"_textTheme_1yhmn_1 _paragraph_16k26_4 _paragraph_3ue4t_27 layout-component layout-normal layout-padded body-medium\">Richardsen mener arbeidsminister Kjersti Stenseng har et viktig ansvar for \u00e5 bidra til et annet debattklima.  <\/p>\n<p class=\"_textTheme_1yhmn_1 _paragraph_16k26_4 _paragraph_3ue4t_27 layout-component layout-normal layout-padded body-medium\">\u2013 Jeg tar gjerne en prat med Stenseng dersom hun \u00f8nsker \u00e5 h\u00f8re mine erfaringer og refleksjoner, sier Richardsen.<\/p>\n<p> <img alt=\"MENNESKEVERD: \u2013 Ingen av oss vet hvem som kan bli rammet av sykdom i morgen, sier Marthe Sandven Richardsen.\" class=\"_image_1jxax_84 layout-component layout-normal\" data-fullscreen- data-track-element-type=\"Article image fullscreen\" data-track-name=\"ImageFullscreen\" decoding=\"async\" loading=\"lazy\" height=\"3474\" itemprop=\"image\"  src=\"https:\/\/www.europesays.com\/no\/wp-content\/uploads\/2026\/08\/8b6e66a3-6565-393a-a784-da0bd39a2030.jpeg\"  style=\"object-position:60.14200729226636% 24.006908462867013%\" width=\"5211\"\/>MENNESKEVERD: \u2013 Ingen av oss vet hvem som kan bli rammet av sykdom i morgen, sier Marthe Sandven Richardsen. Foto: Siv DolmenVis mer <\/p>\n<p class=\"_textTheme_1yhmn_1 _paragraph_16k26_4 _paragraph_3ue4t_27 layout-component layout-normal layout-padded body-medium\">Richardsen mener det m\u00e5 v\u00e6re mulig \u00e5 v\u00e6re syk uten \u00e5 f\u00f8le at man mister verdien sin som menneske. <\/p>\n<p class=\"_textTheme_1yhmn_1 _paragraph_16k26_4 _paragraph_3ue4t_27 layout-component layout-normal layout-padded body-medium\">\u2013 Ingen av oss vet hvem som kan bli rammet av sykdom i morgen, sier hun. <\/p>\n<p> <a class=\"_link_12q07_20\" data-track-id=\"teaser:wrVLL5\" data-track-impression=\"true\" data-track-name=\"Helt sjef: Stillheten n\u00e5r du slutter i jobben\" data-track-element-size=\"small\" data-track-element-type=\"Teaser\" data-track-image-url=\"https:\/\/www.europesays.com\/no\/wp-content\/uploads\/2026\/08\/4365b4d1-86ae-35da-bd89-59d652702a18.jpeg\" data-track-layout-name=\"image:right\" data-track-position-source=\"related-article\" href=\"https:\/\/e24.no\/karriere-og-ledelse\/i\/wrVLL5\/stillheten-naar-du-slutter-i-jobben\" rel=\"nofollow noopener\" target=\"_blank\"><img decoding=\"async\" alt=\"\" class=\"_image_12q07_77\" height=\"2651\" loading=\"lazy\"  src=\"https:\/\/www.europesays.com\/no\/wp-content\/uploads\/2026\/08\/4365b4d1-86ae-35da-bd89-59d652702a18.jpeg\"  width=\"3977\"\/><\/p>\n<p class=\"label-small _kicker_12q07_98\">Les ogs\u00e5<\/p>\n<p>Helt sjef: Stillheten n\u00e5r du slutter i jobben<\/a>     <\/p>\n","protected":false},"excerpt":{"rendered":"Marthe Sandven Richardsen (44) mistet arbeidsevnen etter femten \u00e5r i arbeidslivet. Hun reagerer p\u00e5 tonen i debatten om&hellip;\n","protected":false},"author":2,"featured_media":332770,"comment_status":"","ping_status":"","sticky":false,"template":"","format":"standard","meta":{"footnotes":"","_share_on_mastodon":"0"},"categories":[10],"tags":[465,20,21,24,25,15,22,23,13,30,28,29,14,16,1185,131,26,27],"class_list":["post-332769","post","type-post","status-publish","format-standard","has-post-thumbnail","category-norge","tag-arbeidsliv","tag-breaking-news","tag-breakingnews","tag-featured-news","tag-featurednews","tag-headlines","tag-latest-news","tag-latestnews","tag-news","tag-no","tag-norge","tag-norway","tag-nyheter","tag-overskrifter","tag-sykdom","tag-sykefravaer","tag-top-stories","tag-topstories"],"share_on_mastodon":{"url":"https:\/\/pubeurope.com\/@no\/117151543901232926","error":""},"_links":{"self":[{"href":"https:\/\/www.europesays.com\/no\/wp-json\/wp\/v2\/posts\/332769","targetHints":{"allow":["GET"]}}],"collection":[{"href":"https:\/\/www.europesays.com\/no\/wp-json\/wp\/v2\/posts"}],"about":[{"href":"https:\/\/www.europesays.com\/no\/wp-json\/wp\/v2\/types\/post"}],"author":[{"embeddable":true,"href":"https:\/\/www.europesays.com\/no\/wp-json\/wp\/v2\/users\/2"}],"replies":[{"embeddable":true,"href":"https:\/\/www.europesays.com\/no\/wp-json\/wp\/v2\/comments?post=332769"}],"version-history":[{"count":0,"href":"https:\/\/www.europesays.com\/no\/wp-json\/wp\/v2\/posts\/332769\/revisions"}],"wp:featuredmedia":[{"embeddable":true,"href":"https:\/\/www.europesays.com\/no\/wp-json\/wp\/v2\/media\/332770"}],"wp:attachment":[{"href":"https:\/\/www.europesays.com\/no\/wp-json\/wp\/v2\/media?parent=332769"}],"wp:term":[{"taxonomy":"category","embeddable":true,"href":"https:\/\/www.europesays.com\/no\/wp-json\/wp\/v2\/categories?post=332769"},{"taxonomy":"post_tag","embeddable":true,"href":"https:\/\/www.europesays.com\/no\/wp-json\/wp\/v2\/tags?post=332769"}],"curies":[{"name":"wp","href":"https:\/\/api.w.org\/{rel}","templated":true}]}}