{"id":33278,"date":"2025-09-12T07:51:11","date_gmt":"2025-09-12T07:51:11","guid":{"rendered":"https:\/\/www.europesays.com\/no\/33278\/"},"modified":"2025-09-12T07:51:11","modified_gmt":"2025-09-12T07:51:11","slug":"mia-23-domt-til-livstid-i-dubai","status":"publish","type":"post","link":"https:\/\/www.europesays.com\/no\/33278\/","title":{"rendered":"Mia (23) d\u00f8mt til livstid i Dubai:"},"content":{"rendered":"<p>  N\u00e5 kommer moren med en innstendig b\u00f8nn.<\/p>\n<p>\n    &#8211; Ingen av oss har sett Mia siden oktober i fjor, skriver mamma Danielle McKenna p\u00e5 innsamlingssiden. Foto: Danielle McKennas Facebook-profil.\n  <\/p>\n<p>&#8211; Det har v\u00e6rt et stort sjokk, sier Danielle McKenna, moren til britiske Mia O&#8217;Brien til <a href=\"https:\/\/www.dailymail.co.uk\/news\/article-15068685\/British-woman-jailed-life-Dubai-stupid-mistake.html?dicbo=v2-WPqTb4V#\" rel=\"nofollow noopener\" target=\"_blank\">The Daily Mail<\/a>.\u00a0<\/p>\n<p>&#8211; Hun f\u00e5r virkelig gjennomg\u00e5. Hun har akkurat blitt flyttet til et annet fengsel for \u00e5 sone livstidsdommen.<\/p>\n<p>23 \u00e5r gamle O&#8217;Brien er d\u00f8mt til livstid i Dubai etter angivelig \u00e5 ha oppbevart kokain.\u00a0<\/p>\n<p>    <a itemprop=\"url\" href=\"https:\/\/sol.no\/reise\/pa-bristepunktet\/83568419\" rel=\"nofollow noopener\" target=\"_blank\"><\/p>\n<p>      <img loading=\"lazy\" decoding=\"async\" src=\"https:\/\/www.europesays.com\/no\/wp-content\/uploads\/2025\/09\/83561438.webp\" width=\"980\" height=\"441\" title=\"P\u00e5 bristepunktet\" alt=\"\" class=\"lazyload\" style=\"--aspect-ratio-image: 2.22; \"\/><\/p>\n<p>        P\u00e5 bristepunktet<\/p>\n<p>sol.no<\/p>\n<p>    <\/a><\/p>\n<p>&#8211; Mia har bare beg\u00e5tt en veldig dum tabbe, skriver moren.\u00a0<\/p>\n<p class=\"font-weight-bold m-font-weight-bold\" data-lab-font_weight=\"font-weight-bold\">Samler inn penger<\/p>\n<p>Uttalelsen er delt i forbindelse med innsamlingsaksjonen McKenna har startet for datteren. Her ber hun om penger for \u00e5 f\u00e5 familien til fengselet der Mia soner i Dubai, samt til advokathjelp i forbindelse med dommen.\u00a0<\/p>\n<p>          <img loading=\"lazy\" decoding=\"async\" src=\"https:\/\/www.europesays.com\/no\/wp-content\/uploads\/2025\/09\/83569488.webp\" width=\"980\" height=\"559\" title=\"\u00abJeg passer p\u00e5 deg, jenta mi. Mor og datter\u00bb. Foto: Danielle McKennas Facebook-profil.\" alt=\"\" class=\"\" style=\"--aspect-ratio-image: 1.75; \"\/><\/p>\n<p>\n          \u00abJeg passer p\u00e5 deg, jenta mi. Mor og datter\u00bb. Foto: Danielle McKennas Facebook-profil.\n      <\/p>\n<p>46-\u00e5ringen legger til at datteren aldri har gjort noe galt i hele sitt liv, men at hun uheldigvis havnet i feil gjeng.<\/p>\n<p>&#8211; Mia skulle egentlig til Dubai for \u00e5 studere juss, men har rotet seg borti noen s\u00e5-kalte venner.<\/p>\n<p>&#8211; Som mor er jeg fullstendig knust. Jeg har ikke sett datteren min siden forrige oktober.\u00a0<\/p>\n<p class=\"font-weight-bold m-font-weight-bold\" data-lab-font_weight=\"font-weight-bold\">Har tidligere advart<\/p>\n<p>Det er ikke bekreftet at det faktisk er besittelse av kokain Mia er d\u00f8mt for, men if\u00f8lge den britiske avisen <a href=\"https:\/\/www.mirror.co.uk\/news\/uk-news\/inside-mia-obriens-living-hell-35861185\" rel=\"nofollow noopener\" target=\"_blank\">Mirror <\/a>skal hun ha besittet 50 gram. Slik type kriminalitet straffes ofte med livstid i fengsel i Emiratene.<\/p>\n<p>Det britiske utenriksdirektoratet har tidligere advart britiske borgere om den strenge narkotikalovgivningen som f\u00f8res her:<\/p>\n<p>          <img loading=\"lazy\" decoding=\"async\" src=\"https:\/\/www.europesays.com\/no\/wp-content\/uploads\/2025\/09\/83569530.webp\" width=\"686\" height=\"392\" title=\"Moren til Mia h\u00e5per innsamlingsaksjonen kan hjelpe dem med \u00e5 komme seg til datteren. Foto: Danielle McKennas Facebook-profil.\" alt=\"\" class=\"\" style=\"--aspect-ratio-image: 1.75; \"\/><\/p>\n<p>\n          Moren til Mia h\u00e5per innsamlingsaksjonen kan hjelpe dem med \u00e5 komme seg til datteren. Foto: Danielle McKennas Facebook-profil.\n      <\/p>\n<p>\u00abStraffen for \u00e5 smugle, oppbevare og \u00e5 forbruke illegal narkotika er alvorlig. Forbrytelser som narkotikasmugling kan medf\u00f8re d\u00f8dsstraff.\u00bb<\/p>\n<p>Moren til Mia kom fredag med en instendig b\u00f8nn om \u00e5 hjelpe datteren hennes:<\/p>\n<p>&#8211; Alt jeg ber om er at du donerer hva du m\u00e5tte ha \u00e5 avse. Om det s\u00e5 bare er ett pund, vil det v\u00e6re til enormt stor hjelp og jeg vil v\u00e6re deg evig takknemlig.<\/p>\n","protected":false},"excerpt":{"rendered":"N\u00e5 kommer moren med en innstendig b\u00f8nn. &#8211; Ingen av oss har sett Mia siden oktober i fjor,&hellip;\n","protected":false},"author":2,"featured_media":33279,"comment_status":"","ping_status":"","sticky":false,"template":"","format":"standard","meta":{"footnotes":""},"categories":[12],"tags":[20,21,3405,24,25,15,148,22,23,13,30,28,29,14,16,26,27,412,42,43,44,45],"class_list":{"0":"post-33278","1":"post","2":"type-post","3":"status-publish","4":"format-standard","5":"has-post-thumbnail","7":"category-verden","8":"tag-breaking-news","9":"tag-breakingnews","10":"tag-dubai","11":"tag-featured-news","12":"tag-featurednews","13":"tag-headlines","14":"tag-kriminalitet","15":"tag-latest-news","16":"tag-latestnews","17":"tag-news","18":"tag-no","19":"tag-norge","20":"tag-norway","21":"tag-nyheter","22":"tag-overskrifter","23":"tag-top-stories","24":"tag-topstories","25":"tag-utenriks","26":"tag-verden","27":"tag-world","28":"tag-world-news","29":"tag-worldnews"},"share_on_mastodon":{"url":"","error":""},"_links":{"self":[{"href":"https:\/\/www.europesays.com\/no\/wp-json\/wp\/v2\/posts\/33278","targetHints":{"allow":["GET"]}}],"collection":[{"href":"https:\/\/www.europesays.com\/no\/wp-json\/wp\/v2\/posts"}],"about":[{"href":"https:\/\/www.europesays.com\/no\/wp-json\/wp\/v2\/types\/post"}],"author":[{"embeddable":true,"href":"https:\/\/www.europesays.com\/no\/wp-json\/wp\/v2\/users\/2"}],"replies":[{"embeddable":true,"href":"https:\/\/www.europesays.com\/no\/wp-json\/wp\/v2\/comments?post=33278"}],"version-history":[{"count":0,"href":"https:\/\/www.europesays.com\/no\/wp-json\/wp\/v2\/posts\/33278\/revisions"}],"wp:featuredmedia":[{"embeddable":true,"href":"https:\/\/www.europesays.com\/no\/wp-json\/wp\/v2\/media\/33279"}],"wp:attachment":[{"href":"https:\/\/www.europesays.com\/no\/wp-json\/wp\/v2\/media?parent=33278"}],"wp:term":[{"taxonomy":"category","embeddable":true,"href":"https:\/\/www.europesays.com\/no\/wp-json\/wp\/v2\/categories?post=33278"},{"taxonomy":"post_tag","embeddable":true,"href":"https:\/\/www.europesays.com\/no\/wp-json\/wp\/v2\/tags?post=33278"}],"curies":[{"name":"wp","href":"https:\/\/api.w.org\/{rel}","templated":true}]}}