{"id":332901,"date":"2026-08-24T19:43:13","date_gmt":"2026-08-24T19:43:13","guid":{"rendered":"https:\/\/www.europesays.com\/no\/332901\/"},"modified":"2026-08-24T19:43:13","modified_gmt":"2026-08-24T19:43:13","slug":"folk-i-rusmiljoet-taler-ikke-doden-bedre-enn-andre","status":"publish","type":"post","link":"https:\/\/www.europesays.com\/no\/332901\/","title":{"rendered":"Folk i rusmilj\u00f8et t\u00e5ler ikke d\u00f8den bedre enn andre"},"content":{"rendered":"\n<p>Ingvill Hus\u00f8 Johansen  Administrativ r\u00e5dgiver Huset Trondheim<\/p>\n<p>Terje Olden  Leder i Foreningen for Human Ruspolitikk Midt-Norge<\/p>\n<p>Anna Elise Opheim  Leder, Mental helse<\/p>\n<p>Nina Josteinsdatter Vesterdal  Regionleder A-larm Tr\u00f8ndelag<\/p>\n<p class=\"lead\">Sorgen over \u00e5 miste noen blir ikke mindre selv om man opplever det ofte.<\/p>\n<p>Publisert:<br \/>\n  24. august 2026 kl. 19:41<br \/>\n  Oppdatert:<br \/>\n  24. august 2026 kl. 19:41\n <\/p>\n<p>Dette er et debattinnlegg. Det gir uttrykk for debattantens egen holdning.<\/p>\n<p><img decoding=\"async\" src=\"data:image\/gif;base64,R0lGODlhEAAJAIAAAP\/\/\/wAAACH5BAEAAAAALAAAAAAQAAkAAAIKhI+py+0Po5yUFQA7\" alt=\"\"\/><br \/>\n  Ingvill Hus\u00f8 Johansen, administrativ r\u00e5dgiver Huset Trondheim.<br \/>\n  <strong>Foto:<\/strong> Privat<\/p>\n<p><strong>I Tr\u00f8ndelag d\u00f8de<\/strong> 32 mennesker av overdose av illegale rusmidler i 2025. Bak hvert tall i statistikken finnes et menneske som betydde noe for noen.<\/p>\n<p>31. august markeres verdens overdosedag. Selv den f\u00f8rst og fremst handler om overdoser knyttet til illegale rusmidler, \u00f8nsker vi ogs\u00e5 \u00e5 minne om at alkoholrelaterte d\u00f8dsfall. Her finner vi langt h\u00f8yere tall, og ogs\u00e5 disse d\u00f8dsfallene etterlater seg de samme tomrommene, den samme sorgen og de samme ubesvarte sp\u00f8rsm\u00e5lene hos dem som st\u00e5r igjen.<\/p>\n<p><img decoding=\"async\" src=\"data:image\/gif;base64,R0lGODlhEAAJAIAAAP\/\/\/wAAACH5BAEAAAAALAAAAAAQAAkAAAIKhI+py+0Po5yUFQA7\" alt=\"\"\/><br \/>\n  Terje Olden, leder Foreningen human ruspolitikk Midt-Norge.<\/p>\n<p><strong>N\u00e5r vi snakker om etterlatte<\/strong>, tenker vi gjerne p\u00e5 foreldre, barn, s\u00f8sken og partnere. Men det finnes en gruppe som sjelden blir nevnt n\u00e5r sorg og oppf\u00f8lging diskuteres. Menneskene som selv lever med rusutfordringer.<\/p>\n<p>For mange i rusmilj\u00f8et er vennene deres familie. De deler hverdagen, h\u00e5pet, tilbakefallene og kampene. De f\u00f8lger hverandre gjennom behandling, kriser og fors\u00f8k p\u00e5 \u00e5 skape et bedre liv. N\u00e5r en av dem d\u00f8r, mister de ikke bare en bekjent. De mister et menneske som har st\u00e5tt dem n\u00e6r. Mange opplever ikke bare ett slikt tap. De opplever det gang p\u00e5 gang.<\/p>\n<p><a href=\"https:\/\/www.adressa.no\/debatt\/i\/JO74zX\/se-personen-bak-rusen\" rel=\"nofollow noopener\" target=\"_blank\"> <img decoding=\"async\" src=\"data:image\/gif;base64,R0lGODlhEAAJAIAAAP\/\/\/wAAACH5BAEAAAAALAAAAAAQAAkAAAIKhI+py+0Po5yUFQA7\" alt=\"\"\/>   Se personen bak rusen  <\/a> <\/p>\n<p><strong>Likevel virker det <\/strong>ofte som om samfunnet forventer at mennesker i rusmilj\u00f8et skal t\u00e5le d\u00f8den bedre enn andre. Som om de er vant til den, som om sorgen blir mindre fordi den rammer ofte?<\/p>\n<p>Vi vet at sorg kan v\u00e6re en tung belastning for mennesker som allerede lever med psykiske helseutfordringer eller rusavhengighet. For noen kan tapet bidra til at de s\u00f8ker hjelp for egne rusutfordringer. For andre kan sorgen f\u00f8re til \u00f8kt rusbruk, tilbakefall eller mer risikofylt bruk av rusmidler. N\u00e5r et menneske d\u00f8r, kan derfor konsekvensene ramme langt flere enn den ene personen vi mister.<\/p>\n<p><img decoding=\"async\" src=\"data:image\/gif;base64,R0lGODlhEAAJAIAAAP\/\/\/wAAACH5BAEAAAAALAAAAAAQAAkAAAIKhI+py+0Po5yUFQA7\" alt=\"\"\/><br \/>\n  Anna Elise Opheim, leder Mental helse.<br \/>\n  <strong>Foto:<\/strong> Privat<\/p>\n<p><strong>Hvordan h\u00e5ndterer fellesskapet <\/strong>disse d\u00f8dsfallene? Blir kriseteamet i kommunen koblet p\u00e5 som ved andre br\u00e5 d\u00f8dsfall? Tar fastlege eller behandlere kontakt for \u00e5 h\u00f8re hvordan det g\u00e5r? V\u00e5re erfaringer tilsier at dette er unntaket og ikke regelen.<\/p>\n<p>S\u00e5 hvem f\u00f8lger opp vennene som st\u00e5r igjen etter et rusrelatert d\u00f8dsfall? Hvem sp\u00f8r hvordan de har det n\u00e5r begravelsen er over? Hvem hjelper dem med \u00e5 h\u00e5ndtere sorg, skyldf\u00f8lelse og frykten for \u00e5 miste enda flere? For mange er svaret dessverre ingen.<\/p>\n<p><a href=\"https:\/\/www.adressa.no\/debatt\/i\/JOLdLj\/vi-sparer-til-fremtiden-samtidig-som-vi-bygger-den-ned\" rel=\"nofollow noopener\" target=\"_blank\"> <img decoding=\"async\" src=\"data:image\/gif;base64,R0lGODlhEAAJAIAAAP\/\/\/wAAACH5BAEAAAAALAAAAAAQAAkAAAIKhI+py+0Po5yUFQA7\" alt=\"\"\/>   Vi sparer til fremtiden samtidig som vi bygger den ned  <\/a> <\/p>\n<p><strong>Tilbudet om hjelp <\/strong>etter rusrelaterte d\u00f8dsfall er fortsatt tilfeldig. Noen blir sett og fanget opp. Andre blir st\u00e5ende alene med sorgen. Det er alvorlig, ikke bare fordi ingen skal m\u00e5tte b\u00e6re slike tap alene, men fordi vi vet at mangel p\u00e5 st\u00f8tte kan f\u00e5 store konsekvenser for b\u00e5de psykisk helse og egen rusmestring.<\/p>\n<p><img decoding=\"async\" src=\"data:image\/gif;base64,R0lGODlhEAAJAIAAAP\/\/\/wAAACH5BAEAAAAALAAAAAAQAAkAAAIKhI+py+0Po5yUFQA7\" alt=\"\"\/><br \/>\n  Nina Josteinsdatter Vesterdal, regionleder A-larm Tr\u00f8ndelag.<br \/>\n  <strong>Foto:<\/strong> Privat<\/p>\n<p>Verdighet handler ikke bare om hvordan vi m\u00f8ter mennesker mens de lever. Det handler ogs\u00e5 om hvordan vi m\u00f8ter dem som blir igjen. P\u00e5 Verdens overdosedag \u00f8nsker vi derfor \u00e5 minne om de glemte etterlatte, vennene, nettverkene og fellesskapene som ofte mister noen av sine egne, men sjelden blir spurt hvordan de har det.<\/p>\n<p>\u00abSammen om verdighet\u00bb, m\u00e5 gjelde alle, ogs\u00e5 dem som s\u00f8rger i skyggen av stigma, fordommer og taushet. Som en av gjestene p\u00e5 Huset Trondheim s\u00e5 enkelt sa: \u00abVi \u00f8nsker oss et varmere samfunn\u00bb.<\/p>\n<p><strong>Hva mener du? Send inn din tekst til<\/strong>\u00a0<a href=\"https:\/\/www.adressa.no\/debatt\/i\/9pGVVW\/mailto:debatt@adresseavisen.no\" rel=\"noopener nofollow\" target=\"_blank\"><strong>debatt@adresseavisen.no<\/strong><\/a>\u00a0<strong>eller delta i debatten i kommentarfeltet nederst \u2013 og husk fullt navn!<\/strong><\/p>\n","protected":false},"excerpt":{"rendered":"Ingvill Hus\u00f8 Johansen Administrativ r\u00e5dgiver Huset Trondheim Terje Olden Leder i Foreningen for Human Ruspolitikk Midt-Norge Anna Elise&hellip;\n","protected":false},"author":2,"featured_media":332902,"comment_status":"","ping_status":"","sticky":false,"template":"","format":"standard","meta":{"footnotes":"","_share_on_mastodon":"0"},"categories":[10],"tags":[20,21,37,10102,576,24,25,15,22,23,13,30,28,29,14,16,5416,15740,6178,26,27,3676],"class_list":["post-332901","post","type-post","status-publish","format-standard","has-post-thumbnail","category-norge","tag-breaking-news","tag-breakingnews","tag-debatt","tag-doden","tag-dodsfall","tag-featured-news","tag-featurednews","tag-headlines","tag-latest-news","tag-latestnews","tag-news","tag-no","tag-norge","tag-norway","tag-nyheter","tag-overskrifter","tag-rusavhengighet","tag-rusmiljoet","tag-sorg","tag-top-stories","tag-topstories","tag-verdens-overdosedag"],"share_on_mastodon":{"url":"https:\/\/pubeurope.com\/@no\/117152199925275319","error":""},"_links":{"self":[{"href":"https:\/\/www.europesays.com\/no\/wp-json\/wp\/v2\/posts\/332901","targetHints":{"allow":["GET"]}}],"collection":[{"href":"https:\/\/www.europesays.com\/no\/wp-json\/wp\/v2\/posts"}],"about":[{"href":"https:\/\/www.europesays.com\/no\/wp-json\/wp\/v2\/types\/post"}],"author":[{"embeddable":true,"href":"https:\/\/www.europesays.com\/no\/wp-json\/wp\/v2\/users\/2"}],"replies":[{"embeddable":true,"href":"https:\/\/www.europesays.com\/no\/wp-json\/wp\/v2\/comments?post=332901"}],"version-history":[{"count":0,"href":"https:\/\/www.europesays.com\/no\/wp-json\/wp\/v2\/posts\/332901\/revisions"}],"wp:featuredmedia":[{"embeddable":true,"href":"https:\/\/www.europesays.com\/no\/wp-json\/wp\/v2\/media\/332902"}],"wp:attachment":[{"href":"https:\/\/www.europesays.com\/no\/wp-json\/wp\/v2\/media?parent=332901"}],"wp:term":[{"taxonomy":"category","embeddable":true,"href":"https:\/\/www.europesays.com\/no\/wp-json\/wp\/v2\/categories?post=332901"},{"taxonomy":"post_tag","embeddable":true,"href":"https:\/\/www.europesays.com\/no\/wp-json\/wp\/v2\/tags?post=332901"}],"curies":[{"name":"wp","href":"https:\/\/api.w.org\/{rel}","templated":true}]}}