{"id":332951,"date":"2026-08-24T20:52:20","date_gmt":"2026-08-24T20:52:20","guid":{"rendered":"https:\/\/www.europesays.com\/no\/332951\/"},"modified":"2026-08-24T20:52:20","modified_gmt":"2026-08-24T20:52:20","slug":"ulykker-og-hendelser-hamar-mann-dod-etter-brann-pa-hamar","status":"publish","type":"post","link":"https:\/\/www.europesays.com\/no\/332951\/","title":{"rendered":"Ulykker og hendelser, Hamar | Mann d\u00f8d etter brann p\u00e5 Hamar"},"content":{"rendered":"\n<p>Politiet meldte klokken 02.15 natt til mandag om brann i en garasje i Hamar.<\/p>\n<p>Klokken 06.55 mandag morgen opplyser operasjonsleder P\u00e5l Gjestvang at en person omkom i brannen.<\/p>\n<p>\u2013 En person ble hentet ut av en leilighet i garasjen av r\u00f8kdykkere. Livreddende f\u00f8rstehjelp ble iverksatt, skriver han i politiloggen og fortsetter:<\/p>\n<p>\u2013 Personen ble dessverre erkl\u00e6rt d\u00f8d p\u00e5 stedet.\u00a0<\/p>\n<p>P\u00e5r\u00f8rende er varslet. Den omkomne er en mann i 20-\u00e5rene.<\/p>\n<p>Brann\u00e5rsaken er forel\u00f8pig ukjent. Politiet vil gjennomf\u00f8re unders\u00f8kelser av brannstedet p\u00e5 adressen \u00f8st i byen, for \u00e5 fors\u00f8ke \u00e5 f\u00e5 klarhet i hvorfor det begynte \u00e5 brenne.<\/p>\n<p>If\u00f8lge <a href=\"https:\/\/www.h-a.no\/en-person-dod-etter-brann-i-hamar\/s\/5-139-2079530\" rel=\"Follow nofollow noopener\" target=\"_blank\">Hamar Arbeiderblad<\/a> var det en forbipasserende som varslet om brannen, natt til mandag.\u00a0<\/p>\n<p>\u2013 Vi har avh\u00f8rt flere vi mener kan belyse det som har skjedd. N\u00e5 gjenst\u00e5r det kriminaltekniske unders\u00f8kelser som vi h\u00e5per \u00e5 f\u00e5 gjennomf\u00f8rt s\u00e5 fort som mulig, sier operasjonsleder Gjestvang til avisen.\u00a0<\/p>\n","protected":false},"excerpt":{"rendered":"Politiet meldte klokken 02.15 natt til mandag om brann i en garasje i Hamar. Klokken 06.55 mandag morgen&hellip;\n","protected":false},"author":2,"featured_media":332952,"comment_status":"","ping_status":"","sticky":false,"template":"","format":"standard","meta":{"footnotes":"","_share_on_mastodon":"0"},"categories":[10],"tags":[36,20,21,24,25,1552,15,22,23,13,30,28,29,14,16,1510,26,27,941],"class_list":["post-332951","post","type-post","status-publish","format-standard","has-post-thumbnail","category-norge","tag-art","tag-breaking-news","tag-breakingnews","tag-featured-news","tag-featurednews","tag-hamar","tag-headlines","tag-latest-news","tag-latestnews","tag-news","tag-no","tag-norge","tag-norway","tag-nyheter","tag-overskrifter","tag-story","tag-top-stories","tag-topstories","tag-ulykker-og-hendelser"],"share_on_mastodon":{"url":"https:\/\/pubeurope.com\/@no\/117152472242642774","error":""},"_links":{"self":[{"href":"https:\/\/www.europesays.com\/no\/wp-json\/wp\/v2\/posts\/332951","targetHints":{"allow":["GET"]}}],"collection":[{"href":"https:\/\/www.europesays.com\/no\/wp-json\/wp\/v2\/posts"}],"about":[{"href":"https:\/\/www.europesays.com\/no\/wp-json\/wp\/v2\/types\/post"}],"author":[{"embeddable":true,"href":"https:\/\/www.europesays.com\/no\/wp-json\/wp\/v2\/users\/2"}],"replies":[{"embeddable":true,"href":"https:\/\/www.europesays.com\/no\/wp-json\/wp\/v2\/comments?post=332951"}],"version-history":[{"count":0,"href":"https:\/\/www.europesays.com\/no\/wp-json\/wp\/v2\/posts\/332951\/revisions"}],"wp:featuredmedia":[{"embeddable":true,"href":"https:\/\/www.europesays.com\/no\/wp-json\/wp\/v2\/media\/332952"}],"wp:attachment":[{"href":"https:\/\/www.europesays.com\/no\/wp-json\/wp\/v2\/media?parent=332951"}],"wp:term":[{"taxonomy":"category","embeddable":true,"href":"https:\/\/www.europesays.com\/no\/wp-json\/wp\/v2\/categories?post=332951"},{"taxonomy":"post_tag","embeddable":true,"href":"https:\/\/www.europesays.com\/no\/wp-json\/wp\/v2\/tags?post=332951"}],"curies":[{"name":"wp","href":"https:\/\/api.w.org\/{rel}","templated":true}]}}