{"id":333005,"date":"2026-08-24T21:41:33","date_gmt":"2026-08-24T21:41:33","guid":{"rendered":"https:\/\/www.europesays.com\/no\/333005\/"},"modified":"2026-08-24T21:41:33","modified_gmt":"2026-08-24T21:41:33","slug":"shelley-fabares-er-dod-coach-stjernen-ble-82-ar","status":"publish","type":"post","link":"https:\/\/www.europesays.com\/no\/333005\/","title":{"rendered":"Shelley Fabares er d\u00f8d &#8211; \u00abCoach\u00bb-stjernen ble 82 \u00e5r"},"content":{"rendered":"<p class=\"kicker text-red color_mobile_text-red hasTextColor hasTextColorMobile\" style=\"\">Shelley Fabares:\u00a0<\/p>\n<p class=\"subtitle \" style=\"\">Skuespilleren Shelley Fabares, som har spilt mot Elvis Presley i en rekke filmer, er d\u00f8d.<\/p>\n<p>\n    D\u00d8D: Shelley Faberes spilte mot Elvis Presley i en rekke filmer. N\u00e5 er hun d\u00f8d. Foto: Snap\/REX \/ NTB\n  <\/p>\n<p>Shelley Fabares d\u00f8de l\u00f8rdag 22. august i Los Angeles, omgitt av sine n\u00e6rmeste. Hun ble 82 \u00e5r gammel.\u00a0<\/p>\n<p>Det bekrefter ektemannen Mike Farrell i en uttalelse til <a href=\"https:\/\/people.com\/shelley-fabares-dead-actress-donna-reed-show-coach-8682907\" rel=\"nofollow noopener\" target=\"_blank\">People Magazine<\/a>.<\/p>\n<p>    <a itemprop=\"url\" href=\"https:\/\/sol.no\/nyheter\/kaveh-rashidi-slutter-som-fastlege\/85043833\" rel=\"nofollow noopener\" target=\"_blank\"><\/p>\n<p>        <img loading=\"lazy\" decoding=\"async\" src=\"https:\/\/www.europesays.com\/no\/wp-content\/uploads\/2026\/08\/85043838.webp\" width=\"180\" height=\"81\" alt=\"\" class=\"lazyload\" style=\"--aspect-ratio-image: 2.22; \"\/><\/p>\n<p>        Kaveh Rashidi slutter som fastlege<\/p>\n<p>sol.no<\/p>\n<p>    <\/a><\/p>\n<p>Lang filmkarriere\t<\/p>\n<p>Fabares fikk sitt store gjennombrudd som Mary Stone i \u00abThe Donna Reed Show\u00bb, der hun spilte datteren i familien. Rollen gjorde henne til et kjent TV-fjes i USA, og serien ble ogs\u00e5 starten p\u00e5 en kort musikkarriere.<\/p>\n<p>I 1962 toppet hun Billboard Hot 100 med l\u00e5ten \u00abJohnny Angel\u00bb. Hun ga ogs\u00e5 ut fire album.<\/p>\n<p>        <img loading=\"lazy\" decoding=\"async\" src=\"https:\/\/www.europesays.com\/no\/wp-content\/uploads\/2026\/08\/85053363.webp\" width=\"667\" height=\"381\" alt=\"\" class=\"\" style=\"--aspect-ratio-image: 1.75; \"\/><\/p>\n<p>\n        Bill Bixby, Will Hutchins, Shelley Fabares og Elvis Presley. Foot: Snap Stills\/REX \/ NTB\n    <\/p>\n<p>Senere ble hun kjent for rollen som Christine Armstrong i sitcomserien \u00abCoach\u00bb, der hun spilte mot Craig T. Nelson. For rollen fikk hun to Emmy-nominasjoner.<\/p>\n<p>    <a itemprop=\"url\" href=\"https:\/\/sol.no\/nyheter\/ida-fladen-ferdig-i-spartsklubben\/85036253\" rel=\"nofollow noopener\" target=\"_blank\"><\/p>\n<p>        <img loading=\"lazy\" decoding=\"async\" src=\"https:\/\/www.europesays.com\/no\/wp-content\/uploads\/2026\/08\/85036260.webp\" width=\"180\" height=\"81\" alt=\"\" class=\"lazyload\" style=\"--aspect-ratio-image: 2.22; \"\/><\/p>\n<p>        Ida Fladen ferdig i Sp\u00e5rtsklubben<\/p>\n<p>sol.no<\/p>\n<p>    <\/a><\/p>\n<p>Fabares spilte ogs\u00e5 i tre filmer med Elvis Presley: \u00abGirl Happy\u00bb fra 1965, \u00abSpinout\u00bb fra 1966 og \u00abClambake\u00bb fra 1967. I tillegg medvirket hun i blant annet \u00abBrian\u2019s Song\u00bb, \u00abThe Practice\u00bb, \u00abOne Day at a Time\u00bb, \u00abThe Love Boat\u00bb og \u00abMurder, She Wrote\u00bb.<\/p>\n<p>        <img loading=\"lazy\" decoding=\"async\" src=\"https:\/\/www.europesays.com\/no\/wp-content\/uploads\/2026\/08\/85053385.webp\" width=\"667\" height=\"441\" alt=\"\" class=\"\" style=\"--aspect-ratio-image: 1.51; \"\/><\/p>\n<p>\n        Shelley Fabares og Elvis Presley i filmopptak i 1966. Foto: Snap\/REX \/ NTB\n    <\/p>\n<p>&#8211; S\u00f8nderknuste\t<\/p>\n<p>Familien beskriver henne som en kilde til kj\u00e6rlighet, styrke, latter og tr\u00f8st.<\/p>\n<p>\u2013 For millioner var Shelley en elsket skuespiller, sier familien i uttalelsen.<\/p>\n<p>&#8211; Men for dem som sto henne n\u00e6rmest, var hennes st\u00f8rste arv personlig: kj\u00e6rligheten hun ga s\u00e5 fritt, vennskapene hun verdsatte, og familieb\u00e5ndene hun holdt kj\u00e6re, sier familien.<\/p>\n<p>        <img loading=\"lazy\" decoding=\"async\" src=\"https:\/\/www.europesays.com\/no\/wp-content\/uploads\/2026\/08\/85053373.webp\" width=\"667\" height=\"621\" alt=\"\" class=\"\" style=\"--aspect-ratio-image: 1.07; \"\/><\/p>\n<p>\n        Shelley Fabares og ektemannen Mike Farrell. Foto:Alex Berliner\/BEI\/REX \/ NTB\n    <\/p>\n<p>De skriver ogs\u00e5 at de vil huske henne for \u00abhennes vennlighet, lojalitet, kvikkhet, mot og vakre \u00e5nd\u00bb.<\/p>\n<p>&#8211; Vi er s\u00f8nderknuste etter d\u00f8dsfallet, men enormt takknemlige for \u00e5rene vi hadde med henne, og for gleden, omsorgen og kj\u00e6rligheten hun ga til s\u00e5 mange.<\/p>\n<p>    <a itemprop=\"url\" href=\"https:\/\/sol.no\/nyheter\/et-dypt-sjokk-og-en-enorm-sorg\/85028572\" rel=\"nofollow noopener\" target=\"_blank\"><\/p>\n<p>        <img loading=\"lazy\" decoding=\"async\" src=\"https:\/\/www.europesays.com\/no\/wp-content\/uploads\/2026\/08\/85028593.webp\" width=\"180\" height=\"81\" alt=\"\" class=\"lazyload\" style=\"--aspect-ratio-image: 2.22; \"\/><\/p>\n<p>        &#8211; Et dypt sjokk og en enorm sorg<\/p>\n<p>sol.no<\/p>\n<p>    <\/a><\/p>\n<p>Alzheimer-forskning\t<\/p>\n<p>Fabares ble f\u00f8dt i Santa Monica i California i 1944. Hun startet som barnemodell allerede som tre\u00e5ring, og fikk sin TV-debut som ti\u00e5ring i 1954.<\/p>\n<p>Hun giftet seg med musikkprodusenten Lou Adler i 1964. De gikk fra hverandre to \u00e5r senere. I 1984 giftet hun seg med Mike Farrell.<\/p>\n<p>        <img loading=\"lazy\" decoding=\"async\" src=\"https:\/\/www.europesays.com\/no\/wp-content\/uploads\/2026\/08\/85053403.webp\" width=\"667\" height=\"494\" alt=\"\" class=\"\" style=\"--aspect-ratio-image: 1.35; \"\/><\/p>\n<p>\n        Foto: Matt Baron\/REX \/ NTB\n    <\/p>\n<p>Etter personlige erfaringer med Alzheimers sykdom engasjerte Fabares seg i innsamling til Alzheimer-forskning. Moren hennes d\u00f8de av sykdommen i 1992.<\/p>\n<p>I 2000 gjennomgikk hun en levertransplantasjon etter \u00e5 ha blitt diagnostisert med autoimmun hepatitt.<\/p>\n<p>Shelley Fabares etterlater seg ektemannen Mike Farrell og stebarna Michael og Erin.<\/p>\n","protected":false},"excerpt":{"rendered":"Shelley Fabares:\u00a0 Skuespilleren Shelley Fabares, som har spilt mot Elvis Presley i en rekke filmer, er d\u00f8d. D\u00d8D:&hellip;\n","protected":false},"author":2,"featured_media":333006,"comment_status":"","ping_status":"","sticky":false,"template":"","format":"standard","meta":{"footnotes":"","_share_on_mastodon":"0"},"categories":[58],"tags":[576,7061,71,479,30,28,29,14,25948,72],"class_list":["post-333005","post","type-post","status-publish","format-standard","has-post-thumbnail","category-underholdning","tag-dodsfall","tag-elvis-presley","tag-entertainment","tag-kjendis","tag-no","tag-norge","tag-norway","tag-nyheter","tag-shelley-fabares","tag-underholdning"],"share_on_mastodon":{"url":"https:\/\/pubeurope.com\/@no\/117152663893124677","error":""},"_links":{"self":[{"href":"https:\/\/www.europesays.com\/no\/wp-json\/wp\/v2\/posts\/333005","targetHints":{"allow":["GET"]}}],"collection":[{"href":"https:\/\/www.europesays.com\/no\/wp-json\/wp\/v2\/posts"}],"about":[{"href":"https:\/\/www.europesays.com\/no\/wp-json\/wp\/v2\/types\/post"}],"author":[{"embeddable":true,"href":"https:\/\/www.europesays.com\/no\/wp-json\/wp\/v2\/users\/2"}],"replies":[{"embeddable":true,"href":"https:\/\/www.europesays.com\/no\/wp-json\/wp\/v2\/comments?post=333005"}],"version-history":[{"count":0,"href":"https:\/\/www.europesays.com\/no\/wp-json\/wp\/v2\/posts\/333005\/revisions"}],"wp:featuredmedia":[{"embeddable":true,"href":"https:\/\/www.europesays.com\/no\/wp-json\/wp\/v2\/media\/333006"}],"wp:attachment":[{"href":"https:\/\/www.europesays.com\/no\/wp-json\/wp\/v2\/media?parent=333005"}],"wp:term":[{"taxonomy":"category","embeddable":true,"href":"https:\/\/www.europesays.com\/no\/wp-json\/wp\/v2\/categories?post=333005"},{"taxonomy":"post_tag","embeddable":true,"href":"https:\/\/www.europesays.com\/no\/wp-json\/wp\/v2\/tags?post=333005"}],"curies":[{"name":"wp","href":"https:\/\/api.w.org\/{rel}","templated":true}]}}