{"id":33321,"date":"2025-09-12T08:43:16","date_gmt":"2025-09-12T08:43:16","guid":{"rendered":"https:\/\/www.europesays.com\/no\/33321\/"},"modified":"2025-09-12T08:43:16","modified_gmt":"2025-09-12T08:43:16","slug":"nyheter-moi-sorlandsbanen-apen-for-trafikk-igjen","status":"publish","type":"post","link":"https:\/\/www.europesays.com\/no\/33321\/","title":{"rendered":"Nyheter, Moi | S\u00f8rlandsbanen \u00e5pen for trafikk igjen"},"content":{"rendered":"\n<p>Det var onsdag at S\u00f8rlandsbanen ble stengt etter at massene under 12 til 15 meter av jernbanelinjen raste ut. \u00c5pningen natt til fredag er som planlagt, melder NTB.<\/p>\n<p>Beredskapsniv\u00e5et p\u00e5 S\u00f8rlandsbanen var hevet til gult da det gikk et ras onsdag ettermiddag p\u00e5 togstrekningen mellom Moi og Egersund. Deler av skinnegangen hang i l\u00f8se luften. Store nedb\u00f8rsmengder gravde ut grunnen under skinnegangen. <\/p>\n<p>\u2013 Det er en formidabel jobb som er gjort i l\u00f8pet av ett d\u00f8gn, sa pressevakt Harry Korslund i Bane Nor til Stavanger Aftenblad torsdag kveld.<\/p>\n<p>\u2013 Det er egentlig ikke snakk om et ras, men en utglidning. Stikkrenna som skal s\u00f8rge for at vannet ledes trygt og kontrollert forbi og gjennom v\u00e5re konstruksjoner, ble blokkert. Dermed bygget det seg fryktelig raskt opp mye vann p\u00e5 oppsiden av jernbanelinjen. Etter hvert presset vannet seg gjennom underbygningen under sporet og resulterte i det store krateret, sa Korslund videre.<\/p>\n<p>Ved 2-tiden natt til fredag kom Bane Nor med en oppdatering, skriver NTB<\/p>\n<p>\u2013 Feilen mellom Moi og Egersund er rettet. Du m\u00e5 fortsatt regne med forsinkelser og innstillinger, heter det.<\/p>\n<p>Strekningen gjennom Drangsdalen er rasutsatt, og togene kj\u00f8rer derfor med lav hastighet gjennom dalf\u00f8ret. I fjor ble det startet rassikringsarbeid i omr\u00e5det, skriver Aftenbladet.<\/p>\n<p>Les mer om: artikkelemnene<\/p>\n","protected":false},"excerpt":{"rendered":"Det var onsdag at S\u00f8rlandsbanen ble stengt etter at massene under 12 til 15 meter av jernbanelinjen raste&hellip;\n","protected":false},"author":2,"featured_media":7879,"comment_status":"","ping_status":"","sticky":false,"template":"","format":"standard","meta":{"footnotes":""},"categories":[10],"tags":[36,20,21,24,25,15,4169,22,23,1084,5333,13,30,28,29,14,16,1510,26,27],"class_list":{"0":"post-33321","1":"post","2":"type-post","3":"status-publish","4":"format-standard","5":"has-post-thumbnail","7":"category-norge","8":"tag-art","9":"tag-breaking-news","10":"tag-breakingnews","11":"tag-featured-news","12":"tag-featurednews","13":"tag-headlines","14":"tag-jernbanen","15":"tag-latest-news","16":"tag-latestnews","17":"tag-lund","18":"tag-moi","19":"tag-news","20":"tag-no","21":"tag-norge","22":"tag-norway","23":"tag-nyheter","24":"tag-overskrifter","25":"tag-story","26":"tag-top-stories","27":"tag-topstories"},"share_on_mastodon":{"url":"","error":""},"_links":{"self":[{"href":"https:\/\/www.europesays.com\/no\/wp-json\/wp\/v2\/posts\/33321","targetHints":{"allow":["GET"]}}],"collection":[{"href":"https:\/\/www.europesays.com\/no\/wp-json\/wp\/v2\/posts"}],"about":[{"href":"https:\/\/www.europesays.com\/no\/wp-json\/wp\/v2\/types\/post"}],"author":[{"embeddable":true,"href":"https:\/\/www.europesays.com\/no\/wp-json\/wp\/v2\/users\/2"}],"replies":[{"embeddable":true,"href":"https:\/\/www.europesays.com\/no\/wp-json\/wp\/v2\/comments?post=33321"}],"version-history":[{"count":0,"href":"https:\/\/www.europesays.com\/no\/wp-json\/wp\/v2\/posts\/33321\/revisions"}],"wp:featuredmedia":[{"embeddable":true,"href":"https:\/\/www.europesays.com\/no\/wp-json\/wp\/v2\/media\/7879"}],"wp:attachment":[{"href":"https:\/\/www.europesays.com\/no\/wp-json\/wp\/v2\/media?parent=33321"}],"wp:term":[{"taxonomy":"category","embeddable":true,"href":"https:\/\/www.europesays.com\/no\/wp-json\/wp\/v2\/categories?post=33321"},{"taxonomy":"post_tag","embeddable":true,"href":"https:\/\/www.europesays.com\/no\/wp-json\/wp\/v2\/tags?post=33321"}],"curies":[{"name":"wp","href":"https:\/\/api.w.org\/{rel}","templated":true}]}}